{"id":75610,"date":"2025-11-26T00:00:07","date_gmt":"2025-11-26T06:00:07","guid":{"rendered":"https:\/\/politicosaldesnudo.com.mx\/?p=75610"},"modified":"2025-11-25T23:16:54","modified_gmt":"2025-11-26T05:16:54","slug":"record-en-inversion-extranjera","status":"publish","type":"post","link":"https:\/\/politicosaldesnudo.com.mx\/index.php\/2025\/11\/26\/record-en-inversion-extranjera\/","title":{"rendered":"R\u00e9cord en inversi\u00f3n extranjera"},"content":{"rendered":"<p><span style=\"font-family: arial, helvetica, sans-serif; font-size: 18pt;\"><strong>ALMA GRANDE<\/strong><\/span><\/p>\n<p><span style=\"font-family: arial, helvetica, sans-serif; font-size: 18pt;\"><strong>Por \u00c1ngel \u00c1lvaro Pe\u00f1a<\/strong><\/span><\/p>\n<p><span style=\"font-family: arial, helvetica, sans-serif; font-size: 14pt;\">Luego de los descalabros de la derecha respecto a las mentiras sobre el premio Miss Universo y su difusi\u00f3n en los medios que nunca repararon en investigar, ahora los medios tratan de ocultar informaci\u00f3n no s\u00f3lo tergiversarla.<\/span><\/p>\n<p><span style=\"font-family: arial, helvetica, sans-serif; font-size: 14pt;\">M\u00e9xico alcanz\u00f3 un<strong>\u00a0<\/strong>nuevo r\u00e9cord de 41,000 millones de d\u00f3lares de<strong>\u00a0<\/strong>Inversi\u00f3n Extranjera Directa, al tercer trimestre de 2025.<\/span><\/p>\n<p><span style=\"font-family: arial, helvetica, sans-serif; font-size: 14pt;\">Los pron\u00f3sticos de la oposici\u00f3n aseguraban que no s\u00f3lo la inversi\u00f3n extranjera se detendr\u00eda sino que habr\u00eda fuga de capitales de los empresarios mexicanos. Pero ya es costumbre que a la derecha todo le sale al rev\u00e9s. La realidad le da una cachetada con guante blanco.<\/span><\/p>\n<p><span style=\"font-family: arial, helvetica, sans-serif; font-size: 14pt;\">Los inversionistas extranjeros no solo miden pron\u00f3sticos t\u00e9cnicos de producci\u00f3n y mano de obra sino de clima social en los lugares donde invierten y la situaci\u00f3n pol\u00edtica en M\u00e9xico es de tranquilidad, aunque la oposici\u00f3n y los medios a su servicio, digan lo contrario.<\/span><\/p>\n<p><span style=\"font-family: arial, helvetica, sans-serif; font-size: 14pt;\">La inseguridad y la inestabilidad son provocadas por la oposici\u00f3n y sus l\u00edderes, como sucede el caso de Uruapan y las marchas en la capital del pa\u00eds.<\/span><\/p>\n<p><span style=\"font-family: arial, helvetica, sans-serif; font-size: 14pt;\">Marcelo Ebrard, secretario de Econom\u00eda, subray\u00f3 que el monto implica un avance de 15% respecto a 2024, un ritmo que super\u00f3 las proyecciones m\u00e1s optimistas.<\/span><\/p>\n<p><span style=\"font-family: arial, helvetica, sans-serif; font-size: 14pt;\">La manufactura concentr\u00f3 37% de la IED, seguida por servicios financieros con 25%, y construcci\u00f3n con 5%, de acuerdo con las cifras preliminares presentadas por Ebrard.<\/span><\/p>\n<p><span style=\"font-family: arial, helvetica, sans-serif; font-size: 14pt;\">Las nuevas inversiones pasaron de 2,000 millones de d\u00f3lares a 6,500 millones, un salto que confirma que los capitales frescos ya no responden solo a reinversiones.<\/span><\/p>\n<p><span style=\"font-family: arial, helvetica, sans-serif; font-size: 14pt;\">Desde 2018 la IED acumula un crecimiento de 69%.<\/span><\/p>\n<p><span style=\"font-family: arial, helvetica, sans-serif; font-size: 14pt;\">M\u00e9xico es de los pocos pa\u00edses en el mundo donde la tranquilidad social impera, en medio de un convulsionado planeta que carece de normatividades jur\u00eddicas y honestidad.<\/span><\/p>\n<p><span style=\"font-family: arial, helvetica, sans-serif; font-size: 14pt;\">La realidad contradice a la oposici\u00f3n y da la raz\u00f3n al discurso oficial. No se trata de mentir sobre el buen rumbo del pa\u00eds, como se hiciera en el pasado, recordemos que Salinas de Gortari asegur\u00f3 que M\u00e9xico era la novena econom\u00eda del mundo, s\u00f3lo porque \u00e9l lo afirmaba.<\/span><\/p>\n<p><span style=\"font-family: arial, helvetica, sans-serif; font-size: 14pt;\">La inversi\u00f3n extranjera es la mejor prueba de que el pa\u00eds camina dentro del concierto de naciones productivas. Entre los capitalistas que llegan al pa\u00eds no hay tendencias pol\u00edticas ni partidistas, hay certeza y ante esta situaci\u00f3n invierten. Lo dem\u00e1s es politiquer\u00eda que trata de desgastar al gobierno para obtener votos, ya que son incapaces de realizar campa\u00f1as, de saludar a la gente, de convivir con el pueblo. Quieren triunfar en las urnas a partir de las cr\u00edticas al contrincante.<\/span><\/p>\n<p><span style=\"font-family: arial, helvetica, sans-serif; font-size: 14pt;\">La consolidaci\u00f3n del pa\u00eds como destino de capital tambi\u00e9n avanza en paralelo con el impulso de la relocalizaci\u00f3n productiva en Norteam\u00e9rica.<\/span><\/p>\n<p><span style=\"font-family: arial, helvetica, sans-serif; font-size: 14pt;\">Tambi\u00e9n destac\u00f3 la posici\u00f3n exportadora del pa\u00eds. Pese a los nuevos aranceles y a los cambios en el entorno comercial, M\u00e9xico mantiene un crecimiento sostenido en sus ventas al exterior.<\/span><\/p>\n<p><span style=\"font-family: arial, helvetica, sans-serif; font-size: 14pt;\">Una prueba de la confianza que existe en el planeta es la designaci\u00f3n de nuestro pa\u00eds para convertirse en la sede de la APEC en 2028, un bloque que concentra 61% del PIB mundial y que re\u00fane a Estados Unidos, China, Jap\u00f3n, Canad\u00e1, Corea del Sur, Australia, M\u00e9xico, Per\u00fa y Chile. El nombramiento se aprob\u00f3 por unanimidad y refuerza la presencia del pa\u00eds en la esfera econ\u00f3mica m\u00e1s influyente del planeta.<\/span><\/p>\n<p><span style=\"font-family: arial, helvetica, sans-serif; font-size: 14pt;\">Habr\u00e1 que tener cauces de informaci\u00f3n adecuados que ofrezcan certeza a los mexicanos en sus contenidos, y no dar espacio a los habituales medios convencionales que s\u00f3lo sirven a los intereses de un grupo muy reducido de opositores.<\/span><\/p>\n<p><span style=\"font-family: arial, helvetica, sans-serif; font-size: 14pt;\"><strong>PEGA Y CORRE.-<\/strong> Con el voto un\u00e1nime de todos los grupos parlamentarios, la C\u00e1mara de Diputados aprob\u00f3 el dictamen mediante el cual se proponen reformas a diversas leyes para fortalecer las sanciones contra quienes cometan delitos contra el medio ambiente. Los legisladores deben darse cuenta que unidos apoyan m\u00e1s al pa\u00eds que entre gritos y sombrerazos\u2026Esta columna se publica los lunes, mi\u00e9rcoles y viernes.<\/span><\/p>\n<p><img data-recalc-dims=\"1\" loading=\"lazy\" decoding=\"async\" class=\"aligncenter size-full wp-image-75448\" src=\"https:\/\/i0.wp.com\/politicosaldesnudo.com.mx\/wp-content\/uploads\/2025\/11\/FIRMA-EDITORIAL-PD-6.jpg?resize=800%2C98&#038;ssl=1\" alt=\"\" width=\"800\" height=\"98\" srcset=\"https:\/\/i0.wp.com\/politicosaldesnudo.com.mx\/wp-content\/uploads\/2025\/11\/FIRMA-EDITORIAL-PD-6.jpg?w=1024&amp;ssl=1 1024w, https:\/\/i0.wp.com\/politicosaldesnudo.com.mx\/wp-content\/uploads\/2025\/11\/FIRMA-EDITORIAL-PD-6.jpg?resize=300%2C37&amp;ssl=1 300w, https:\/\/i0.wp.com\/politicosaldesnudo.com.mx\/wp-content\/uploads\/2025\/11\/FIRMA-EDITORIAL-PD-6.jpg?resize=768%2C94&amp;ssl=1 768w\" sizes=\"auto, (max-width: 800px) 100vw, 800px\" \/><\/p>\n","protected":false},"excerpt":{"rendered":"<p>ALMA GRANDE Por \u00c1ngel \u00c1lvaro Pe\u00f1a Luego de los descalabros de la derecha respecto a las mentiras sobre el premio<\/p>\n","protected":false},"author":4,"featured_media":75466,"comment_status":"closed","ping_status":"closed","sticky":false,"template":"","format":"standard","meta":{"colormag_page_container_layout":"default_layout","colormag_page_sidebar_layout":"default_layout","_jetpack_memberships_contains_paid_content":false,"footnotes":"","jetpack_publicize_message":"","jetpack_publicize_feature_enabled":true,"jetpack_social_post_already_shared":true,"jetpack_social_options":{"image_generator_settings":{"template":"highway","default_image_id":0,"font":"","enabled":false},"version":2}},"categories":[26],"tags":[],"class_list":["post-75610","post","type-post","status-publish","format-standard","has-post-thumbnail","hentry","category-columnistas"],"jetpack_publicize_connections":[],"jetpack_featured_media_url":"https:\/\/i0.wp.com\/politicosaldesnudo.com.mx\/wp-content\/uploads\/2025\/11\/BANNER-LOPEZ-DORIGA-DIGITAL-4.jpg?fit=800%2C445&ssl=1","jetpack-related-posts":[],"jetpack_sharing_enabled":true,"_links":{"self":[{"href":"https:\/\/politicosaldesnudo.com.mx\/index.php\/wp-json\/wp\/v2\/posts\/75610","targetHints":{"allow":["GET"]}}],"collection":[{"href":"https:\/\/politicosaldesnudo.com.mx\/index.php\/wp-json\/wp\/v2\/posts"}],"about":[{"href":"https:\/\/politicosaldesnudo.com.mx\/index.php\/wp-json\/wp\/v2\/types\/post"}],"author":[{"embeddable":true,"href":"https:\/\/politicosaldesnudo.com.mx\/index.php\/wp-json\/wp\/v2\/users\/4"}],"replies":[{"embeddable":true,"href":"https:\/\/politicosaldesnudo.com.mx\/index.php\/wp-json\/wp\/v2\/comments?post=75610"}],"version-history":[{"count":0,"href":"https:\/\/politicosaldesnudo.com.mx\/index.php\/wp-json\/wp\/v2\/posts\/75610\/revisions"}],"wp:featuredmedia":[{"embeddable":true,"href":"https:\/\/politicosaldesnudo.com.mx\/index.php\/wp-json\/wp\/v2\/media\/75466"}],"wp:attachment":[{"href":"https:\/\/politicosaldesnudo.com.mx\/index.php\/wp-json\/wp\/v2\/media?parent=75610"}],"wp:term":[{"taxonomy":"category","embeddable":true,"href":"https:\/\/politicosaldesnudo.com.mx\/index.php\/wp-json\/wp\/v2\/categories?post=75610"},{"taxonomy":"post_tag","embeddable":true,"href":"https:\/\/politicosaldesnudo.com.mx\/index.php\/wp-json\/wp\/v2\/tags?post=75610"}],"curies":[{"name":"wp","href":"https:\/\/api.w.org\/{rel}","templated":true}]}}