{"id":75642,"date":"2025-11-27T00:07:06","date_gmt":"2025-11-27T06:07:06","guid":{"rendered":"https:\/\/politicosaldesnudo.com.mx\/?p=75642"},"modified":"2025-11-26T22:51:59","modified_gmt":"2025-11-27T04:51:59","slug":"morena-acusa-a-alejandro-moreno-y-al-pri-de-presunta-operacion-de-porros-para-marcha-de-gen-z","status":"publish","type":"post","link":"https:\/\/politicosaldesnudo.com.mx\/index.php\/2025\/11\/27\/morena-acusa-a-alejandro-moreno-y-al-pri-de-presunta-operacion-de-porros-para-marcha-de-gen-z\/","title":{"rendered":"Morena acusa a Alejandro Moreno y al PRI de presunta operaci\u00f3n de porros para marcha de Gen Z"},"content":{"rendered":"<p class=\"nota-justify\">Morena en el Congreso de la Ciudad de M\u00e9xico acus\u00f3 al presidente nacional del PRI, Alejandro Moreno de operar y contratar grupos de choque y porros, a quienes se les habr\u00eda ofrecido un pago de 10 mil pesos para generar violencia durante la marcha de la Generaci\u00f3n Z el pasado 15 de noviembre.<\/p>\n<p class=\"nota-justify\">En conferencia de prensa, se\u00f1alaron que durante una reuni\u00f3n de organizaci\u00f3n, Moreno comision\u00f3 como responsables pol\u00edticos a los diputados federales Carlos Eduardo Guti\u00e9rrez Mancilla e Israel Betanzos para organizar a los grupos; ellos, a su vez, se acercaron a \u00c1ngel Guti\u00e9rrez alias\u00a0<i>El Fabia<\/i>, presidente del PRI en la Gustavo A. Madero que moviliz\u00f3 a la Organizaci\u00f3n de Estudiantes T\u00e9cnicos (Odet); al Frente Juvenil Revolucionario del PRI conocidos como \u201cLos 300\u201d; as\u00ed como grupos porriles de vocacionales del IPN, facultades, prepas y escuelas de la UNAM, del Colegio de Bachilleres y Cetis, sostuvo el vocero de Morena, Paulo Garc\u00eda.<\/p>\n<p>Junto a la coordinadora de Morena, X\u00f3chitl Bravo, dijo que dicha informaci\u00f3n es producto de testimonios de simpatizantes y militantes priistas que \u201ctemen por su seguridad\u201d, por lo que hicieron responsable a Alejandro de Moreno de cualquier acto que pudieran sufrir.<\/p>\n","protected":false},"excerpt":{"rendered":"<p>Morena en el Congreso de la Ciudad de M\u00e9xico acus\u00f3 al presidente nacional del PRI, Alejandro Moreno de operar y<\/p>\n","protected":false},"author":4,"featured_media":75643,"comment_status":"closed","ping_status":"closed","sticky":false,"template":"","format":"standard","meta":{"colormag_page_container_layout":"default_layout","colormag_page_sidebar_layout":"default_layout","_jetpack_memberships_contains_paid_content":false,"footnotes":"","jetpack_publicize_message":"","jetpack_publicize_feature_enabled":true,"jetpack_social_post_already_shared":true,"jetpack_social_options":{"image_generator_settings":{"template":"highway","default_image_id":0,"font":"","enabled":false},"version":2}},"categories":[33],"tags":[],"class_list":["post-75642","post","type-post","status-publish","format-standard","has-post-thumbnail","hentry","category-nacional"],"jetpack_publicize_connections":[],"jetpack_featured_media_url":"https:\/\/i0.wp.com\/politicosaldesnudo.com.mx\/wp-content\/uploads\/2025\/11\/ridiculos.jpg?fit=1200%2C800&ssl=1","jetpack-related-posts":[],"jetpack_sharing_enabled":true,"_links":{"self":[{"href":"https:\/\/politicosaldesnudo.com.mx\/index.php\/wp-json\/wp\/v2\/posts\/75642","targetHints":{"allow":["GET"]}}],"collection":[{"href":"https:\/\/politicosaldesnudo.com.mx\/index.php\/wp-json\/wp\/v2\/posts"}],"about":[{"href":"https:\/\/politicosaldesnudo.com.mx\/index.php\/wp-json\/wp\/v2\/types\/post"}],"author":[{"embeddable":true,"href":"https:\/\/politicosaldesnudo.com.mx\/index.php\/wp-json\/wp\/v2\/users\/4"}],"replies":[{"embeddable":true,"href":"https:\/\/politicosaldesnudo.com.mx\/index.php\/wp-json\/wp\/v2\/comments?post=75642"}],"version-history":[{"count":0,"href":"https:\/\/politicosaldesnudo.com.mx\/index.php\/wp-json\/wp\/v2\/posts\/75642\/revisions"}],"wp:featuredmedia":[{"embeddable":true,"href":"https:\/\/politicosaldesnudo.com.mx\/index.php\/wp-json\/wp\/v2\/media\/75643"}],"wp:attachment":[{"href":"https:\/\/politicosaldesnudo.com.mx\/index.php\/wp-json\/wp\/v2\/media?parent=75642"}],"wp:term":[{"taxonomy":"category","embeddable":true,"href":"https:\/\/politicosaldesnudo.com.mx\/index.php\/wp-json\/wp\/v2\/categories?post=75642"},{"taxonomy":"post_tag","embeddable":true,"href":"https:\/\/politicosaldesnudo.com.mx\/index.php\/wp-json\/wp\/v2\/tags?post=75642"}],"curies":[{"name":"wp","href":"https:\/\/api.w.org\/{rel}","templated":true}]}}