{"id":75645,"date":"2025-11-27T00:08:42","date_gmt":"2025-11-27T06:08:42","guid":{"rendered":"https:\/\/politicosaldesnudo.com.mx\/?p=75645"},"modified":"2025-11-26T22:55:08","modified_gmt":"2025-11-27T04:55:08","slug":"tras-reunion-de-sheinbaum-y-adan-augusto-citan-a-sesion-urgente-del-senado-para-este-jueves","status":"publish","type":"post","link":"https:\/\/politicosaldesnudo.com.mx\/index.php\/2025\/11\/27\/tras-reunion-de-sheinbaum-y-adan-augusto-citan-a-sesion-urgente-del-senado-para-este-jueves\/","title":{"rendered":"Tras reuni\u00f3n de Sheinbaum y Ad\u00e1n Augusto, citan a sesi\u00f3n urgente del Senado para este jueves"},"content":{"rendered":"<p class=\"nota-justify\">El coordinador de Morena en el Senado, Ad\u00e1n Augusto L\u00f3pez Hern\u00e1ndez, asisti\u00f3 este mi\u00e9rcoles por la ma\u00f1ana a Palacio Nacional, donde se reuni\u00f3 con la presidenta Claudia Sheinbaum, sin precisar al salir cu\u00e1l fue el motivo de la visita a la mandataria.<\/p>\n<p class=\"nota-justify\">El ex secretario de Gobernaci\u00f3n ingres\u00f3 a Palacio Nacional poco despu\u00e9s de concluida la conferencia ma\u00f1anera y se retir\u00f3 una hora despu\u00e9s y no hizo ninguna declaraci\u00f3n. En el Senado tampoco quiso aludir a ese tema.<\/p>\n<p class=\"nota-justify\">Sin embargo, cerca de las cinco de la tarde, al concluir la sesi\u00f3n de hoy, la presidenta del Senado, Laura Itzel Castillo, cit\u00f3 a otra sesi\u00f3n para ma\u00f1ana, ante el desconcierto de la mayor\u00eda de los legisladores que a\u00fan quedaban en el pleno.<\/p>\n<p class=\"nota-justify\">La convocatoria fue inusual, ya que s\u00f3lo sesionan dos d\u00edas a la semana, que son martes y mi\u00e9rcoles, a fin de estar desde el jueves en sus entidades, por lo que surgieron de inmediato una serie de rumores, sobre todo porque ni los coordinadores de las dem\u00e1s fuerzas pol\u00edticas ni los senadores de Morena ten\u00edan conocimiento de cu\u00e1l es el motivo de ese llamado de \u00faltima hora.<\/p>\n","protected":false},"excerpt":{"rendered":"<p>El coordinador de Morena en el Senado, Ad\u00e1n Augusto L\u00f3pez Hern\u00e1ndez, asisti\u00f3 este mi\u00e9rcoles por la ma\u00f1ana a Palacio Nacional,<\/p>\n","protected":false},"author":4,"featured_media":75646,"comment_status":"closed","ping_status":"closed","sticky":false,"template":"","format":"standard","meta":{"colormag_page_container_layout":"default_layout","colormag_page_sidebar_layout":"default_layout","_jetpack_memberships_contains_paid_content":false,"footnotes":"","jetpack_publicize_message":"","jetpack_publicize_feature_enabled":true,"jetpack_social_post_already_shared":true,"jetpack_social_options":{"image_generator_settings":{"template":"highway","default_image_id":0,"font":"","enabled":false},"version":2}},"categories":[33],"tags":[],"class_list":["post-75645","post","type-post","status-publish","format-standard","has-post-thumbnail","hentry","category-nacional"],"jetpack_publicize_connections":[],"jetpack_featured_media_url":"https:\/\/i0.wp.com\/politicosaldesnudo.com.mx\/wp-content\/uploads\/2025\/11\/ladana.jpg?fit=1200%2C800&ssl=1","jetpack-related-posts":[],"jetpack_sharing_enabled":true,"_links":{"self":[{"href":"https:\/\/politicosaldesnudo.com.mx\/index.php\/wp-json\/wp\/v2\/posts\/75645","targetHints":{"allow":["GET"]}}],"collection":[{"href":"https:\/\/politicosaldesnudo.com.mx\/index.php\/wp-json\/wp\/v2\/posts"}],"about":[{"href":"https:\/\/politicosaldesnudo.com.mx\/index.php\/wp-json\/wp\/v2\/types\/post"}],"author":[{"embeddable":true,"href":"https:\/\/politicosaldesnudo.com.mx\/index.php\/wp-json\/wp\/v2\/users\/4"}],"replies":[{"embeddable":true,"href":"https:\/\/politicosaldesnudo.com.mx\/index.php\/wp-json\/wp\/v2\/comments?post=75645"}],"version-history":[{"count":0,"href":"https:\/\/politicosaldesnudo.com.mx\/index.php\/wp-json\/wp\/v2\/posts\/75645\/revisions"}],"wp:featuredmedia":[{"embeddable":true,"href":"https:\/\/politicosaldesnudo.com.mx\/index.php\/wp-json\/wp\/v2\/media\/75646"}],"wp:attachment":[{"href":"https:\/\/politicosaldesnudo.com.mx\/index.php\/wp-json\/wp\/v2\/media?parent=75645"}],"wp:term":[{"taxonomy":"category","embeddable":true,"href":"https:\/\/politicosaldesnudo.com.mx\/index.php\/wp-json\/wp\/v2\/categories?post=75645"},{"taxonomy":"post_tag","embeddable":true,"href":"https:\/\/politicosaldesnudo.com.mx\/index.php\/wp-json\/wp\/v2\/tags?post=75645"}],"curies":[{"name":"wp","href":"https:\/\/api.w.org\/{rel}","templated":true}]}}