{"id":75675,"date":"2025-11-27T00:18:42","date_gmt":"2025-11-27T06:18:42","guid":{"rendered":"https:\/\/politicosaldesnudo.com.mx\/?p=75675"},"modified":"2025-11-26T23:28:05","modified_gmt":"2025-11-27T05:28:05","slug":"condenan-a-pandilleros-a-penas-de-hasta-397-anos-de-carcel-en-el-salvador","status":"publish","type":"post","link":"https:\/\/politicosaldesnudo.com.mx\/index.php\/2025\/11\/27\/condenan-a-pandilleros-a-penas-de-hasta-397-anos-de-carcel-en-el-salvador\/","title":{"rendered":"Condenan a pandilleros a penas de hasta 397 a\u00f1os de c\u00e1rcel en El Salvador"},"content":{"rendered":"<p class=\"nota-justify\">La justicia de El Salvador conden\u00f3 a ocho miembros de la pandilla Barrio 18 a penas de hasta 397 a\u00f1os de c\u00e1rcel tras ser vinculados a homicidios y otros delitos, inform\u00f3 este mi\u00e9rcoles la Fiscal\u00eda General de la Rep\u00fablica (FGR).<\/p>\n<p class=\"nota-justify\">El tribunal quinto contra el crimen organizado de San Salvador dict\u00f3 las sentencias contra los pandilleros por delitos que cometieron entre los a\u00f1os 2021 y 2022, precis\u00f3 la FGR en la red social X.<\/p>\n<p class=\"nota-justify\">Las mayores condenas se las impusieron a cuatro cabecillas de Barrio 18: Pedro Melara Romero (397 a\u00f1os de prisi\u00f3n), Wilfredo Manc\u00eda (180), Esmeralda Beatriz Mendoza (115) y Jaqueline Flores (100). El resto de pandilleros fueron condenados a penas entre los 74 y 89 a\u00f1os.<\/p>\n<p class=\"nota-justify\">Otros delitos que les imputaron a los miembros de la banda fueron privaci\u00f3n de la libertad, extorsi\u00f3n a comerciantes informales, peque\u00f1os empresarios y otras v\u00edctimas, a quienes les exig\u00edan dinero a cambio de no atentar contra sus vidas.<\/p>\n<p class=\"nota-justify\">Desde marzo de 2022, el presidente de El Salvador, Nayib Bukele, lanz\u00f3 una \u00abguerra\u00bb contra las pandillas amparado en un r\u00e9gimen de excepci\u00f3n que permite detenciones sin orden judicial, por lo que ha recibido cr\u00edticas de organismos humanitarios.<\/p>\n","protected":false},"excerpt":{"rendered":"<p>La justicia de El Salvador conden\u00f3 a ocho miembros de la pandilla Barrio 18 a penas de hasta 397 a\u00f1os<\/p>\n","protected":false},"author":4,"featured_media":75676,"comment_status":"closed","ping_status":"closed","sticky":false,"template":"","format":"standard","meta":{"colormag_page_container_layout":"default_layout","colormag_page_sidebar_layout":"default_layout","_jetpack_memberships_contains_paid_content":false,"footnotes":"","jetpack_publicize_message":"","jetpack_publicize_feature_enabled":true,"jetpack_social_post_already_shared":true,"jetpack_social_options":{"image_generator_settings":{"template":"highway","default_image_id":0,"font":"","enabled":false},"version":2}},"categories":[28],"tags":[],"class_list":["post-75675","post","type-post","status-publish","format-standard","has-post-thumbnail","hentry","category-internacional"],"jetpack_publicize_connections":[],"jetpack_featured_media_url":"https:\/\/i0.wp.com\/politicosaldesnudo.com.mx\/wp-content\/uploads\/2025\/11\/eso.jpg?fit=1200%2C675&ssl=1","jetpack-related-posts":[],"jetpack_sharing_enabled":true,"_links":{"self":[{"href":"https:\/\/politicosaldesnudo.com.mx\/index.php\/wp-json\/wp\/v2\/posts\/75675","targetHints":{"allow":["GET"]}}],"collection":[{"href":"https:\/\/politicosaldesnudo.com.mx\/index.php\/wp-json\/wp\/v2\/posts"}],"about":[{"href":"https:\/\/politicosaldesnudo.com.mx\/index.php\/wp-json\/wp\/v2\/types\/post"}],"author":[{"embeddable":true,"href":"https:\/\/politicosaldesnudo.com.mx\/index.php\/wp-json\/wp\/v2\/users\/4"}],"replies":[{"embeddable":true,"href":"https:\/\/politicosaldesnudo.com.mx\/index.php\/wp-json\/wp\/v2\/comments?post=75675"}],"version-history":[{"count":0,"href":"https:\/\/politicosaldesnudo.com.mx\/index.php\/wp-json\/wp\/v2\/posts\/75675\/revisions"}],"wp:featuredmedia":[{"embeddable":true,"href":"https:\/\/politicosaldesnudo.com.mx\/index.php\/wp-json\/wp\/v2\/media\/75676"}],"wp:attachment":[{"href":"https:\/\/politicosaldesnudo.com.mx\/index.php\/wp-json\/wp\/v2\/media?parent=75675"}],"wp:term":[{"taxonomy":"category","embeddable":true,"href":"https:\/\/politicosaldesnudo.com.mx\/index.php\/wp-json\/wp\/v2\/categories?post=75675"},{"taxonomy":"post_tag","embeddable":true,"href":"https:\/\/politicosaldesnudo.com.mx\/index.php\/wp-json\/wp\/v2\/tags?post=75675"}],"curies":[{"name":"wp","href":"https:\/\/api.w.org\/{rel}","templated":true}]}}