{"id":75678,"date":"2025-11-27T00:19:43","date_gmt":"2025-11-27T06:19:43","guid":{"rendered":"https:\/\/politicosaldesnudo.com.mx\/?p=75678"},"modified":"2025-11-26T23:30:05","modified_gmt":"2025-11-27T05:30:05","slug":"trump-endurece-discurso-antimigrante-y-reafirma-envio-de-500-elementos-tras-ataque-en-washington","status":"publish","type":"post","link":"https:\/\/politicosaldesnudo.com.mx\/index.php\/2025\/11\/27\/trump-endurece-discurso-antimigrante-y-reafirma-envio-de-500-elementos-tras-ataque-en-washington\/","title":{"rendered":"Trump endurece discurso antimigrante y reafirma env\u00edo de 500 elementos tras ataque en Washington"},"content":{"rendered":"<p class=\"nota-justify\">El presidente de Estados Unidos, Donald Trump, reiter\u00f3 este mi\u00e9rcoles que desplegar\u00e1 otros 500 elementos de la Guardia Nacional en Washington tras el tiroteo que dej\u00f3 a dos miembros de la guardia nacional gravemente heridos, y asegur\u00f3 que su gobierno no permitir\u00e1 que \u201cenemigos extranjeros contin\u00faen da\u00f1ando al pa\u00eds\u201d.<\/p>\n<p class=\"nota-justify\">\u201cEste atroz ataque fue un acto de maldad, un acto de odio y un acto de terror. Fue un crimen contra toda nuestra naci\u00f3n. Fue un crimen contra la humanidad\u201d, asegur\u00f3 el mandatario en un mensaje difundido por la Casa Blanca.<\/p>\n<p class=\"nota-justify\">El jefe de la Casa Blanca se\u00f1al\u00f3 al responsable como un inmigrante \u201cque entr\u00f3 desde Afganist\u00e1n\u201d, pa\u00eds al que se refiri\u00f3 como \u201cun infierno en la tierra\u201d, y acus\u00f3 a su antecesor, el dem\u00f3crata, Joe Biden, de llevarlo al pa\u00eds en septiembre de 2021 \u201cen esos infames vuelos de los que todos hablaban\u201d.<\/p>\n<p class=\"nota-justify\">Llam\u00f3 a su administraci\u00f3n a \u201creexaminar a cada extranjero\u201d que haya entrado desde Afganist\u00e1n bajo el mandato de Biden, y advirti\u00f3 que tomar\u00e1 \u201ctodas las medidas necesarias para asegurar la expulsi\u00f3n de cualquier extranjero de cualquier pa\u00eds que no aporte beneficios a nuestro pa\u00eds\u201d.<\/p>\n<p class=\"nota-justify\">\u201cComo Presidente de Estados Unidos, estoy decidido a asegurar que el animal que perpetr\u00f3 esta atrocidad pague el precio m\u00e1s alto posible\u201d, asever\u00f3 el magnate. Agreg\u00f3 que \u201cno vamos a tolerar este tipo de ataques contra el orden p\u00fablico por parte de personas que ni siquiera deber\u00edan estar en nuestro pa\u00eds\u201d.<\/p>\n<p class=\"nota-justify\">\u201cHaremos que Estados Unidos vuelva a ser totalmente seguro, y llevaremos al perpetrador de este b\u00e1rbaro ataque ante una justicia r\u00e1pida y certera \u2014si es que las balas viajando en la direcci\u00f3n opuesta no lo han hecho ya\u201d, concluy\u00f3.<\/p>\n","protected":false},"excerpt":{"rendered":"<p>El presidente de Estados Unidos, Donald Trump, reiter\u00f3 este mi\u00e9rcoles que desplegar\u00e1 otros 500 elementos de la Guardia Nacional en<\/p>\n","protected":false},"author":4,"featured_media":75679,"comment_status":"closed","ping_status":"closed","sticky":false,"template":"","format":"standard","meta":{"colormag_page_container_layout":"default_layout","colormag_page_sidebar_layout":"default_layout","_jetpack_memberships_contains_paid_content":false,"footnotes":"","jetpack_publicize_message":"","jetpack_publicize_feature_enabled":true,"jetpack_social_post_already_shared":true,"jetpack_social_options":{"image_generator_settings":{"template":"highway","default_image_id":0,"font":"","enabled":false},"version":2}},"categories":[28],"tags":[],"class_list":["post-75678","post","type-post","status-publish","format-standard","has-post-thumbnail","hentry","category-internacional"],"jetpack_publicize_connections":[],"jetpack_featured_media_url":"https:\/\/i0.wp.com\/politicosaldesnudo.com.mx\/wp-content\/uploads\/2025\/11\/elduro.jpg?fit=1200%2C800&ssl=1","jetpack-related-posts":[],"jetpack_sharing_enabled":true,"_links":{"self":[{"href":"https:\/\/politicosaldesnudo.com.mx\/index.php\/wp-json\/wp\/v2\/posts\/75678","targetHints":{"allow":["GET"]}}],"collection":[{"href":"https:\/\/politicosaldesnudo.com.mx\/index.php\/wp-json\/wp\/v2\/posts"}],"about":[{"href":"https:\/\/politicosaldesnudo.com.mx\/index.php\/wp-json\/wp\/v2\/types\/post"}],"author":[{"embeddable":true,"href":"https:\/\/politicosaldesnudo.com.mx\/index.php\/wp-json\/wp\/v2\/users\/4"}],"replies":[{"embeddable":true,"href":"https:\/\/politicosaldesnudo.com.mx\/index.php\/wp-json\/wp\/v2\/comments?post=75678"}],"version-history":[{"count":0,"href":"https:\/\/politicosaldesnudo.com.mx\/index.php\/wp-json\/wp\/v2\/posts\/75678\/revisions"}],"wp:featuredmedia":[{"embeddable":true,"href":"https:\/\/politicosaldesnudo.com.mx\/index.php\/wp-json\/wp\/v2\/media\/75679"}],"wp:attachment":[{"href":"https:\/\/politicosaldesnudo.com.mx\/index.php\/wp-json\/wp\/v2\/media?parent=75678"}],"wp:term":[{"taxonomy":"category","embeddable":true,"href":"https:\/\/politicosaldesnudo.com.mx\/index.php\/wp-json\/wp\/v2\/categories?post=75678"},{"taxonomy":"post_tag","embeddable":true,"href":"https:\/\/politicosaldesnudo.com.mx\/index.php\/wp-json\/wp\/v2\/tags?post=75678"}],"curies":[{"name":"wp","href":"https:\/\/api.w.org\/{rel}","templated":true}]}}