{"id":75697,"date":"2025-11-28T00:02:49","date_gmt":"2025-11-28T06:02:49","guid":{"rendered":"https:\/\/politicosaldesnudo.com.mx\/?p=75697"},"modified":"2025-11-27T20:29:22","modified_gmt":"2025-11-28T02:29:22","slug":"tuxpan-refuerza-la-seguridad-con-operativo-decembrino-coordinado","status":"publish","type":"post","link":"https:\/\/politicosaldesnudo.com.mx\/index.php\/2025\/11\/28\/tuxpan-refuerza-la-seguridad-con-operativo-decembrino-coordinado\/","title":{"rendered":"Tuxpan Refuerza la Seguridad con Operativo Decembrino Coordinado"},"content":{"rendered":"<p>En preparaci\u00f3n para la temporada alta de festividades, la Direcci\u00f3n de Tr\u00e1nsito y Vialidad Municipal ha anunciado la puesta en marcha de un robusto Operativo Decembrino. Este plan busca garantizar la seguridad de la ciudadan\u00eda y mantener la fluidez vehicular en el municipio durante las celebraciones tradicionales.<br \/>\nEl operativo se llevar\u00e1 a cabo mediante una coordinaci\u00f3n interinstitucional que involucra a diversas dependencias de los tres \u00f3rdenes de gobierno, entre las principales corporaciones que participar\u00e1n se encuentran la Secretar\u00eda de Seguridad P\u00fablica (SSP), la Direcci\u00f3n de Protecci\u00f3n Civil Municipal y otras entidades de apoyo log\u00edstico.<br \/>\nLa estrategia operativa se enfocar\u00e1 en brindar soporte y vigilancia en los eventos con mayor concentraci\u00f3n de personas, salvaguardando a los participantes y a la poblaci\u00f3n en general. Los eventos clave a cubrir son:<br \/>\n* Peregrinaciones: Se establecer\u00e1n dispositivos de acompa\u00f1amiento para proteger a los feligreses y realizar\u00e1n cierres viales temporales y estrat\u00e9gicos.<br \/>\n* D\u00eda del Ni\u00f1o Perdido: Se implementar\u00e1n acciones espec\u00edficas para asegurar la sana convivencia y la seguridad de las familias que acudan a encender sus velas.<br \/>\n* Zonas comerciales y centros: Se reforzar\u00e1 la presencia vial y de seguridad en los puntos de mayor afluencia por compras y reuniones.<br \/>\nLas autoridades de Tr\u00e1nsito Municipal hacen un llamado a la poblaci\u00f3n a conducir con precauci\u00f3n, respetar las se\u00f1ales y seguir las indicaciones del personal en campo para contribuir a que las fiestas de fin de a\u00f1o se desarrollen sin incidentes.<\/p>\n","protected":false},"excerpt":{"rendered":"<p>En preparaci\u00f3n para la temporada alta de festividades, la Direcci\u00f3n de Tr\u00e1nsito y Vialidad Municipal ha anunciado la puesta en<\/p>\n","protected":false},"author":4,"featured_media":75698,"comment_status":"closed","ping_status":"closed","sticky":false,"template":"","format":"standard","meta":{"colormag_page_container_layout":"default_layout","colormag_page_sidebar_layout":"default_layout","_jetpack_memberships_contains_paid_content":false,"footnotes":"","jetpack_publicize_message":"","jetpack_publicize_feature_enabled":true,"jetpack_social_post_already_shared":true,"jetpack_social_options":{"image_generator_settings":{"template":"highway","default_image_id":0,"font":"","enabled":false},"version":2}},"categories":[1082],"tags":[],"class_list":["post-75697","post","type-post","status-publish","format-standard","has-post-thumbnail","hentry","category-tuxpan"],"jetpack_publicize_connections":[],"jetpack_featured_media_url":"https:\/\/i0.wp.com\/politicosaldesnudo.com.mx\/wp-content\/uploads\/2025\/11\/WhatsApp-Image-2025-11-27-at-17.39.06.jpg?fit=1280%2C580&ssl=1","jetpack-related-posts":[],"jetpack_sharing_enabled":true,"_links":{"self":[{"href":"https:\/\/politicosaldesnudo.com.mx\/index.php\/wp-json\/wp\/v2\/posts\/75697","targetHints":{"allow":["GET"]}}],"collection":[{"href":"https:\/\/politicosaldesnudo.com.mx\/index.php\/wp-json\/wp\/v2\/posts"}],"about":[{"href":"https:\/\/politicosaldesnudo.com.mx\/index.php\/wp-json\/wp\/v2\/types\/post"}],"author":[{"embeddable":true,"href":"https:\/\/politicosaldesnudo.com.mx\/index.php\/wp-json\/wp\/v2\/users\/4"}],"replies":[{"embeddable":true,"href":"https:\/\/politicosaldesnudo.com.mx\/index.php\/wp-json\/wp\/v2\/comments?post=75697"}],"version-history":[{"count":0,"href":"https:\/\/politicosaldesnudo.com.mx\/index.php\/wp-json\/wp\/v2\/posts\/75697\/revisions"}],"wp:featuredmedia":[{"embeddable":true,"href":"https:\/\/politicosaldesnudo.com.mx\/index.php\/wp-json\/wp\/v2\/media\/75698"}],"wp:attachment":[{"href":"https:\/\/politicosaldesnudo.com.mx\/index.php\/wp-json\/wp\/v2\/media?parent=75697"}],"wp:term":[{"taxonomy":"category","embeddable":true,"href":"https:\/\/politicosaldesnudo.com.mx\/index.php\/wp-json\/wp\/v2\/categories?post=75697"},{"taxonomy":"post_tag","embeddable":true,"href":"https:\/\/politicosaldesnudo.com.mx\/index.php\/wp-json\/wp\/v2\/tags?post=75697"}],"curies":[{"name":"wp","href":"https:\/\/api.w.org\/{rel}","templated":true}]}}