{"id":75700,"date":"2025-11-28T00:03:11","date_gmt":"2025-11-28T06:03:11","guid":{"rendered":"https:\/\/politicosaldesnudo.com.mx\/?p=75700"},"modified":"2025-11-27T20:30:47","modified_gmt":"2025-11-28T02:30:47","slug":"cierran-la-tuxpan-potrero-del-llano","status":"publish","type":"post","link":"https:\/\/politicosaldesnudo.com.mx\/index.php\/2025\/11\/28\/cierran-la-tuxpan-potrero-del-llano\/","title":{"rendered":"Cierran la Tuxpan-Potrero del Llano"},"content":{"rendered":"<p>Habitantes de la localidad de Ojite iniciaron un bloqueo carretero total la tarde de este jueves, paralizando el tr\u00e1fico hacia importantes municipios de la regi\u00f3n.<\/p>\n<p>Los manifestantes exigen al gobierno el cumplimiento inmediato de los apoyos y las obras prometidas tras las graves afectaciones que sufrieron sus comunidades a causa de las lluvias registradas en el mes de octubre.<br \/>\nEl punto de manifestaci\u00f3n se ha convertido en un cuello de botella que impide el tr\u00e1nsito vehicular en m\u00faltiples direcciones.<br \/>\nLa protesta ha generado severos problemas de movilidad, afectando las principales rutas de comunicaci\u00f3n:<br \/>\n* Sin paso hacia Tuxpan: El bloqueo detiene por completo el flujo de veh\u00edculos con destino a la ciudad portuaria.<br \/>\n* Sin paso hacia Potrero: La comunicaci\u00f3n con la zona de Potrero tambi\u00e9n se encuentra interrumpida.<br \/>\n* Sin paso hacia \u00c1lamo: La ruta hacia el municipio de \u00c1lamo est\u00e1 inaccesible para los conductores.<br \/>\nLos inconformes se\u00f1alan que, a pesar de las promesas de las autoridades para mitigar los da\u00f1os sufridos por las intensas precipitaciones, que incluyeron inundaciones y estragos en la infraestructura, dichos compromisos no se han materializado.<br \/>\nPor ello, solicitan la ejecuci\u00f3n de las obras p\u00fablicas prometidas para reparar caminos, puentes u otros da\u00f1os a la infraestructura causados por el temporal.<br \/>\nExigen la entrega de los apoyos econ\u00f3micos o en especie destinados a las familias que resultaron directamente afectadas por las inundaciones y deslaves.<br \/>\nLas autoridades a\u00fan no han emitido una postura oficial sobre la protesta ni han confirmado si han iniciado negociaciones con los manifestantes para liberar el paso. Se recomienda a los automovilistas buscar rutas alternas y estar atentos a las actualizaciones sobre el estado de las v\u00edas, puesto que los manifestantes amenazan con seguir las manifestaciones sino son escuchados.<\/p>\n","protected":false},"excerpt":{"rendered":"<p>Habitantes de la localidad de Ojite iniciaron un bloqueo carretero total la tarde de este jueves, paralizando el tr\u00e1fico hacia<\/p>\n","protected":false},"author":4,"featured_media":75701,"comment_status":"closed","ping_status":"closed","sticky":false,"template":"","format":"standard","meta":{"colormag_page_container_layout":"default_layout","colormag_page_sidebar_layout":"default_layout","_jetpack_memberships_contains_paid_content":false,"footnotes":"","jetpack_publicize_message":"","jetpack_publicize_feature_enabled":true,"jetpack_social_post_already_shared":true,"jetpack_social_options":{"image_generator_settings":{"template":"highway","default_image_id":0,"font":"","enabled":false},"version":2}},"categories":[1082],"tags":[],"class_list":["post-75700","post","type-post","status-publish","format-standard","has-post-thumbnail","hentry","category-tuxpan"],"jetpack_publicize_connections":[],"jetpack_featured_media_url":"https:\/\/i0.wp.com\/politicosaldesnudo.com.mx\/wp-content\/uploads\/2025\/11\/WhatsApp-Image-2025-11-27-at-18.30.40-3.jpeg?fit=900%2C752&ssl=1","jetpack-related-posts":[],"jetpack_sharing_enabled":true,"_links":{"self":[{"href":"https:\/\/politicosaldesnudo.com.mx\/index.php\/wp-json\/wp\/v2\/posts\/75700","targetHints":{"allow":["GET"]}}],"collection":[{"href":"https:\/\/politicosaldesnudo.com.mx\/index.php\/wp-json\/wp\/v2\/posts"}],"about":[{"href":"https:\/\/politicosaldesnudo.com.mx\/index.php\/wp-json\/wp\/v2\/types\/post"}],"author":[{"embeddable":true,"href":"https:\/\/politicosaldesnudo.com.mx\/index.php\/wp-json\/wp\/v2\/users\/4"}],"replies":[{"embeddable":true,"href":"https:\/\/politicosaldesnudo.com.mx\/index.php\/wp-json\/wp\/v2\/comments?post=75700"}],"version-history":[{"count":0,"href":"https:\/\/politicosaldesnudo.com.mx\/index.php\/wp-json\/wp\/v2\/posts\/75700\/revisions"}],"wp:featuredmedia":[{"embeddable":true,"href":"https:\/\/politicosaldesnudo.com.mx\/index.php\/wp-json\/wp\/v2\/media\/75701"}],"wp:attachment":[{"href":"https:\/\/politicosaldesnudo.com.mx\/index.php\/wp-json\/wp\/v2\/media?parent=75700"}],"wp:term":[{"taxonomy":"category","embeddable":true,"href":"https:\/\/politicosaldesnudo.com.mx\/index.php\/wp-json\/wp\/v2\/categories?post=75700"},{"taxonomy":"post_tag","embeddable":true,"href":"https:\/\/politicosaldesnudo.com.mx\/index.php\/wp-json\/wp\/v2\/tags?post=75700"}],"curies":[{"name":"wp","href":"https:\/\/api.w.org\/{rel}","templated":true}]}}