{"id":75703,"date":"2025-11-28T00:05:21","date_gmt":"2025-11-28T06:05:21","guid":{"rendered":"https:\/\/politicosaldesnudo.com.mx\/?p=75703"},"modified":"2025-11-27T21:17:55","modified_gmt":"2025-11-28T03:17:55","slug":"senado-acepta-la-renuncia-de-alejandro-gertz-manero-a-la-fiscalia-general-de-la-republica","status":"publish","type":"post","link":"https:\/\/politicosaldesnudo.com.mx\/index.php\/2025\/11\/28\/senado-acepta-la-renuncia-de-alejandro-gertz-manero-a-la-fiscalia-general-de-la-republica\/","title":{"rendered":"Senado acepta la renuncia de Alejandro Gertz Manero a la Fiscal\u00eda General de la Rep\u00fablica"},"content":{"rendered":"<p class=\"nota-justify\">El Senado de la Rep\u00fablica aprob\u00f3 y acept\u00f3 esta noche la renuncia de Alejandro Gertz Manero como titular de la Fiscal\u00eda General de la Rep\u00fablica (FGR), con el voto de Morena y aliados y el reclamo de la oposici\u00f3n que consider\u00f3 no se justifica como causa grave para dejar el cargo, el hecho de que se le haya ofrecido ser embajador \u201cen un pa\u00eds amigo\u201d.<\/p>\n<p class=\"nota-justify\">La votaci\u00f3n fue de 74 votos a favor y 24 en contra y de inmediato, se aval\u00f3 la convocatoria con el procedimiento para elegir a la nueva o nuevo Fiscal General de la Rep\u00fablica, que de hecho se inicia este viernes, cuando el Senado comience la recepci\u00f3n v\u00eda digital, de los documentos de los interesados en ocupar el puesto.<\/p>\n<p class=\"nota-justify\">Pasadas las seis de la tarde, se reinici\u00f3 la sesi\u00f3n luego de un receso de m\u00e1s de cuatro horas, en medio de tensi\u00f3n y especulaciones entre las fuerzas pol\u00edticas en torno a si el funcionario har\u00eda llegar su renuncia o se tendr\u00eda que optar por su remoci\u00f3n.<\/p>\n<p class=\"nota-justify\">Durante la sesi\u00f3n se dio lectura a la carta de Gertz Manero, que ya hab\u00eda circulado antes en redes sociales, en la que notifica a la presidenta esta c\u00e1mara, Laura Itzel Castillo Ju\u00e1rez, que \u201ca partir de esta fecha y con todos los efectos legales que correspondan, me estoy retirando de mi actual cargo como fiscal general de la Rep\u00fablica\u201d.<\/p>\n<p class=\"nota-justify\">El ahora ex funcionario resalta que con la propuesta de ir a una embajada, tendr\u00e1 la posibilidad de \u201ccontinuar sirviendo a mi pa\u00eds, en una nueva tarea que me honra\u201d.<\/p>\n<p class=\"nota-justify\">Los coordinadores de Movimiento Ciudadano (MC), Clemente Casta\u00f1eda, y del Partido Revolucionario Institucional (PRI), Manuel A\u00f1orve, resaltaron en tribuna, que ese argumento no se puede considerar como la causa grave establecida en el art\u00edculo 24 de la Ley de la Fiscal\u00eda General de la Rep\u00fablica, para aceptar la renuncia del titular de esa dependencia.<\/p>\n<p class=\"nota-justify\">El emecista destac\u00f3 que no es una causa grave aspirar a seguir prestando servicios en la funci\u00f3n p\u00fablica, sino que tendr\u00eda que tratarse de algo que lo inhabilite f\u00edsica y mentalmente, para seguir ejerciendo el cargo de fiscal o haber cometido una falta administrativa, un il\u00edcito o una violaci\u00f3n a la Constituci\u00f3n.<\/p>\n<p class=\"nota-justify\">A\u00f1orve en tanto, resalt\u00f3 que se pretende justificar la salida del fiscal por un movimiento pol\u00edtico disfrazado de cortes\u00eda institucional. \u201cIrse a una embajada no es causa grave, no tiene justificaci\u00f3n jur\u00eddica, lo que si es grave es que se le renuncie para dar paso a un fiscal a modo, que no incomode\u201d.<\/p>\n<p class=\"nota-justify\">A nombre de Morena, el senador Enrique Inzunza advirti\u00f3 que los cargos no son patrimonio personal de nadie y a nadie se le puede exigir \u201cafanarse m\u00e1s all\u00e1 de lo humanamente posible\u201d, sobre todo a alguien como el doctor Gertz Manero que tiene ya 86 a\u00f1os de edad y ha ejercido el cargo de fiscal desde 2019. Una responsabilidad de las m\u00e1s delicadas que puede haber en la rep\u00fablica.<\/p>\n<p class=\"nota-justify\">Agreg\u00f3 que si se configura una causa grave tal como se establece en el \u00faltimo y pen\u00faltimo p\u00e1rrafo del art\u00edculo 24 de la Ley de la FGR.<\/p>\n<p class=\"nota-justify\">La senadora del PRI, Claudia Anaya resumi\u00f3 el sentir de la oposici\u00f3n, dijo que \u201csiendo un zorro como es, Gertz Manero se va pint\u00e1ndole un dedo en la cara a Morena, porque se siente doblegado en esta presi\u00f3n pol\u00edtica que evidentemente le hicieron\u201d.<\/p>\n<p class=\"nota-justify\">Aludi\u00f3 que a nadie vio ni supo qu\u00e9 conten\u00eda la carta que el Senado le envi\u00f3 a la presidenta de la Rep\u00fablica. \u201cNo sabemos si son cartas privadas entre la mandataria y la senadora Laura Itzel Castillo, pero todo el d\u00eda el Senado fue reh\u00e9n de Gertz Manero, para ver si legaba primero la destituci\u00f3n o la renuncia\u201d.<\/p>\n<p class=\"nota-justify\">Al final, recalc\u00f3 la pri\u00edsta no lleg\u00f3 la renuncia, lleg\u00f3 la despedida de Gertz, presumi\u00e9ndonos que se va de embajador y que en Morena todos son desechables.<\/p>\n<p class=\"nota-justify\">La segunda votaci\u00f3n que se dio fue para aprobar la convocatoria para elegir al nuevo fiscal, facultad exclusiva del Senado. A partir de ma\u00f1ana a la una de la tarde y hasta el domingo 30 de este mes estar\u00e1 abierta la inscripci\u00f3n de los aspirantes.<\/p>\n<p class=\"nota-justify\">El martes pr\u00f3ximo la Junta de Coordinaci\u00f3n Pol\u00edtica deber\u00e1 presentar el listado de al menos 10 candidatos que har\u00e1 llegar a la presidenta de la Rep\u00fablica, a fin de que la mandataria presente de entre ellos, una terna de la que el Senado elegir\u00e1 al titular de la FGR.<\/p>\n<p class=\"nota-justify\">En tanto, quedar\u00e1 a cargo de la dependencia de manera interina, el titular de la Fiscal\u00eda Especializada de Control Competencial.<\/p>\n","protected":false},"excerpt":{"rendered":"<p>El Senado de la Rep\u00fablica aprob\u00f3 y acept\u00f3 esta noche la renuncia de Alejandro Gertz Manero como titular de la<\/p>\n","protected":false},"author":4,"featured_media":75704,"comment_status":"closed","ping_status":"closed","sticky":false,"template":"","format":"standard","meta":{"colormag_page_container_layout":"default_layout","colormag_page_sidebar_layout":"default_layout","_jetpack_memberships_contains_paid_content":false,"footnotes":"","jetpack_publicize_message":"","jetpack_publicize_feature_enabled":true,"jetpack_social_post_already_shared":true,"jetpack_social_options":{"image_generator_settings":{"template":"highway","default_image_id":0,"font":"","enabled":false},"version":2}},"categories":[33],"tags":[],"class_list":["post-75703","post","type-post","status-publish","format-standard","has-post-thumbnail","hentry","category-nacional"],"jetpack_publicize_connections":[],"jetpack_featured_media_url":"https:\/\/i0.wp.com\/politicosaldesnudo.com.mx\/wp-content\/uploads\/2025\/11\/como-esta-alejandro-gertz-manero.jpg?fit=600%2C400&ssl=1","jetpack-related-posts":[],"jetpack_sharing_enabled":true,"_links":{"self":[{"href":"https:\/\/politicosaldesnudo.com.mx\/index.php\/wp-json\/wp\/v2\/posts\/75703","targetHints":{"allow":["GET"]}}],"collection":[{"href":"https:\/\/politicosaldesnudo.com.mx\/index.php\/wp-json\/wp\/v2\/posts"}],"about":[{"href":"https:\/\/politicosaldesnudo.com.mx\/index.php\/wp-json\/wp\/v2\/types\/post"}],"author":[{"embeddable":true,"href":"https:\/\/politicosaldesnudo.com.mx\/index.php\/wp-json\/wp\/v2\/users\/4"}],"replies":[{"embeddable":true,"href":"https:\/\/politicosaldesnudo.com.mx\/index.php\/wp-json\/wp\/v2\/comments?post=75703"}],"version-history":[{"count":0,"href":"https:\/\/politicosaldesnudo.com.mx\/index.php\/wp-json\/wp\/v2\/posts\/75703\/revisions"}],"wp:featuredmedia":[{"embeddable":true,"href":"https:\/\/politicosaldesnudo.com.mx\/index.php\/wp-json\/wp\/v2\/media\/75704"}],"wp:attachment":[{"href":"https:\/\/politicosaldesnudo.com.mx\/index.php\/wp-json\/wp\/v2\/media?parent=75703"}],"wp:term":[{"taxonomy":"category","embeddable":true,"href":"https:\/\/politicosaldesnudo.com.mx\/index.php\/wp-json\/wp\/v2\/categories?post=75703"},{"taxonomy":"post_tag","embeddable":true,"href":"https:\/\/politicosaldesnudo.com.mx\/index.php\/wp-json\/wp\/v2\/tags?post=75703"}],"curies":[{"name":"wp","href":"https:\/\/api.w.org\/{rel}","templated":true}]}}