{"id":75742,"date":"2025-11-28T00:18:08","date_gmt":"2025-11-28T06:18:08","guid":{"rendered":"https:\/\/politicosaldesnudo.com.mx\/?p=75742"},"modified":"2025-11-27T21:55:19","modified_gmt":"2025-11-28T03:55:19","slug":"petro-rechaza-sancion-del-ente-electoral-por-rebase-de-gastos-en-campana-2022","status":"publish","type":"post","link":"https:\/\/politicosaldesnudo.com.mx\/index.php\/2025\/11\/28\/petro-rechaza-sancion-del-ente-electoral-por-rebase-de-gastos-en-campana-2022\/","title":{"rendered":"Petro rechaza sanci\u00f3n del ente electoral por rebase de gastos en campa\u00f1a 2022"},"content":{"rendered":"<p class=\"nota-justify\">El presidente colombiano, Gustavo Petro, rechaz\u00f3 este jueves la sanci\u00f3n administrativa impuesta por la autoridad electoral a la campa\u00f1a electoral con la que lleg\u00f3 al poder en 2022 por exceder los l\u00edmites de gastos permitidos en hasta 1.2 millones de d\u00f3lares y por financiamiento con fuentes prohibidas.<\/p>\n<p class=\"nota-justify\">\u201cNosotros no aceptamos esa decisi\u00f3n administrativa. Es la oposici\u00f3n mult\u00e1ndonos\u201d, indic\u00f3 Petro en la red social X, al cuestionar a los magistrados del Consejo Nacional Electoral.<\/p>\n<p class=\"nota-justify\">El CNE est\u00e1 compuesto por nueve magistrados electos por el Congreso de ternas elaboradas por los partidos pol\u00edticos, por lo que suele recibir cuestionamientos sobre obedecer a los intereses pol\u00edticos partidistas.<\/p>\n<p class=\"nota-justify\">La autoridad electoral impuso multas sobre quienes administraron la campa\u00f1a electoral como el gerente, Ricardo Roa, quien actualmente es el presidente de la estatal petrolera Ecopetrol; la tesorera de la campa\u00f1a y la auditora. As\u00ed como los partidos de izquierda Colombia Humana y Uni\u00f3n Patri\u00f3tica, que hac\u00edan parte de la coalici\u00f3n de la candidatura de Petro.<\/p>\n<p class=\"nota-justify\">Por el fuero especial del que goza por ser presidente, Petro no puede ser sancionado por el CNE, seg\u00fan aclar\u00f3 en junio la Corte Constitucional, al ordenar que el Congreso y no la autoridad electoral el que lo investigue por presuntas irregularidades en la financiaci\u00f3n de la campa\u00f1a.<\/p>\n<p class=\"nota-justify\">Tras la decisi\u00f3n, defendi\u00f3 que a su campa\u00f1a no entr\u00f3 \u201cun peso del narcotr\u00e1fico\u201d, en respuesta a cr\u00edticos que cuestionaron la financiaci\u00f3n de la campa\u00f1a con la que fue elegido, aunque la investigaci\u00f3n no tuvo que ver con dineros ilegales sino con exceder los l\u00edmites de la financiaci\u00f3n.<\/p>\n<p class=\"nota-justify\">El CNE recibi\u00f3 una queja an\u00f3nima en 2023 y en octubre de 2024 decidi\u00f3 abrir la investigaci\u00f3n sobre la campa\u00f1a. Consider\u00f3 que recibieron fondos de \u201cfuentes de financiaci\u00f3n prohibidas\u201d procedentes de la Federaci\u00f3n Colombiana de Trabajadores de la Educaci\u00f3n (Fecode), de Ingenial Medias y de la Uni\u00f3n Sindical Obrera.<\/p>\n","protected":false},"excerpt":{"rendered":"<p>El presidente colombiano, Gustavo Petro, rechaz\u00f3 este jueves la sanci\u00f3n administrativa impuesta por la autoridad electoral a la campa\u00f1a electoral<\/p>\n","protected":false},"author":4,"featured_media":75743,"comment_status":"closed","ping_status":"closed","sticky":false,"template":"","format":"standard","meta":{"colormag_page_container_layout":"default_layout","colormag_page_sidebar_layout":"default_layout","_jetpack_memberships_contains_paid_content":false,"footnotes":"","jetpack_publicize_message":"","jetpack_publicize_feature_enabled":true,"jetpack_social_post_already_shared":true,"jetpack_social_options":{"image_generator_settings":{"template":"highway","default_image_id":0,"font":"","enabled":false},"version":2}},"categories":[28],"tags":[],"class_list":["post-75742","post","type-post","status-publish","format-standard","has-post-thumbnail","hentry","category-internacional"],"jetpack_publicize_connections":[],"jetpack_featured_media_url":"https:\/\/i0.wp.com\/politicosaldesnudo.com.mx\/wp-content\/uploads\/2025\/11\/LAPWTRIN.jpg?fit=1200%2C795&ssl=1","jetpack-related-posts":[],"jetpack_sharing_enabled":true,"_links":{"self":[{"href":"https:\/\/politicosaldesnudo.com.mx\/index.php\/wp-json\/wp\/v2\/posts\/75742","targetHints":{"allow":["GET"]}}],"collection":[{"href":"https:\/\/politicosaldesnudo.com.mx\/index.php\/wp-json\/wp\/v2\/posts"}],"about":[{"href":"https:\/\/politicosaldesnudo.com.mx\/index.php\/wp-json\/wp\/v2\/types\/post"}],"author":[{"embeddable":true,"href":"https:\/\/politicosaldesnudo.com.mx\/index.php\/wp-json\/wp\/v2\/users\/4"}],"replies":[{"embeddable":true,"href":"https:\/\/politicosaldesnudo.com.mx\/index.php\/wp-json\/wp\/v2\/comments?post=75742"}],"version-history":[{"count":0,"href":"https:\/\/politicosaldesnudo.com.mx\/index.php\/wp-json\/wp\/v2\/posts\/75742\/revisions"}],"wp:featuredmedia":[{"embeddable":true,"href":"https:\/\/politicosaldesnudo.com.mx\/index.php\/wp-json\/wp\/v2\/media\/75743"}],"wp:attachment":[{"href":"https:\/\/politicosaldesnudo.com.mx\/index.php\/wp-json\/wp\/v2\/media?parent=75742"}],"wp:term":[{"taxonomy":"category","embeddable":true,"href":"https:\/\/politicosaldesnudo.com.mx\/index.php\/wp-json\/wp\/v2\/categories?post=75742"},{"taxonomy":"post_tag","embeddable":true,"href":"https:\/\/politicosaldesnudo.com.mx\/index.php\/wp-json\/wp\/v2\/tags?post=75742"}],"curies":[{"name":"wp","href":"https:\/\/api.w.org\/{rel}","templated":true}]}}