{"id":75745,"date":"2025-11-28T00:19:53","date_gmt":"2025-11-28T06:19:53","guid":{"rendered":"https:\/\/politicosaldesnudo.com.mx\/?p=75745"},"modified":"2025-11-27T21:57:17","modified_gmt":"2025-11-28T03:57:17","slug":"rixi-moncada-la-candidata-de-izquierda-que-reta-a-grupos-economicos-en-honduras","status":"publish","type":"post","link":"https:\/\/politicosaldesnudo.com.mx\/index.php\/2025\/11\/28\/rixi-moncada-la-candidata-de-izquierda-que-reta-a-grupos-economicos-en-honduras\/","title":{"rendered":"Rixi Moncada, la candidata de izquierda que reta a grupos econ\u00f3micos en Honduras"},"content":{"rendered":"<p class=\"nota-justify\">Rixi Ramona Moncada, de 60 a\u00f1os y a quien algunos cuestionan por su discurso confrontativo, es la candidata del oficialista partido Libertad y Refundaci\u00f3n (Libre), de izquierda, que busca ganar la presidencia en las elecciones hondure\u00f1as del pr\u00f3ximo domingo.<\/p>\n<p class=\"nota-justify\">Se autodefine como una mujer valiente que no se vende a los grupos econ\u00f3micos y pregona que su deseo es ver a una Honduras pr\u00f3spera y con igualdad de condiciones para sus ciudadanos.<\/p>\n<p class=\"nota-justify\">Moncada quiere seguir los pasos de la mandataria saliente, Xiomara Castro, la primera mujer en llegar a la presidencia en el pa\u00eds centroamericano y a la que considera su aliada en este intento.<\/p>\n<p class=\"nota-justify\">Durante la campa\u00f1a pregon\u00f3 que buscar\u00e1 la \u201cdemocratizaci\u00f3n de la econom\u00eda\u201d, en una naci\u00f3n de 10 millones de habitantes y donde la pobreza afecta al 60 por ciento de la poblaci\u00f3n, seg\u00fan datos recientes del Instituto Nacional de Estad\u00edsticas.<\/p>\n<p class=\"nota-justify\">\u201cNo hay ninguna posibilidad de desarrollar y transformar el pa\u00eds si no hacemos justicia econ\u00f3mica y no eliminamos ese fierro financiero que limita a las familias para acceder a recursos (cr\u00e9ditos) con bajos intereses\u201d, ha se\u00f1alado la candidata, una abogada de profesi\u00f3n, casada y con dos hijos.<\/p>\n<p class=\"nota-justify\">Moncada llega junto al candidato Salvador Nasralla, del tradicional Partido Liberal y popular presentador de televisi\u00f3n, y el aspirante del Partido Nacional, el empresario de la construcci\u00f3n, Nasry Asfura, como los tres con mejores posibilidades de alzarse con la victoria, seg\u00fan las encuestas.<\/p>\n<p class=\"nota-justify\">Moncada es una de las fundadoras del partido Libre que fue estructurado en las calles tras el golpe de Estado de 2009 contra el entonces mandatario de izquierda, Manuel Zelaya, esposo de Castro, la gobernante saliente.<\/p>\n<p class=\"nota-justify\">Se hizo visible en la vida p\u00fablica durante la administraci\u00f3n de Zelaya (2006-2009) cuando fungi\u00f3 como secretaria de Trabajo y Seguridad Social y gerente de la Empresa Nacional de Energ\u00eda El\u00e9ctrica entre 2008 y 2009.<\/p>\n<p class=\"nota-justify\">En 2019 fue elegida por el Congreso miembro del Consejo Nacional Electoral (CNE), por lo que form\u00f3 parte del m\u00e1ximo \u00f3rgano electoral en los comicios de 2021 en los que Castro logr\u00f3 la victoria. En 2022 asumi\u00f3 el cargo de secretaria de Finanzas y posteriormente fue nombrada en la Secretar\u00eda de Defensa. En enero de 2024, anunci\u00f3 que buscar\u00eda la presidencia de Honduras.<\/p>\n<p class=\"nota-justify\">Como abogada tambi\u00e9n fungi\u00f3 como jueza y magistrada de la Corte Primera de Apelaciones. Adem\u00e1s, ocup\u00f3 varios cargos dentro del Ministerio P\u00fablico y se desempe\u00f1\u00f3 como docente universitaria.<\/p>\n<p class=\"nota-justify\">Para enfrentar las desigualdades en uno de los pa\u00edses m\u00e1s pobres de Am\u00e9rica Central, la candidata dice que busca estructurar un plan de gobierno que denomina \u201cDemocratizaci\u00f3n de la econom\u00eda\u201d.<\/p>\n<p class=\"nota-justify\">Prometi\u00f3 someter a la aprobaci\u00f3n del Congreso una ley de justicia tributaria para que los que m\u00e1s tienen paguen m\u00e1s impuestos, una iniciativa que impuls\u00f3 el gobierno de Castro pero que no logr\u00f3 los votos suficientes en el Parlamento.<\/p>\n<p class=\"nota-justify\">Tambi\u00e9n se comprometi\u00f3 a regular y flexibilizar el sistema financiero para que los hondure\u00f1os tengan mayor acceso a cr\u00e9ditos con bajos intereses.<\/p>\n<p class=\"nota-justify\">Pero Moncada tambi\u00e9n fue frontal con los poderes econ\u00f3micos. Una de sus promesas apunta a \u201cdesmantelar\u201d lo que dice son los 25 grupos econ\u00f3micos y las 10 familias que, a su criterio, se han apropiado del 80 por ciento de la riqueza del pa\u00eds.<\/p>\n<p class=\"nota-justify\">\u201cVoy a representarlos (a los trabajadores) frente a la oligarqu\u00eda, frente a los saqueadores, saben que voy a luchar por empleos dignos, por salarios justos, por atenci\u00f3n directa a las mujeres y a las familias. Queremos el capital al servicio de la clase trabajadora\u201d, prometi\u00f3 Moncada en su cierre de campa\u00f1a. Tambi\u00e9n acusa a esos grupos econ\u00f3micos del golpe de Estado contra Zelaya en 2009.<\/p>\n<p class=\"nota-justify\">Para el analista pol\u00edtico Olbal Valladares, Moncada \u201ctiene un empecinamiento en crear una confrontaci\u00f3n con el sector privado&#8230; Hay una incoherencia al decir que su gobierno va a generar empleo, pero sus discursos son sumamente contrarios a los intereses del sector privado\u201d.<\/p>\n<p class=\"nota-justify\">Otros analistas afirman que Moncada y Nasralla se enfrascaron m\u00e1s en acusaciones mutuas y en denunciar posibles fraudes que en ofrecer un plan de gobierno s\u00f3lido y realista para enfrentar los viejos problemas de desigualdad y la inseguridad en el pa\u00eds.<\/p>\n","protected":false},"excerpt":{"rendered":"<p>Rixi Ramona Moncada, de 60 a\u00f1os y a quien algunos cuestionan por su discurso confrontativo, es la candidata del oficialista<\/p>\n","protected":false},"author":4,"featured_media":75746,"comment_status":"closed","ping_status":"closed","sticky":false,"template":"","format":"standard","meta":{"colormag_page_container_layout":"default_layout","colormag_page_sidebar_layout":"default_layout","_jetpack_memberships_contains_paid_content":false,"footnotes":"","jetpack_publicize_message":"","jetpack_publicize_feature_enabled":true,"jetpack_social_post_already_shared":true,"jetpack_social_options":{"image_generator_settings":{"template":"highway","default_image_id":0,"font":"","enabled":false},"version":2}},"categories":[28],"tags":[],"class_list":["post-75745","post","type-post","status-publish","format-standard","has-post-thumbnail","hentry","category-internacional"],"jetpack_publicize_connections":[],"jetpack_featured_media_url":"https:\/\/i0.wp.com\/politicosaldesnudo.com.mx\/wp-content\/uploads\/2025\/11\/LARIK.jpg?fit=1200%2C801&ssl=1","jetpack-related-posts":[],"jetpack_sharing_enabled":true,"_links":{"self":[{"href":"https:\/\/politicosaldesnudo.com.mx\/index.php\/wp-json\/wp\/v2\/posts\/75745","targetHints":{"allow":["GET"]}}],"collection":[{"href":"https:\/\/politicosaldesnudo.com.mx\/index.php\/wp-json\/wp\/v2\/posts"}],"about":[{"href":"https:\/\/politicosaldesnudo.com.mx\/index.php\/wp-json\/wp\/v2\/types\/post"}],"author":[{"embeddable":true,"href":"https:\/\/politicosaldesnudo.com.mx\/index.php\/wp-json\/wp\/v2\/users\/4"}],"replies":[{"embeddable":true,"href":"https:\/\/politicosaldesnudo.com.mx\/index.php\/wp-json\/wp\/v2\/comments?post=75745"}],"version-history":[{"count":0,"href":"https:\/\/politicosaldesnudo.com.mx\/index.php\/wp-json\/wp\/v2\/posts\/75745\/revisions"}],"wp:featuredmedia":[{"embeddable":true,"href":"https:\/\/politicosaldesnudo.com.mx\/index.php\/wp-json\/wp\/v2\/media\/75746"}],"wp:attachment":[{"href":"https:\/\/politicosaldesnudo.com.mx\/index.php\/wp-json\/wp\/v2\/media?parent=75745"}],"wp:term":[{"taxonomy":"category","embeddable":true,"href":"https:\/\/politicosaldesnudo.com.mx\/index.php\/wp-json\/wp\/v2\/categories?post=75745"},{"taxonomy":"post_tag","embeddable":true,"href":"https:\/\/politicosaldesnudo.com.mx\/index.php\/wp-json\/wp\/v2\/tags?post=75745"}],"curies":[{"name":"wp","href":"https:\/\/api.w.org\/{rel}","templated":true}]}}