{"id":75748,"date":"2025-11-28T00:20:07","date_gmt":"2025-11-28T06:20:07","guid":{"rendered":"https:\/\/politicosaldesnudo.com.mx\/?p=75748"},"modified":"2025-11-27T21:59:24","modified_gmt":"2025-11-28T03:59:24","slug":"no-habra-alto-el-fuego-mientras-tropas-ucranias-no-se-retiren-putin","status":"publish","type":"post","link":"https:\/\/politicosaldesnudo.com.mx\/index.php\/2025\/11\/28\/no-habra-alto-el-fuego-mientras-tropas-ucranias-no-se-retiren-putin\/","title":{"rendered":"No habr\u00e1 alto el fuego mientras tropas ucranias no se retiren: Putin"},"content":{"rendered":"<p class=\"nota-justify\">El presidente de Rusia, Vladimir Putin, afirm\u00f3 este jueves que no habr\u00e1 un alto el fuego mientras las tropas ucranias permanezcan en los territorios que Mosc\u00fa reclama como suyos y tambi\u00e9n defendi\u00f3 a Steve Witkoff, enviado especial de la Casa Blanca, acusado en Estados Unidos de promover un plan de paz favorable al Kremlin, tras la reciente difusi\u00f3n de la transcripci\u00f3n de dos conversaciones confidenciales, una suya con un alto funcionario de Mosc\u00fa y otra entre dos miembros del entorno presidencial ruso.<\/p>\n<p class=\"nota-justify\">\u201cNo hay motivo alguno para acusar al se\u00f1or Witkoff de ser demasiado complaciente con sus colegas rusos\u201d, se\u00f1al\u00f3 Putin en rueda de prensa con los periodistas de su pa\u00eds al t\u00e9rmino de su viaje a Kirguist\u00e1n.<\/p>\n<p class=\"nota-justify\">\u201cSer\u00eda raro que en sus conversaciones con (el asesor presidencial de pol\u00edtica exterior, Yuri) Ushakov nos llenara de insultos, dijera algo realmente inapropiado y luego viniera y tratara de mantener relaciones con nosotros como si nada y para mejorar sus posiciones negociadoras. Ser\u00eda una estupidez\u201d, continu\u00f3 Putin expresando su respaldo a Witkoff.<\/p>\n<p class=\"nota-justify\">\u201cConozco al se\u00f1or Witkoff desde hace meses. Su amistad con el presidente Trump data de a\u00f1os, si no de d\u00e9cadas. Es un ciudadano estadunidense y defiende las posiciones de su presidente y de su pa\u00eds como \u00e9l las entiende y lo entienden quienes lo env\u00edan a Mosc\u00fa a negociar con nosotros. En efecto, nuestro di\u00e1logo no es f\u00e1cil, pero lo llevamos sin insultos ni escupitajos en la cara del otro, y como personas educadas cada cual vela por sus intereses\u201d, zanj\u00f3 Putin el tema de las filtraciones.<\/p>\n<p class=\"nota-justify\">El titular del Kremlin, al responder otra pregunta, adelant\u00f3 cu\u00e1ndo va a acabar la guerra con Ucrania: \u201cHasta ahora nos piden un alto el fuego. Cuando las tropas ucranias abandonen los territorios que ocupan, entonces habr\u00e1 un alto el fuego; si no lo quieren hacer, lo conseguiremos por la v\u00eda militar\u201d, amenaz\u00f3.<\/p>\n<p class=\"nota-justify\">Dijo que quiere negociar con Estados Unidos, y no con Ucrania, el reconocimiento internacional de Crimea y del Donb\u00e1s, como se conoce aqu\u00ed las regiones de Donietsk y Lugansk, regiones anexionadas por Rusia.<\/p>\n<p class=\"nota-justify\">\u201cEs uno de los puntos clave\u201d, subray\u00f3 Putin, y explic\u00f3 que \u201cese reconocimiento debe ser parte de nuestras negociaciones con Estados Unidos, por cuanto es muy importante que un ataque contra esos territorios sea considerado una agresi\u00f3n contra la Federaci\u00f3n Rusa con las consiguientes medidas de respuesta\u201d.<\/p>\n<p class=\"nota-justify\">Volvi\u00f3 a insistir en que en este momento \u201cno se puede firmar nada con Ucrania\u201d debido a que, en su opini\u00f3n, \u201cno tendr\u00eda ninguna validez legal\u201d, toda vez que el presidente de Ucrania, Volodymir Zelensky, \u201ccometi\u00f3 el error estrat\u00e9gico\u201d de no convocar elecciones al t\u00e9rmino de su mandato (la Constituci\u00f3n ucrania no permite convocar a las urnas en tiempos de guerra, aleg\u00f3 Kiev).<\/p>\n<p class=\"nota-justify\">Argument\u00f3 que Rusia tambi\u00e9n est\u00e1 en guerra \u2013aunque eufem\u00edsticamente se trata de una \u201coperaci\u00f3n militar especial\u201d que exime a las autoridades de una declaraci\u00f3n de guerra en toda regla\u2013 y llev\u00f3 a cabo comicios presidenciales en 2024. Ucrania replica que la inmensa mayor\u00eda de las ciudades de Rusia, salvo las localidades de la franja fronteriza donde el Kremlin cancel\u00f3 la votaci\u00f3n para no exponer a la poblaci\u00f3n, no estaban sometidas a bombardeos casi cotidianos.<\/p>\n<p class=\"nota-justify\">Sin ser ese su prop\u00f3sito, el mandatario ruso confirm\u00f3 que la ausencia del escenario p\u00fablico durante casi un mes del canciller Serguei Lavrov se debi\u00f3 a alg\u00fan problema de salud, que acorde con la tradici\u00f3n sovi\u00e9tica se ocult\u00f3 con f\u00e9rreo hermetismo, y nada tiene que ver a una supuesta ca\u00edda en desgracia por la cancelaci\u00f3n de la cumbre de Putin y Trump en Budapest.<\/p>\n<p class=\"nota-justify\">\u201cEs una idiotez. No ha ca\u00eddo en ninguna desgracia, \u00e9l tiene su propia agenda y me pidi\u00f3 concentrarse en los preparativos de una reuni\u00f3n con su contraparte estadunidense\u201d, respondi\u00f3 Putin al reportero que quiso saber si, a la luz de las filtraciones que ponen de relieve el protagonismo de Ushakov y Dmitriev, Lavrov hab\u00eda sido apartado de la negociaci\u00f3n con Estados Unidos y por qu\u00e9 no lo acompa\u00f1\u00f3 en este viaje a Kirguist\u00e1n.<\/p>\n<p class=\"nota-justify\">Putin trat\u00f3 de minimizar la impresi\u00f3n de que Ushakov desplaz\u00f3 a Lavrov: \u201cMi asesor de pol\u00edtica exterior lleva los contactos con los estadunidenses, pero \u00e9l (Ushakov) no puede solo, y ah\u00ed se incorporan la Canciller\u00eda y la Oficina de la Presidencia (Lavrov y Vladimir Medinsky, que encabez\u00f3 el grupo de negociadores rusos en Estambul) y, en cuanto a cuestiones puntuales (como el intercambio de prisioneros que se negoci\u00f3 hace poco en Abu Dhabi) participan las respectivas dependencias\u201d, explic\u00f3.<\/p>\n<p class=\"nota-justify\">De ese modo, el jefe del Ejecutivo ruso dio veracidad a la posible participaci\u00f3n del director del GRU (inteligencia militar rusa), Igor Kostyukov, en el reciente encuentro en la capital de Emiratos \u00c1rabes Unidos con el emisario estadunidense, Daniel Driscoll, quien tambi\u00e9n se reuni\u00f3n con Kyrylo Budanov, hom\u00f3logo del ruso.<\/p>\n","protected":false},"excerpt":{"rendered":"<p>El presidente de Rusia, Vladimir Putin, afirm\u00f3 este jueves que no habr\u00e1 un alto el fuego mientras las tropas ucranias<\/p>\n","protected":false},"author":4,"featured_media":75749,"comment_status":"closed","ping_status":"closed","sticky":false,"template":"","format":"standard","meta":{"colormag_page_container_layout":"default_layout","colormag_page_sidebar_layout":"default_layout","_jetpack_memberships_contains_paid_content":false,"footnotes":"","jetpack_publicize_message":"","jetpack_publicize_feature_enabled":true,"jetpack_social_post_already_shared":true,"jetpack_social_options":{"image_generator_settings":{"template":"highway","default_image_id":0,"font":"","enabled":false},"version":2}},"categories":[28],"tags":[],"class_list":["post-75748","post","type-post","status-publish","format-standard","has-post-thumbnail","hentry","category-internacional"],"jetpack_publicize_connections":[],"jetpack_featured_media_url":"https:\/\/i0.wp.com\/politicosaldesnudo.com.mx\/wp-content\/uploads\/2025\/11\/ELPUT.jpg?fit=1200%2C800&ssl=1","jetpack-related-posts":[],"jetpack_sharing_enabled":true,"_links":{"self":[{"href":"https:\/\/politicosaldesnudo.com.mx\/index.php\/wp-json\/wp\/v2\/posts\/75748","targetHints":{"allow":["GET"]}}],"collection":[{"href":"https:\/\/politicosaldesnudo.com.mx\/index.php\/wp-json\/wp\/v2\/posts"}],"about":[{"href":"https:\/\/politicosaldesnudo.com.mx\/index.php\/wp-json\/wp\/v2\/types\/post"}],"author":[{"embeddable":true,"href":"https:\/\/politicosaldesnudo.com.mx\/index.php\/wp-json\/wp\/v2\/users\/4"}],"replies":[{"embeddable":true,"href":"https:\/\/politicosaldesnudo.com.mx\/index.php\/wp-json\/wp\/v2\/comments?post=75748"}],"version-history":[{"count":0,"href":"https:\/\/politicosaldesnudo.com.mx\/index.php\/wp-json\/wp\/v2\/posts\/75748\/revisions"}],"wp:featuredmedia":[{"embeddable":true,"href":"https:\/\/politicosaldesnudo.com.mx\/index.php\/wp-json\/wp\/v2\/media\/75749"}],"wp:attachment":[{"href":"https:\/\/politicosaldesnudo.com.mx\/index.php\/wp-json\/wp\/v2\/media?parent=75748"}],"wp:term":[{"taxonomy":"category","embeddable":true,"href":"https:\/\/politicosaldesnudo.com.mx\/index.php\/wp-json\/wp\/v2\/categories?post=75748"},{"taxonomy":"post_tag","embeddable":true,"href":"https:\/\/politicosaldesnudo.com.mx\/index.php\/wp-json\/wp\/v2\/tags?post=75748"}],"curies":[{"name":"wp","href":"https:\/\/api.w.org\/{rel}","templated":true}]}}