{"id":75758,"date":"2025-11-27T22:06:49","date_gmt":"2025-11-28T04:06:49","guid":{"rendered":"https:\/\/politicosaldesnudo.com.mx\/?p=75758"},"modified":"2025-11-27T22:06:49","modified_gmt":"2025-11-28T04:06:49","slug":"una-coincidencia-politica-que-no-es-casualidad","status":"publish","type":"post","link":"https:\/\/politicosaldesnudo.com.mx\/index.php\/2025\/11\/27\/una-coincidencia-politica-que-no-es-casualidad\/","title":{"rendered":"Una coincidencia pol\u00edtica que no es casualidad"},"content":{"rendered":"<p style=\"font-weight: 400;\"><em>\u201cLas cosas no cambian; cambiamos nosotros\u201d. \u2013 Henry David Thoureau.<\/em><\/p>\n<p style=\"font-weight: 400;\"><strong>En la pol\u00edtica mexicana pocas cosas ocurren por accidente. Mientras en el \u00e1mbito federal la presidenta Claudia Sheinbaum Pardo afina el relevo del Fiscal General de la Rep\u00fablica \u2014un movimiento que marcar\u00e1 el fin del largo y controvertido ciclo de Alejandro Gertz Manero y abrir\u00e1 paso a la llegada de Ernestina Godoy\u2014, en Veracruz se prepara un ajuste institucional paralelo que refleja sinton\u00eda, estrategia y, sobre todo, control pol\u00edtico. La gobernadora Roc\u00edo Nahle Garc\u00eda est\u00e1 lista para designar a Lisbeth Aurelia Jim\u00e9nez Aguirre como nueva titular de la Fiscal\u00eda General del Estado (FGE), un nombramiento que obedece a una l\u00f3gica definida del poder y no al azar.<\/strong><\/p>\n<p style=\"font-weight: 400;\"><strong>Para Sheinbaum, la llegada de Godoy no es solo un acto de reacomodo institucional: es el regreso de una dupla en la que conf\u00eda plenamente. La presidenta no esconde el orgullo por el binomio Harfuch-Godoy, un t\u00e1ndem que, cuando ella gobern\u00f3 la Ciudad de M\u00e9xico, dio resultados concretos y medibles.<\/strong><\/p>\n<p style=\"font-weight: 400;\"><strong>Vale recordar que Ernestina fue la fiscal capitalina y que, junto con Omar Garc\u00eda Harfuch desde la Secretar\u00eda de Seguridad, lograron reducir de manera contundente los \u00edndices delictivos, expulsar a varios c\u00e1rteles que buscaban operar en la capital y desarticular m\u00faltiples c\u00e9lulas criminales que se hab\u00edan enquistado en distintas alcald\u00edas. Sheinbaum sabe de lo que son capaces y apuesta a replicar ese modelo, ahora desde el \u00e1mbito nacional.<\/strong><\/p>\n<p style=\"font-weight: 400;\"><strong>En paralelo, Nahle impulsa en Veracruz un perfil que encaja en la nueva arquitectura institucional que busca construir: institucional, profesional, conocedora del entramado legal y leal a su proyecto pol\u00edtico. Lisbeth Aurelia Jim\u00e9nez Aguirre no es una figura estridente. Su bajo perfil ha sido su sello y, a la vez, su mayor fortaleza dentro del c\u00edrculo cercano de la mandataria estatal.<\/strong><\/p>\n<p style=\"font-weight: 400;\"><strong>En tiempos donde la exposici\u00f3n desgasta y la confrontaci\u00f3n gratuita se vuelve un lastre, la discreci\u00f3n se convierte en virtud. La futura fiscal ha demostrado disciplina, prudencia y una capacidad poco com\u00fan para operar sin protagonismos. Ese estilo aporta estabilidad a una instituci\u00f3n hist\u00f3ricamente marcada por la politizaci\u00f3n y por disputas internas que, durante a\u00f1os, complicaron la procuraci\u00f3n de justicia en Veracruz.<\/strong><\/p>\n<p style=\"font-weight: 400;\"><strong>Quienes intentaron etiquetarla como cercana al impresentable defensor de la llamada \u201cnegritud jarocha\u201d -\u00e9l nada famoso Eric Patrocinio Cisneros Burgos- se quedaron sin argumentos. El tiempo puso las cosas en su sitio: Jim\u00e9nez Aguirre no solo se deslind\u00f3 en los hechos, sino que acredit\u00f3 compromiso institucional y lealtad a la gobernadora.<\/strong><\/p>\n<p style=\"font-weight: 400;\"><strong>Una lealtad entendida no como sumisi\u00f3n, sino como claridad de rumbo en un proyecto que necesita cohesi\u00f3n para enfrentar el reto mayor: pacificar al estado y fortalecer el orden jur\u00eddico.<\/strong><\/p>\n<p style=\"font-weight: 400;\"><strong>As\u00ed como Sheinbaum busca recomponer la justicia a nivel nacional con una figura en la que conf\u00eda plenamente, Nahle apuesta por un nombramiento que acompa\u00f1e su proyecto con firmeza, car\u00e1cter y t\u00e9cnica. No es coincidencia: ambas entienden que sin justicia no hay gobernabilidad, y sin gobernabilidad no hay transformaci\u00f3n posible.<\/strong><\/p>\n<p style=\"font-weight: 400;\"><strong>\u00a0<\/strong><\/p>\n<p style=\"font-weight: 400;\"><strong>Al tiempo.<\/strong><\/p>\n<p><img data-recalc-dims=\"1\" loading=\"lazy\" decoding=\"async\" class=\"aligncenter size-full wp-image-75752\" src=\"https:\/\/i0.wp.com\/politicosaldesnudo.com.mx\/wp-content\/uploads\/2025\/11\/FIRMA-EDITORIAL-PD-7.jpg?resize=800%2C98&#038;ssl=1\" alt=\"\" width=\"800\" height=\"98\" srcset=\"https:\/\/i0.wp.com\/politicosaldesnudo.com.mx\/wp-content\/uploads\/2025\/11\/FIRMA-EDITORIAL-PD-7.jpg?w=1024&amp;ssl=1 1024w, https:\/\/i0.wp.com\/politicosaldesnudo.com.mx\/wp-content\/uploads\/2025\/11\/FIRMA-EDITORIAL-PD-7.jpg?resize=300%2C37&amp;ssl=1 300w, https:\/\/i0.wp.com\/politicosaldesnudo.com.mx\/wp-content\/uploads\/2025\/11\/FIRMA-EDITORIAL-PD-7.jpg?resize=768%2C94&amp;ssl=1 768w\" sizes=\"auto, (max-width: 800px) 100vw, 800px\" \/><\/p>\n","protected":false},"excerpt":{"rendered":"<p>\u201cLas cosas no cambian; cambiamos nosotros\u201d. \u2013 Henry David Thoureau. En la pol\u00edtica mexicana pocas cosas ocurren por accidente. Mientras<\/p>\n","protected":false},"author":4,"featured_media":36965,"comment_status":"closed","ping_status":"closed","sticky":false,"template":"","format":"standard","meta":{"colormag_page_container_layout":"default_layout","colormag_page_sidebar_layout":"default_layout","_jetpack_memberships_contains_paid_content":false,"footnotes":"","jetpack_publicize_message":"","jetpack_publicize_feature_enabled":true,"jetpack_social_post_already_shared":true,"jetpack_social_options":{"image_generator_settings":{"template":"highway","default_image_id":0,"font":"","enabled":false},"version":2}},"categories":[26],"tags":[],"class_list":["post-75758","post","type-post","status-publish","format-standard","has-post-thumbnail","hentry","category-columnistas"],"jetpack_publicize_connections":[],"jetpack_featured_media_url":"https:\/\/i0.wp.com\/politicosaldesnudo.com.mx\/wp-content\/uploads\/2024\/05\/LUIS-RAMIREZ-BAQUEIRO.jpg?fit=800%2C445&ssl=1","jetpack-related-posts":[],"jetpack_sharing_enabled":true,"_links":{"self":[{"href":"https:\/\/politicosaldesnudo.com.mx\/index.php\/wp-json\/wp\/v2\/posts\/75758","targetHints":{"allow":["GET"]}}],"collection":[{"href":"https:\/\/politicosaldesnudo.com.mx\/index.php\/wp-json\/wp\/v2\/posts"}],"about":[{"href":"https:\/\/politicosaldesnudo.com.mx\/index.php\/wp-json\/wp\/v2\/types\/post"}],"author":[{"embeddable":true,"href":"https:\/\/politicosaldesnudo.com.mx\/index.php\/wp-json\/wp\/v2\/users\/4"}],"replies":[{"embeddable":true,"href":"https:\/\/politicosaldesnudo.com.mx\/index.php\/wp-json\/wp\/v2\/comments?post=75758"}],"version-history":[{"count":0,"href":"https:\/\/politicosaldesnudo.com.mx\/index.php\/wp-json\/wp\/v2\/posts\/75758\/revisions"}],"wp:featuredmedia":[{"embeddable":true,"href":"https:\/\/politicosaldesnudo.com.mx\/index.php\/wp-json\/wp\/v2\/media\/36965"}],"wp:attachment":[{"href":"https:\/\/politicosaldesnudo.com.mx\/index.php\/wp-json\/wp\/v2\/media?parent=75758"}],"wp:term":[{"taxonomy":"category","embeddable":true,"href":"https:\/\/politicosaldesnudo.com.mx\/index.php\/wp-json\/wp\/v2\/categories?post=75758"},{"taxonomy":"post_tag","embeddable":true,"href":"https:\/\/politicosaldesnudo.com.mx\/index.php\/wp-json\/wp\/v2\/tags?post=75758"}],"curies":[{"name":"wp","href":"https:\/\/api.w.org\/{rel}","templated":true}]}}