{"id":75760,"date":"2025-11-27T22:08:11","date_gmt":"2025-11-28T04:08:11","guid":{"rendered":"https:\/\/politicosaldesnudo.com.mx\/?p=75760"},"modified":"2025-11-27T22:08:11","modified_gmt":"2025-11-28T04:08:11","slug":"el-patrimonio-de-veracruz-no-se-regala","status":"publish","type":"post","link":"https:\/\/politicosaldesnudo.com.mx\/index.php\/2025\/11\/27\/el-patrimonio-de-veracruz-no-se-regala\/","title":{"rendered":"El patrimonio de Veracruz no se regala"},"content":{"rendered":"<p>Hay s\u00edmbolos que no se tocan. Y menos cuando pertenecen a la memoria colectiva de un pueblo que bastante ha tenido que batallar para conservar su identidad frente a gobiernos que confunden patrimonio con utiler\u00eda pol\u00edtica. La reciente entrega del primer libro del Registro Civil de M\u00e9xico \u2014el que contiene el acta de nacimiento de la hija de Benito Ju\u00e1rez\u2014 por parte de la gobernadora Roc\u00edo Nahle a la presidenta Claudia Sheinbaum, vuelve a poner sobre la mesa un viejo y grave problema: la ligereza con la que algunos funcionarios tratan documentos que son, ni m\u00e1s ni menos, que pedazos vivos de nuestra historia.<\/p>\n<p>No se trata de una an\u00e9cdota pintoresca. Se trata de un acto que, de confirmarse, violar\u00eda la Ley 71 de Veracruz, que protege el patrimonio documental del estado y establece, con toda claridad, que los archivos administrativos e hist\u00f3ricos no son propiedad personal de ning\u00fan servidor p\u00fablico. Son bienes de la Naci\u00f3n, resguardados temporalmente por instituciones que est\u00e1n obligadas a preservarlos, no a obsequiarlos como souvenirs presidenciales.<\/p>\n<p>La investigadora y acad\u00e9mica Olivia Dom\u00ednguez \u2014quien conoce el Archivo Hist\u00f3rico como pocos, porque lo dirigi\u00f3 y lo estudi\u00f3 con rigor\u2014 lo dijo sin rodeos: la omisi\u00f3n es grave. Y tiene raz\u00f3n. Porque no es suficiente una fotograf\u00eda sonriente ni un acto p\u00fablico para legitimar la transferencia de un documento que estuvo bajo custodia del Ayuntamiento de Veracruz hasta 2018, cuando pas\u00f3 al resguardo del Gobierno del Estado. Esa transferencia debi\u00f3 quedar asentada en un instrumento jur\u00eddico que hoy, misteriosamente, nadie ha mostrado.<\/p>\n<p>Que el libro haya terminado en manos del Gobierno Federal \u2014suponiendo que efectivamente se formaliz\u00f3 ese movimiento\u2014 solo podr\u00eda hacerse mediante aprobaci\u00f3n de la Legislatura de Veracruz. As\u00ed lo manda la ley. No hay interpretaci\u00f3n creativa posible. No hay espacio para la \u201cdiscrecionalidad\u201d. No hay justificaci\u00f3n pol\u00edtica que valga.<\/p>\n<p>Durante d\u00e9cadas, ese primer libro estuvo expuesto en un capelo transparente dentro del edificio hist\u00f3rico de Ju\u00e1rez y Morelos. Era un s\u00edmbolo del orgullo veracruzano: aqu\u00ed naci\u00f3 la primera instituci\u00f3n civil de M\u00e9xico. Aqu\u00ed empez\u00f3 el registro moderno de las personas. Ese libro era \u2014y es\u2014 una pieza fundacional del derecho a la identidad.<\/p>\n<p>Por eso sorprende, y preocupa, la opacidad. \u00bfD\u00f3nde est\u00e1 el documento que acredita la cesi\u00f3n? \u00bfQui\u00e9n autoriz\u00f3 la transferencia? \u00bfBajo qu\u00e9 argumento legal se justific\u00f3 que un bien documental \u2014irreemplazable, \u00fanico, insustituible\u2014 saliera del estado? \u00bfEn qu\u00e9 momento dejamos de entender que la historia no se entrega, se preserva?<\/p>\n<p>Los veracruzanos tienen derecho a exigir claridad. Y las autoridades tienen la obligaci\u00f3n de responder, no con discursos, sino con documentos, fechas, firmas y procedimientos.<\/p>\n<p>El patrimonio no se regala. No se improvisa. No se politiza. La historia pertenece al pueblo, no a los gobiernos de turno.<\/p>\n<p>Y si todav\u00eda hay dudas, si a\u00fan hay silencios, si a\u00fan no aparecen los instrumentos legales que respalden este movimiento, entonces lo que procede no es la defensa burocr\u00e1tica ni el enojo oficial, sino la rectificaci\u00f3n.<\/p>\n<p>Porque lo verdaderamente imperdonable no ser\u00eda haber entregado el libro, sino permitir que, en Veracruz, la memoria se trate como un accesorio m\u00e1s del poder.<\/p>\n<p><img data-recalc-dims=\"1\" loading=\"lazy\" decoding=\"async\" class=\"aligncenter size-full wp-image-75752\" src=\"https:\/\/i0.wp.com\/politicosaldesnudo.com.mx\/wp-content\/uploads\/2025\/11\/FIRMA-EDITORIAL-PD-7.jpg?resize=800%2C98&#038;ssl=1\" alt=\"\" width=\"800\" height=\"98\" srcset=\"https:\/\/i0.wp.com\/politicosaldesnudo.com.mx\/wp-content\/uploads\/2025\/11\/FIRMA-EDITORIAL-PD-7.jpg?w=1024&amp;ssl=1 1024w, https:\/\/i0.wp.com\/politicosaldesnudo.com.mx\/wp-content\/uploads\/2025\/11\/FIRMA-EDITORIAL-PD-7.jpg?resize=300%2C37&amp;ssl=1 300w, https:\/\/i0.wp.com\/politicosaldesnudo.com.mx\/wp-content\/uploads\/2025\/11\/FIRMA-EDITORIAL-PD-7.jpg?resize=768%2C94&amp;ssl=1 768w\" sizes=\"auto, (max-width: 800px) 100vw, 800px\" \/><\/p>\n","protected":false},"excerpt":{"rendered":"<p>Hay s\u00edmbolos que no se tocan. Y menos cuando pertenecen a la memoria colectiva de un pueblo que bastante ha<\/p>\n","protected":false},"author":4,"featured_media":46060,"comment_status":"closed","ping_status":"closed","sticky":false,"template":"","format":"standard","meta":{"colormag_page_container_layout":"default_layout","colormag_page_sidebar_layout":"default_layout","_jetpack_memberships_contains_paid_content":false,"footnotes":"","jetpack_publicize_message":"","jetpack_publicize_feature_enabled":true,"jetpack_social_post_already_shared":true,"jetpack_social_options":{"image_generator_settings":{"template":"highway","default_image_id":0,"font":"","enabled":false},"version":2}},"categories":[26],"tags":[],"class_list":["post-75760","post","type-post","status-publish","format-standard","has-post-thumbnail","hentry","category-columnistas"],"jetpack_publicize_connections":[],"jetpack_featured_media_url":"https:\/\/i0.wp.com\/politicosaldesnudo.com.mx\/wp-content\/uploads\/2024\/09\/CRISTIANI-2.jpg?fit=800%2C445&ssl=1","jetpack-related-posts":[],"jetpack_sharing_enabled":true,"_links":{"self":[{"href":"https:\/\/politicosaldesnudo.com.mx\/index.php\/wp-json\/wp\/v2\/posts\/75760","targetHints":{"allow":["GET"]}}],"collection":[{"href":"https:\/\/politicosaldesnudo.com.mx\/index.php\/wp-json\/wp\/v2\/posts"}],"about":[{"href":"https:\/\/politicosaldesnudo.com.mx\/index.php\/wp-json\/wp\/v2\/types\/post"}],"author":[{"embeddable":true,"href":"https:\/\/politicosaldesnudo.com.mx\/index.php\/wp-json\/wp\/v2\/users\/4"}],"replies":[{"embeddable":true,"href":"https:\/\/politicosaldesnudo.com.mx\/index.php\/wp-json\/wp\/v2\/comments?post=75760"}],"version-history":[{"count":0,"href":"https:\/\/politicosaldesnudo.com.mx\/index.php\/wp-json\/wp\/v2\/posts\/75760\/revisions"}],"wp:featuredmedia":[{"embeddable":true,"href":"https:\/\/politicosaldesnudo.com.mx\/index.php\/wp-json\/wp\/v2\/media\/46060"}],"wp:attachment":[{"href":"https:\/\/politicosaldesnudo.com.mx\/index.php\/wp-json\/wp\/v2\/media?parent=75760"}],"wp:term":[{"taxonomy":"category","embeddable":true,"href":"https:\/\/politicosaldesnudo.com.mx\/index.php\/wp-json\/wp\/v2\/categories?post=75760"},{"taxonomy":"post_tag","embeddable":true,"href":"https:\/\/politicosaldesnudo.com.mx\/index.php\/wp-json\/wp\/v2\/tags?post=75760"}],"curies":[{"name":"wp","href":"https:\/\/api.w.org\/{rel}","templated":true}]}}