{"id":75762,"date":"2025-11-28T00:00:25","date_gmt":"2025-11-28T06:00:25","guid":{"rendered":"https:\/\/politicosaldesnudo.com.mx\/?p=75762"},"modified":"2025-11-27T23:19:09","modified_gmt":"2025-11-28T05:19:09","slug":"el-pan-se-acaba-a-rebanadas","status":"publish","type":"post","link":"https:\/\/politicosaldesnudo.com.mx\/index.php\/2025\/11\/28\/el-pan-se-acaba-a-rebanadas\/","title":{"rendered":"El PAN se acaba a rebanadas"},"content":{"rendered":"<p><span style=\"font-family: arial, helvetica, sans-serif; font-size: 18pt;\"><strong>ALMA GRANDE<\/strong><\/span><\/p>\n<p><span style=\"font-family: arial, helvetica, sans-serif; font-size: 18pt;\"><strong>Por \u00c1ngel \u00c1lvaro Pe\u00f1a<\/strong><\/span><\/p>\n<p><span style=\"font-family: arial, helvetica, sans-serif; font-size: 14pt;\">Luego del ficticio relanzamiento del PAN el 18 de octubre, es evidente que no pueden abandonar sus viejos vicios, sobre todo en el oficio de la traici\u00f3n a la Patria, a pesar de\u00a0que en su nueva propuesta una de las prioridades era la patria, precisamente.<\/span><\/p>\n<p><span style=\"font-family: arial, helvetica, sans-serif; font-size: 14pt;\">Porque en la farsa presentada dijeron habr\u00eda prioridad a la Patria, la Familia y la Libertad.<\/span><\/p>\n<p><span style=\"font-family: arial, helvetica, sans-serif; font-size: 14pt;\">As\u00ed como ahora traicionan a la patria, hacen lo mismo con la familia y la libertad, porque siguen viendo en el vecino del norte un imperio que nunca ha sido y vive pol\u00edticamente su peor momento.<\/span><\/p>\n<p><span style=\"font-family: arial, helvetica, sans-serif; font-size: 14pt;\">A pesar de esta circunstancia un grupo de dirigentes de ese partido viaj\u00f3 a Estados Unidos para denunciar represi\u00f3n contra los porros que tiraron vallas, quemaron puertas, golpearon polic\u00edas y maltrataron periodistas.<\/span><\/p>\n<p><span style=\"font-family: arial, helvetica, sans-serif; font-size: 14pt;\">Para ellos la represi\u00f3n es un hecho a pesar de que hay testimonios de lo contrario. Las c\u00e1maras de TV Azteca estaban postradas desde temprano en el lugar donde se desarrollar\u00eda la agresi\u00f3n y hab\u00eda puntos de ataque marcados con letreros pintados desde un d\u00eda antes.<\/span><\/p>\n<p><span style=\"font-family: arial, helvetica, sans-serif; font-size: 14pt;\">El PRI prepar\u00f3 desde d\u00edas antes, bufetes de asesor\u00eda legal para ofrecer atenci\u00f3n a las v\u00edctimas de represi\u00f3n y habilit\u00f3 viejas instituciones de abogados para dar ayuda a los j\u00f3venes que fueran agredidos por los polic\u00edas.<\/span><\/p>\n<p><span style=\"font-family: arial, helvetica, sans-serif; font-size: 14pt;\">Ante este panorama, los panistas, Noem\u00ed Luna, Jorge Triana, Roberto Gil Zuarth, abogado de Cabeza de Vaca y exsecretario particular de Felipe Calder\u00f3n; la diputada federal Annia G\u00f3mez; y el diputado federal Fernando Torres, asistieron a la OEA, donde nadie los atendi\u00f3.<\/span><\/p>\n<p><span style=\"font-family: arial, helvetica, sans-serif; font-size: 14pt;\">La sala de recepci\u00f3n estuvo desierta hasta que se cansaron de esperar los traidores a la patria y se fueron, recurriendo entonces a la Comisi\u00f3n Interamericana de Derechos Humanos, donde recogieron los s\u00edntomas y les dijeron que analizar\u00edan el caso y, de ser apropiado, lo difundir\u00edan a otros pa\u00edses.<\/span><\/p>\n<p><span style=\"font-family: arial, helvetica, sans-serif; font-size: 14pt;\">El tema est\u00e1 en debate en el Congreso de la Ciudad de M\u00e9xico, integrados por diputados de todos los partidos, quienes trabajan para dar un veredicto sobre lo que estos panistas dan por cierto.<\/span><\/p>\n<p><span style=\"font-family: arial, helvetica, sans-serif; font-size: 14pt;\">La dirigente nacional de Morena,\u00a0<a href=\"https:\/\/www.eluniversal.com.mx\/nacion\/pan-pide-investigacion-de-oficio-contra-luisa-alcalde-la-acusan-de-violar-la-privacidad-de-edson-andrade\/\">Luisa Mar\u00eda Alcalde Luj\u00e1n<\/a>, asegur\u00f3 que los panistas que acudieron a la Comisi\u00f3n Interamericana de Derechos Humanos en Washington<strong>\u00a0<\/strong>fueron a \u201carrodillarse ante el extranjero\u201d.<\/span><\/p>\n<p><span style=\"font-family: arial, helvetica, sans-serif; font-size: 14pt;\">Alcalde conden\u00f3 que los panistas que acudieron a Estados Unidos<strong>\u00a0<\/strong>denunciaron \u201calgo que ellos mismos inventaron\u201d.<\/span><\/p>\n<p><span style=\"font-family: arial, helvetica, sans-serif; font-size: 14pt;\">La oposici\u00f3n crea conflictos para provocar reacciones violentas de polic\u00edas y autoridades, para poder afirmar ante el extranjero que hubo represi\u00f3n, pero ya no les creen en el extranjero. Saben que el PAN viaja al extranjero, con dinero del erario, a cada rato para denunciar anomal\u00edas que nunca resultan ciertas.<\/span><\/p>\n<p><span style=\"font-family: arial, helvetica, sans-serif; font-size: 14pt;\">Esta vez viajaron sin pruebas y dejaron en manos de la CIDH la investigaci\u00f3n, que seguramente ser\u00e1 archivada porque esa no es la funci\u00f3n de este organismo plegado a la derecha e impulsora de golpes de Estado en Am\u00e9rica Latina.<\/span><\/p>\n<p><span style=\"font-family: arial, helvetica, sans-serif; font-size: 14pt;\">No es un delito acudir a un organismo internacional \u201caut\u00f3nomo\u201d en Estados Unidos, que es financiado en su mayor\u00eda por este pa\u00eds; es claro que el PAN no act\u00faa solo sino con una estructura internacional con valores de derecha a favor del intervencionismo estadounidense en M\u00e9xico, lo que debe tomarse en cuenta es que mienten ante un organismo internacional, de ah\u00ed que cada vez tenga el PAN menos credibilidad dentro y fuera de nuestro territorio.<\/span><\/p>\n<p><span style=\"font-family: arial, helvetica, sans-serif; font-size: 14pt;\">Sobre el tema la presidenta se\u00f1al\u00f3: \u201cUn mexicano va a denunciar a otro pa\u00eds, a Washington, en particular, un invento de c\u00f3mo se dieron las cosas. \u00bfQu\u00e9 opinan ustedes? Que un legislador de un partido de oposici\u00f3n que casi no tiene ya apoyo popular, y que se va al extranjero a denunciar al gobierno mexicano\u201d.<\/span><\/p>\n<p><span style=\"font-family: arial, helvetica, sans-serif; font-size: 14pt;\">El PAN carente de militantes, con el m\u00ednimo necesario para sobrevivir con registro ahora tiene un problema adicional que quiere ocultar con esos viajes y su esc\u00e1ndalo en los medios sobre la deserci\u00f3n que existe precisamente en espacios considerados como bastiones del blanquiazul.<\/span><\/p>\n<p><span style=\"font-family: arial, helvetica, sans-serif; font-size: 14pt;\">El domingo pasado, en el Parque de Innovaci\u00f3n de La Salle, ubicado en Le\u00f3n, Guanajuato, Somos M\u00e9xico, agrupaci\u00f3n que intenta convertirse en partido pol\u00edtico, afili\u00f3 a casi 500 nuevos miembros, la mayor\u00eda ex panistas.<\/span><\/p>\n<p><span style=\"font-family: arial, helvetica, sans-serif; font-size: 14pt;\">As\u00ed sucede en cada gira que realiza este grupo que pareciera llegar a la meta de febrero de 2026, con todas las 200 asambleas, pero a pesar de todo, tiene problemas con el n\u00famero de miembros que exige el INE para llegar a su objetivo.<\/span><\/p>\n<p><span style=\"font-family: arial, helvetica, sans-serif; font-size: 14pt;\">Si a esto sumamos que la organizaci\u00f3n que invent\u00f3 Vicente Fox, llamada V\u00e9rtice MX, est\u00e1 destinada al fracaso, pero mientras sucumbe llegan a inscribirse algunos panistas, que demuestran su divisi\u00f3n y descontento con el liderazgo de Jorge Romero.<\/span><\/p>\n<p><span style=\"font-family: arial, helvetica, sans-serif; font-size: 14pt;\">La divisi\u00f3n es tal en la derecha que la hermana de Vicente Fox, Cecilia, est\u00e1 con Somos MX y no con V\u00e9rtice MX, que es la organizaci\u00f3n de su hermano.<\/span><\/p>\n<p><span style=\"font-family: arial, helvetica, sans-serif; font-size: 14pt;\">Mientras los traidores a la patria est\u00e1n de gira tratando de abrirle las puertas a la injerencia extranjera, su partido se deshace solo. La presidenta municipal de Le\u00f3n, Guanajuato, Alejandra Guti\u00e9rrez Campos, condicion\u00f3 su estancia en el PAN a que Jorge Romero cambie radicalmente algunas posturas del partido, las cuales no dio a conocer, pero est\u00e1 urgiendo al l\u00edder a un di\u00e1logo. La alcaldesa del municipio con m\u00e1s habitantes del estado, no ha dicho si se va a otro partido, pero no desperdicia aparici\u00f3n p\u00fablica sin vestir algo de color guinda.<\/span><\/p>\n<p><span style=\"font-family: arial, helvetica, sans-serif; font-size: 14pt;\">El PAN vive sus \u00faltimos d\u00edas, aunque asegure que lo apoya millones de mexicanos. La situaci\u00f3n real de este partido se ver\u00e1 en las elecciones de 2027, cuando puedan quedarse sin registro en algunos de los 32 estados del pa\u00eds.<\/span><\/p>\n<p><span style=\"font-family: arial, helvetica, sans-serif; font-size: 14pt;\"><strong>PEGA Y CORRE. &#8211;<\/strong> Las exportaciones mexicanas de productos aumentaron en octubre a una tasa interanual de 14.2%, a 66,132.6 millones de d\u00f3lares, impulsadas por las ventas de manufacturas no petroleras, inform\u00f3 el Inegi. Con ello, las exportaciones batieron r\u00e9cord<strong>\u00a0<\/strong>y tuvieron su mayor crecimiento anual en los \u00faltimos 33 meses. Como resultado, la balanza comercial de mercanc\u00edas present\u00f3 un super\u00e1vit de 606.1 millones de d\u00f3lares\u2026 Esta columna se publica los lunes, mi\u00e9rcoles y viernes.<\/span><\/p>\n<p><img data-recalc-dims=\"1\" loading=\"lazy\" decoding=\"async\" class=\"aligncenter size-full wp-image-75752\" src=\"https:\/\/i0.wp.com\/politicosaldesnudo.com.mx\/wp-content\/uploads\/2025\/11\/FIRMA-EDITORIAL-PD-7.jpg?resize=800%2C98&#038;ssl=1\" alt=\"\" width=\"800\" height=\"98\" srcset=\"https:\/\/i0.wp.com\/politicosaldesnudo.com.mx\/wp-content\/uploads\/2025\/11\/FIRMA-EDITORIAL-PD-7.jpg?w=1024&amp;ssl=1 1024w, https:\/\/i0.wp.com\/politicosaldesnudo.com.mx\/wp-content\/uploads\/2025\/11\/FIRMA-EDITORIAL-PD-7.jpg?resize=300%2C37&amp;ssl=1 300w, https:\/\/i0.wp.com\/politicosaldesnudo.com.mx\/wp-content\/uploads\/2025\/11\/FIRMA-EDITORIAL-PD-7.jpg?resize=768%2C94&amp;ssl=1 768w\" sizes=\"auto, (max-width: 800px) 100vw, 800px\" \/><\/p>\n","protected":false},"excerpt":{"rendered":"<p>ALMA GRANDE Por \u00c1ngel \u00c1lvaro Pe\u00f1a Luego del ficticio relanzamiento del PAN el 18 de octubre, es evidente que no<\/p>\n","protected":false},"author":4,"featured_media":75763,"comment_status":"closed","ping_status":"closed","sticky":false,"template":"","format":"standard","meta":{"colormag_page_container_layout":"default_layout","colormag_page_sidebar_layout":"default_layout","_jetpack_memberships_contains_paid_content":false,"footnotes":"","jetpack_publicize_message":"","jetpack_publicize_feature_enabled":true,"jetpack_social_post_already_shared":true,"jetpack_social_options":{"image_generator_settings":{"template":"highway","default_image_id":0,"font":"","enabled":false},"version":2}},"categories":[26],"tags":[],"class_list":["post-75762","post","type-post","status-publish","format-standard","has-post-thumbnail","hentry","category-columnistas"],"jetpack_publicize_connections":[],"jetpack_featured_media_url":"https:\/\/i0.wp.com\/politicosaldesnudo.com.mx\/wp-content\/uploads\/2025\/11\/BANNER-LOPEZ-DORIGA-DIGITAL-5.jpg?fit=800%2C445&ssl=1","jetpack-related-posts":[],"jetpack_sharing_enabled":true,"_links":{"self":[{"href":"https:\/\/politicosaldesnudo.com.mx\/index.php\/wp-json\/wp\/v2\/posts\/75762","targetHints":{"allow":["GET"]}}],"collection":[{"href":"https:\/\/politicosaldesnudo.com.mx\/index.php\/wp-json\/wp\/v2\/posts"}],"about":[{"href":"https:\/\/politicosaldesnudo.com.mx\/index.php\/wp-json\/wp\/v2\/types\/post"}],"author":[{"embeddable":true,"href":"https:\/\/politicosaldesnudo.com.mx\/index.php\/wp-json\/wp\/v2\/users\/4"}],"replies":[{"embeddable":true,"href":"https:\/\/politicosaldesnudo.com.mx\/index.php\/wp-json\/wp\/v2\/comments?post=75762"}],"version-history":[{"count":0,"href":"https:\/\/politicosaldesnudo.com.mx\/index.php\/wp-json\/wp\/v2\/posts\/75762\/revisions"}],"wp:featuredmedia":[{"embeddable":true,"href":"https:\/\/politicosaldesnudo.com.mx\/index.php\/wp-json\/wp\/v2\/media\/75763"}],"wp:attachment":[{"href":"https:\/\/politicosaldesnudo.com.mx\/index.php\/wp-json\/wp\/v2\/media?parent=75762"}],"wp:term":[{"taxonomy":"category","embeddable":true,"href":"https:\/\/politicosaldesnudo.com.mx\/index.php\/wp-json\/wp\/v2\/categories?post=75762"},{"taxonomy":"post_tag","embeddable":true,"href":"https:\/\/politicosaldesnudo.com.mx\/index.php\/wp-json\/wp\/v2\/tags?post=75762"}],"curies":[{"name":"wp","href":"https:\/\/api.w.org\/{rel}","templated":true}]}}