{"id":7579,"date":"2022-07-11T01:35:59","date_gmt":"2022-07-11T06:35:59","guid":{"rendered":"https:\/\/politicosaldesnudo.com.mx\/?p=7579"},"modified":"2022-07-11T01:36:32","modified_gmt":"2022-07-11T06:36:32","slug":"lea-los-jovenes-arriba-y-adelante","status":"publish","type":"post","link":"https:\/\/politicosaldesnudo.com.mx\/index.php\/2022\/07\/11\/lea-los-jovenes-arriba-y-adelante\/","title":{"rendered":"LEA: los J\u00f3venes \u201cArriba y adelante\u201d"},"content":{"rendered":"<p>&nbsp;<\/p>\n<p class=\"p1\"><span style=\"font-size: 18pt;\"><b>Por Ra\u00fal L\u00f3pez G\u00f3mez<\/b><\/span><\/p>\n<p class=\"p1\"><span style=\"font-size: 14pt;\">Los tiempos aquellos del mandato de don Luis Echeverr\u00eda \u00c1lvarez como presidente de M\u00e9xico 1970-1976, auguraba, la reivindicaci\u00f3n de los pobres del pa\u00eds.<\/span><\/p>\n<p class=\"p1\"><span style=\"font-size: 14pt;\">Se trat\u00f3 de un mandato dif\u00edcil, despu\u00e9s de los datos siniestros de los conflictos estudiantiles de 1968, que continuaron hasta 1972.<\/span><\/p>\n<p class=\"p1\"><span style=\"font-size: 14pt;\">C\u00f3mo secretario de gobernaci\u00f3n con el entonces presidente Gustavo D\u00edaz Ordaz, se le <\/span><span style=\"font-size: 14pt;\">responsabiliz\u00f3 de la matanza de estudiantes, que se hab\u00edan manipulado desde la Uni\u00f3n Sovi\u00e9tica con fines desestabilizadores en el mundo.<\/span><\/p>\n<p class=\"p1\"><span style=\"font-size: 14pt;\">Luis Echeverr\u00eda en su campa\u00f1a pol\u00edtica presidencial, fue osado y lleg\u00f3 a la UNAM, en donde el golpe de piedra lanzada que le dio en la frente, le detuvo en ese prop\u00f3sito. En Veracruz, estuvo en el estadio de futbol en un plet\u00f3rico acto pol\u00edtico aun recordado al que asisti\u00f3 el general L\u00e1zaro C\u00e1rdenas en su comitiva.<\/span><\/p>\n<p class=\"p1\"><span style=\"font-size: 14pt;\">En su mandado como presidente don Luis Echeverr\u00eda Alvarez, junto con su esposa Mar\u00eda Esther Zuno, a la que en el Istmo de Tehuantepec le dec\u00edan \u201cLa Compa\u00f1era\u201d y en zapoteco se escrib\u00edan en los autobuses que se regalaban a las comunidades las frases de agradecimiento por los apoyos concedidos a la gente, en una publicidad visual inolvidable y que posicion\u00f3 a Oaxaca como una entidad de sus afectos por su esposa.<\/span><\/p>\n<p class=\"p1\"><span style=\"font-size: 14pt;\">Luis Echeverr\u00eda Alvarez, se constituy\u00f3 en un pol\u00edtico fiel al estilo de la ortodoxia en la pr\u00e1ctica, y con personajes que crecieron en su entorno de los j\u00f3venes que se constituyeron despu\u00e9s en reflejo de esa praxis de respeto por la pol\u00edtica, y de no pensar en el robo del erario p\u00fablico, del saqueo de la corrupci\u00f3n y del abuso de poder que se gener\u00f3 despu\u00e9s en el mandato de Jos\u00e9 L\u00f3pez Portillo, Miguel de la Madrid y Carlos Salinas, con el crecimiento del neoliberalismo depredador.<\/span><\/p>\n<p>&nbsp;<\/p>\n<p class=\"p1\"><span style=\"font-size: 18pt;\"><b>NACEN NUEVOS PERSONAJES<\/b><\/span><\/p>\n<p class=\"p1\"><span style=\"font-size: 14pt;\">Con el licenciado Echeverr\u00eda Alvarez, crecieron personajes desde la juventud como Jesus Reyes Heroles, Enrique Gonz\u00e1lez Pedrero, y otros que sucumbieron como el entonces joven gobernador Carlos Armando Briebrich, que fue gobernador de Sonora de 1973 a 1975, y relevado en el cargo por problemas pol\u00edticos.<\/span><\/p>\n<p class=\"p1\"><span style=\"font-size: 14pt;\">Aquel, fue el tiempo de los j\u00f3venes, y del rescate de los pobres, sin mayor trascendencia que quedar en el modelo del PRI de los caciques del poder, y de los pol\u00edticos que se quedaron en esa escuela de los muchos a\u00f1os en el poder.<\/span><\/p>\n<p class=\"p1\"><span style=\"font-size: 14pt;\">Este modelo y estilo de gobernar de Luis Echeverria Alvarez, es con el que se puede identificar al del presidente Andr\u00e9s Manuel L\u00f3pez Obrador, que se form\u00f3 en la escuela del polit\u00f3logo Enrique Gonzalez Pedrero, gobernador de Tabasco, y en donde AMLO, comenz\u00f3 en su larga lucha pol\u00edtica desde la instituci\u00f3n del IMSS Coplamar.<\/span><\/p>\n<p class=\"p1\"><span style=\"font-size: 14pt;\">Por eso, el discurso y el pensamiento pol\u00edtico de AMLO, lleva mucha influencia de don Luis Echeverria, quien despu\u00e9s quiso trascender al finalizar su mandato con la Carta de Deberes y Derechos Econ\u00f3micos de los Estados, que se aprob\u00f3 en la ONU, y que es el fundamento del Nuevo Orden Econ\u00f3mico Internacional, y no pudo seguir con una proyecci\u00f3n hemisf\u00e9rica en la que fracas\u00f3.<\/span><\/p>\n<p class=\"p1\"><span style=\"font-size: 14pt;\">Despu\u00e9s, fue objeto de un salvaje acoso en los juicios que le buscaron llevar a prisi\u00f3n por culparlo de las matanzas de estudiantes, y sali\u00f3 bien librado de muchos a\u00f1os de persecuci\u00f3n pol\u00edtica con la impecable defensa del abogado penalista, Juan Vel\u00e1zquez.<\/span><\/p>\n<p class=\"p1\"><span style=\"font-size: 14pt;\">Desde Veracruz, el ingeniero Armando Notario Iparrea, profesor del Ilustre Instituto Veracruzano y l\u00edder magisterial, fue de los pocos personajes, que por muchos a\u00f1os le profesaron respeto y cari\u00f1o permanente, y que le dieron alegr\u00eda al ex presidente de M\u00e9xico, que siempre recibi\u00f3 festivo a las delegaciones de veracruzanos, que le visitaron en su casa a pesar de que ya no ten\u00eda poder pol\u00edtico, pero se le escuchaba en sus interesantes conceptos de alta pol\u00edtica.<\/span><\/p>\n<p class=\"p1\"><span style=\"font-size: 14pt;\">En su gabinete estuvieron: Mario Moya Palencia, secretario de gobernaci\u00f3n; Emilio Oscar Rabasa, relevado por Alfonso Garc\u00eda Robles en la secretar\u00eda de relaciones exteriores; Hermenegildo Cuenca D\u00edaz, secretario de la defensa nacional; Luis M. Bravo, secretario de Marina; en Hacienda estuvieron Hugo B. Marg\u00e1in, Jos\u00e9 L\u00f3pez Portillo y Mario Ram\u00f3n Beteta. Despu\u00e9s el licenciado L\u00f3pez Portillo, fue el candidato presidencial del PRI.<\/span><\/p>\n<p class=\"p1\"><span style=\"font-size: 14pt;\">Secretario de la presidencia Hugo Cervantes del R\u00edo y culmin\u00f3 Ignacio Ovalle Fern\u00e1ndez. Un gabinete integrado por notables personajes de la pol\u00edtica. entre los veracruzanos que comenzaron importante carrera en el servicio p\u00fablico durante ese mandato, estuvieron Juan Maldonado Pereda, Sergio Villasana Delf\u00edn, Dante Delgado y Carlos Manuel Aguirre Guti\u00e9rrez, entre otros j\u00f3venes de aquella \u00e9poca como Guillermo Z\u00fa\u00f1iga, Fidel Herrera y Lu\u00eds Feijoo, oradores de su campa\u00f1a pol\u00edtica en estos lares.<\/span><\/p>\n<p class=\"p1\"><span style=\"font-size: 14pt;\">Desde algunos miembros de su familia, se dice que, a sus espaldas en su mandato hicieron las alianzas, que son ahora el resultado de lo que se padece en materia de inseguridad.<\/span><\/p>\n<p class=\"p1\"><span style=\"font-size: 14pt;\">Don Luis Echeverr\u00eda Alvarez, alcanz\u00f3 el descanso eterno este viernes a los cien a\u00f1os de edad, por lo que el presidente Andr\u00e9s Manuel L\u00f3pez Obrador, ofreci\u00f3 palabras de pesar a sus familiares por su fallecimiento.<\/span><\/p>\n<p class=\"p1\"><span style=\"font-size: 14pt;\">Entre muchos mexicanos, consideran que a pesar de todas las imputaciones por los gobiernos del pasado al licenciado Luis Echeverr\u00eda Alvarez, se le debe realizar un funeral de Estado, por su contribuci\u00f3n al pa\u00eds y al mundo.<\/span><\/p>\n<p>&nbsp;<\/p>\n<p class=\"p1\"><span style=\"font-size: 18pt;\"><b>BOCA DEL R\u00cdO<\/b><\/span><\/p>\n<p class=\"p1\"><span style=\"font-size: 14pt;\">En otro asunto, en Boca del R\u00edo, el alcalde Juan Manuel Un\u00e1nue Abascal, puso en marcha el Programa Permanente de Rehabilitaci\u00f3n de Pavimentos en toda la ciudad, principalmente para atender en la temporada de lluvias la formaci\u00f3n de baches en zonas de alta circulaci\u00f3n vehicular. As\u00ed las cosas. <span class=\"Apple-converted-space\">\u00a0<\/span><\/span><\/p>\n<p>&nbsp;<\/p>\n<p><span style=\"font-size: 18pt; color: #319eca;\"><em><strong>**Las columnas firmadas en este medio son responsabilidad de quienes las firman**<\/strong><\/em><\/span><\/p>\n<p>&nbsp;<\/p>\n<p>&nbsp;<\/p>\n<p>&nbsp;<\/p>\n","protected":false},"excerpt":{"rendered":"<p>&nbsp; Por Ra\u00fal L\u00f3pez G\u00f3mez Los tiempos aquellos del mandato de don Luis Echeverr\u00eda \u00c1lvarez como presidente de M\u00e9xico 1970-1976,<\/p>\n","protected":false},"author":4,"featured_media":4378,"comment_status":"closed","ping_status":"closed","sticky":false,"template":"","format":"standard","meta":{"colormag_page_container_layout":"default_layout","colormag_page_sidebar_layout":"default_layout","_jetpack_memberships_contains_paid_content":false,"footnotes":"","jetpack_publicize_message":"","jetpack_publicize_feature_enabled":true,"jetpack_social_post_already_shared":false,"jetpack_social_options":{"image_generator_settings":{"template":"highway","default_image_id":0,"font":"","enabled":false},"version":2}},"categories":[26],"tags":[],"class_list":["post-7579","post","type-post","status-publish","format-standard","has-post-thumbnail","hentry","category-columnistas"],"jetpack_publicize_connections":[],"jetpack_featured_media_url":"https:\/\/i0.wp.com\/politicosaldesnudo.com.mx\/wp-content\/uploads\/2022\/04\/RAU%CC%81L-LO%CC%81PEZ-GO%CC%81MEZ.png?fit=1816%2C1016&ssl=1","jetpack-related-posts":[],"jetpack_sharing_enabled":true,"_links":{"self":[{"href":"https:\/\/politicosaldesnudo.com.mx\/index.php\/wp-json\/wp\/v2\/posts\/7579","targetHints":{"allow":["GET"]}}],"collection":[{"href":"https:\/\/politicosaldesnudo.com.mx\/index.php\/wp-json\/wp\/v2\/posts"}],"about":[{"href":"https:\/\/politicosaldesnudo.com.mx\/index.php\/wp-json\/wp\/v2\/types\/post"}],"author":[{"embeddable":true,"href":"https:\/\/politicosaldesnudo.com.mx\/index.php\/wp-json\/wp\/v2\/users\/4"}],"replies":[{"embeddable":true,"href":"https:\/\/politicosaldesnudo.com.mx\/index.php\/wp-json\/wp\/v2\/comments?post=7579"}],"version-history":[{"count":0,"href":"https:\/\/politicosaldesnudo.com.mx\/index.php\/wp-json\/wp\/v2\/posts\/7579\/revisions"}],"wp:featuredmedia":[{"embeddable":true,"href":"https:\/\/politicosaldesnudo.com.mx\/index.php\/wp-json\/wp\/v2\/media\/4378"}],"wp:attachment":[{"href":"https:\/\/politicosaldesnudo.com.mx\/index.php\/wp-json\/wp\/v2\/media?parent=7579"}],"wp:term":[{"taxonomy":"category","embeddable":true,"href":"https:\/\/politicosaldesnudo.com.mx\/index.php\/wp-json\/wp\/v2\/categories?post=7579"},{"taxonomy":"post_tag","embeddable":true,"href":"https:\/\/politicosaldesnudo.com.mx\/index.php\/wp-json\/wp\/v2\/tags?post=7579"}],"curies":[{"name":"wp","href":"https:\/\/api.w.org\/{rel}","templated":true}]}}