{"id":75792,"date":"2025-11-29T00:07:24","date_gmt":"2025-11-29T06:07:24","guid":{"rendered":"https:\/\/politicosaldesnudo.com.mx\/?p=75792"},"modified":"2025-11-28T21:02:46","modified_gmt":"2025-11-29T03:02:46","slug":"gabinete-de-seguridad-federal-acuerda-acciones-con-transportistas-para-carreteras-mas-seguras","status":"publish","type":"post","link":"https:\/\/politicosaldesnudo.com.mx\/index.php\/2025\/11\/29\/gabinete-de-seguridad-federal-acuerda-acciones-con-transportistas-para-carreteras-mas-seguras\/","title":{"rendered":"Gabinete de Seguridad federal acuerda acciones con transportistas para \u201ccarreteras m\u00e1s seguras\u201d"},"content":{"rendered":"<p class=\"nota-justify\">El Gabinete de Seguridad del Gobierno de M\u00e9xico se comprometi\u00f3 a reforzar las acciones y la coordinaci\u00f3n con c\u00e1maras y asociaciones del autotransporte para \u201cavanzar hacia carreteras m\u00e1s seguras\u201d, luego de que transportistas se manifestaron durante la \u00faltima semana con bloqueos a carreteras, aduanas y casetas para exigir atenci\u00f3n a sus demandas, entre ellas seguridad.<\/p>\n<p class=\"nota-justify\">Durante una reuni\u00f3n privada de este viernes del titular de la Secretar\u00eda de Seguridad y Protecci\u00f3n Ciudadana (SSPC), Omar Garc\u00eda Harfuch, con representantes del sector, el funcionario escuch\u00f3 sus demandas con el compromiso de \u201catenderlas de manera coordinada\u201d con las instituciones del gabinete de seguridad.<\/p>\n<p class=\"nota-justify\">En un comunicado, el gabinete inform\u00f3 que Garc\u00eda Harfuch asegur\u00f3 a los transportistas que se est\u00e1n reforzando las \u00e1reas de inteligencia e investigaci\u00f3n dentro de la SSPC y que se dar\u00e1 seguimiento a las carpetas de investigaci\u00f3n por robo al autotransporte en delegaciones de la Fiscal\u00eda General de la Rep\u00fablica, con el fin de fortalecer la cooperaci\u00f3n institucional.<\/p>\n<p class=\"nota-justify\">Adem\u00e1s, agreg\u00f3 que se aprovechar\u00e1 la Estrategia Nacional contra la Extorsi\u00f3n para mejorar la seguridad en carreteras y evitar actos de extorsi\u00f3n, y anunci\u00f3 la instalaci\u00f3n de mesas de trabajo subsecuentes en las que se convocar\u00e1 a autoridades estatales para evaluar estrategias, reforzar la coordinaci\u00f3n y dar seguimiento a los acuerdos.<\/p>\n<p class=\"nota-justify\">En el encuentro, el comandante de la Guardia Nacional, Hern\u00e1n Cort\u00e9s Hern\u00e1ndez, afirm\u00f3 que la estrategia contra el robo en carreteras ha permitido una reducci\u00f3n de 54 por ciento en este delito entre 2018 y 2025. Adem\u00e1s, afirm\u00f3 que tienen identificados 12 estados del pa\u00eds y 22 tramos carreteros con mayor riesgo, pero ya se est\u00e1 dise\u00f1ando una estrategia integral con corredores seguros, acompa\u00f1amiento de caravanas, monitoreo del transporte de carga y despliegues operativos apoyados en tecnolog\u00eda.<\/p>\n<p class=\"nota-justify\">Tambi\u00e9n particip\u00f3 el subsecretario de Gobernaci\u00f3n, C\u00e9sar Y\u00e1\u00f1ez Centeno, quien se\u00f1al\u00f3 que el Gobierno de M\u00e9xico trabaja en soluciones estructurales para su seguridad y refrend\u00f3 el compromiso de mantener un di\u00e1logo permanente para atender las necesidades del sector.<\/p>\n<p>\u201cLos representantes de las c\u00e1maras del autotransporte agradecieron la convocatoria, reconocieron las acciones implementadas por las autoridades y expusieron las problem\u00e1ticas que enfrentan. Reiteraron su disposici\u00f3n para colaborar y avanzar en conjunto hacia carreteras m\u00e1s seguras\u201d, se\u00f1al\u00f3 la SSPC.<\/p>\n","protected":false},"excerpt":{"rendered":"<p>El Gabinete de Seguridad del Gobierno de M\u00e9xico se comprometi\u00f3 a reforzar las acciones y la coordinaci\u00f3n con c\u00e1maras y<\/p>\n","protected":false},"author":4,"featured_media":75793,"comment_status":"closed","ping_status":"closed","sticky":false,"template":"","format":"standard","meta":{"colormag_page_container_layout":"default_layout","colormag_page_sidebar_layout":"default_layout","_jetpack_memberships_contains_paid_content":false,"footnotes":"","jetpack_publicize_message":"","jetpack_publicize_feature_enabled":true,"jetpack_social_post_already_shared":true,"jetpack_social_options":{"image_generator_settings":{"template":"highway","default_image_id":0,"font":"","enabled":false},"version":2}},"categories":[33],"tags":[],"class_list":["post-75792","post","type-post","status-publish","format-standard","has-post-thumbnail","hentry","category-nacional"],"jetpack_publicize_connections":[],"jetpack_featured_media_url":"https:\/\/i0.wp.com\/politicosaldesnudo.com.mx\/wp-content\/uploads\/2025\/11\/payastos.jpg?fit=1200%2C800&ssl=1","jetpack-related-posts":[],"jetpack_sharing_enabled":true,"_links":{"self":[{"href":"https:\/\/politicosaldesnudo.com.mx\/index.php\/wp-json\/wp\/v2\/posts\/75792","targetHints":{"allow":["GET"]}}],"collection":[{"href":"https:\/\/politicosaldesnudo.com.mx\/index.php\/wp-json\/wp\/v2\/posts"}],"about":[{"href":"https:\/\/politicosaldesnudo.com.mx\/index.php\/wp-json\/wp\/v2\/types\/post"}],"author":[{"embeddable":true,"href":"https:\/\/politicosaldesnudo.com.mx\/index.php\/wp-json\/wp\/v2\/users\/4"}],"replies":[{"embeddable":true,"href":"https:\/\/politicosaldesnudo.com.mx\/index.php\/wp-json\/wp\/v2\/comments?post=75792"}],"version-history":[{"count":0,"href":"https:\/\/politicosaldesnudo.com.mx\/index.php\/wp-json\/wp\/v2\/posts\/75792\/revisions"}],"wp:featuredmedia":[{"embeddable":true,"href":"https:\/\/politicosaldesnudo.com.mx\/index.php\/wp-json\/wp\/v2\/media\/75793"}],"wp:attachment":[{"href":"https:\/\/politicosaldesnudo.com.mx\/index.php\/wp-json\/wp\/v2\/media?parent=75792"}],"wp:term":[{"taxonomy":"category","embeddable":true,"href":"https:\/\/politicosaldesnudo.com.mx\/index.php\/wp-json\/wp\/v2\/categories?post=75792"},{"taxonomy":"post_tag","embeddable":true,"href":"https:\/\/politicosaldesnudo.com.mx\/index.php\/wp-json\/wp\/v2\/tags?post=75792"}],"curies":[{"name":"wp","href":"https:\/\/api.w.org\/{rel}","templated":true}]}}