{"id":75795,"date":"2025-11-29T00:08:52","date_gmt":"2025-11-29T06:08:52","guid":{"rendered":"https:\/\/politicosaldesnudo.com.mx\/?p=75795"},"modified":"2025-11-28T21:05:13","modified_gmt":"2025-11-29T03:05:13","slug":"publica-senado-convocatoria-para-elegir-al-nuevo-titular-de-la-fgr","status":"publish","type":"post","link":"https:\/\/politicosaldesnudo.com.mx\/index.php\/2025\/11\/29\/publica-senado-convocatoria-para-elegir-al-nuevo-titular-de-la-fgr\/","title":{"rendered":"Publica Senado convocatoria para elegir al nuevo titular de la FGR"},"content":{"rendered":"<p class=\"nota-justify\">El Diario Oficial de la Federaci\u00f3n public\u00f3 hoy la convocatoria de la Junta de Coordinaci\u00f3n Pol\u00edtica (Jucopo) del Senado para elegir a la persona que estar\u00e1 al frente de la Fiscal\u00eda General de la Rep\u00fablica (FGR), luego de la renuncia de Alejandro Gertz Manero.<\/p>\n<p class=\"nota-justify\">En el documento, aprobado la noche de ayer jueves por el pleno de esa C\u00e1mara del Congreso, se establece el procedimiento que se seguir\u00e1 con base en lo establecido en el art\u00edculo 102 constitucional, que da al Senado la facultad exclusiva de nombrar al titular de la FGR.<\/p>\n<p class=\"nota-justify\">En el mismo se precisa que a partir de este viernes, y hasta el domingo, se llevar\u00e1 a cabo el registro, v\u00eda electr\u00f3nica de los aspirantes al cargo, quienes deber\u00e1n reunir diversos requisitos entre ellos ser ciudadano mexicano por nacimiento, tener por lo menos 35 a\u00f1os a\u00f1os cumplidos el d\u00eda de la designaci\u00f3n, contar con un t\u00edtulo profesional de licenciado en derecho, con antig\u00fcedad m\u00ednima de 10 a\u00f1os, gozar de buena reputaci\u00f3n y no haber sido condenado por delito doloso.<\/p>\n<p class=\"nota-justify\">En esa convocatoria se establece que el Senado tendr\u00e1 20 d\u00edas h\u00e1biles, para aprobar lista de al menos 10 candidatas al cargo, de entre los inscritos, que deber\u00e1 enviar a la Presidenta de la Rep\u00fablica. La mandataria conformar\u00e1 de entre ellos una terna, y la regresara a la c\u00e1mara de senadores, en un plazo de diez d\u00edas.<\/p>\n<p class=\"nota-justify\">Sin embargo, los plazos se van a cortar , toda vez que la Jucopo determin\u00f3 que el listado lo presentar\u00e1n en la sesi\u00f3n del pr\u00f3ximo martes 2 de diciembre al pleno, y lo remitir\u00e1n al ejecutiva federal. Cuando se reciba la terna, los aspirantes comparecer\u00e1n ante el peno senatoria y se elegir\u00e1 a uno de ellos, por mayor\u00eda calificada.<\/p>\n<p class=\"nota-justify\">Si en una primera votaci\u00f3n no se logran las dos terceras partes de los votos se har\u00e1 una segunda votaci\u00f3n, se establece tambi\u00e9n en la convocatoria, aunque es poco probable que ello ocurra, ya que Morena y aliados cuentan con ese porcentaje.<\/p>\n","protected":false},"excerpt":{"rendered":"<p>El Diario Oficial de la Federaci\u00f3n public\u00f3 hoy la convocatoria de la Junta de Coordinaci\u00f3n Pol\u00edtica (Jucopo) del Senado para<\/p>\n","protected":false},"author":4,"featured_media":75796,"comment_status":"closed","ping_status":"closed","sticky":false,"template":"","format":"standard","meta":{"colormag_page_container_layout":"default_layout","colormag_page_sidebar_layout":"default_layout","_jetpack_memberships_contains_paid_content":false,"footnotes":"","jetpack_publicize_message":"","jetpack_publicize_feature_enabled":true,"jetpack_social_post_already_shared":true,"jetpack_social_options":{"image_generator_settings":{"template":"highway","default_image_id":0,"font":"","enabled":false},"version":2}},"categories":[33],"tags":[],"class_list":["post-75795","post","type-post","status-publish","format-standard","has-post-thumbnail","hentry","category-nacional"],"jetpack_publicize_connections":[],"jetpack_featured_media_url":"https:\/\/i0.wp.com\/politicosaldesnudo.com.mx\/wp-content\/uploads\/2025\/11\/send.jpg?fit=1200%2C800&ssl=1","jetpack-related-posts":[],"jetpack_sharing_enabled":true,"_links":{"self":[{"href":"https:\/\/politicosaldesnudo.com.mx\/index.php\/wp-json\/wp\/v2\/posts\/75795","targetHints":{"allow":["GET"]}}],"collection":[{"href":"https:\/\/politicosaldesnudo.com.mx\/index.php\/wp-json\/wp\/v2\/posts"}],"about":[{"href":"https:\/\/politicosaldesnudo.com.mx\/index.php\/wp-json\/wp\/v2\/types\/post"}],"author":[{"embeddable":true,"href":"https:\/\/politicosaldesnudo.com.mx\/index.php\/wp-json\/wp\/v2\/users\/4"}],"replies":[{"embeddable":true,"href":"https:\/\/politicosaldesnudo.com.mx\/index.php\/wp-json\/wp\/v2\/comments?post=75795"}],"version-history":[{"count":0,"href":"https:\/\/politicosaldesnudo.com.mx\/index.php\/wp-json\/wp\/v2\/posts\/75795\/revisions"}],"wp:featuredmedia":[{"embeddable":true,"href":"https:\/\/politicosaldesnudo.com.mx\/index.php\/wp-json\/wp\/v2\/media\/75796"}],"wp:attachment":[{"href":"https:\/\/politicosaldesnudo.com.mx\/index.php\/wp-json\/wp\/v2\/media?parent=75795"}],"wp:term":[{"taxonomy":"category","embeddable":true,"href":"https:\/\/politicosaldesnudo.com.mx\/index.php\/wp-json\/wp\/v2\/categories?post=75795"},{"taxonomy":"post_tag","embeddable":true,"href":"https:\/\/politicosaldesnudo.com.mx\/index.php\/wp-json\/wp\/v2\/tags?post=75795"}],"curies":[{"name":"wp","href":"https:\/\/api.w.org\/{rel}","templated":true}]}}