{"id":75819,"date":"2025-11-29T00:16:26","date_gmt":"2025-11-29T06:16:26","guid":{"rendered":"https:\/\/politicosaldesnudo.com.mx\/?p=75819"},"modified":"2025-11-28T21:23:45","modified_gmt":"2025-11-29T03:23:45","slug":"sonora-presenta-plataforma-sidec-para-ordenar-y-potenciar-el-crecimiento-productivo","status":"publish","type":"post","link":"https:\/\/politicosaldesnudo.com.mx\/index.php\/2025\/11\/29\/sonora-presenta-plataforma-sidec-para-ordenar-y-potenciar-el-crecimiento-productivo\/","title":{"rendered":"Sonora presenta plataforma SIDEC para ordenar y potenciar el crecimiento productivo"},"content":{"rendered":"<p class=\"nota-justify\">El Gobierno de Sonora present\u00f3 la plataforma SIDEC: El mapa econ\u00f3mico de Sonora, una herramienta estrat\u00e9gica dise\u00f1ada para ordenar, visualizar y potenciar el crecimiento productivo del estado, al permitir identificar en tiempo real el comportamiento de los sectores productivos, las vocaciones regionales y las oportunidades de inversi\u00f3n en cada municipio.<\/p>\n<p class=\"nota-justify\">Durante la presentaci\u00f3n, Paulina Oca\u00f1a, jefa de la Oficina del Ejecutivo Estatal, explic\u00f3 que la plataforma surge como un instrumento clave de planeaci\u00f3n y toma de decisiones, tanto para el gobierno como para el sector empresarial. Se\u00f1al\u00f3 que, a trav\u00e9s de datos consolidados, el sistema permite conocer con precisi\u00f3n d\u00f3nde est\u00e1n las industrias, qu\u00e9 actividades econ\u00f3micas predominan y cu\u00e1les son las zonas con mayor potencial de crecimiento.<\/p>\n<p class=\"nota-justify\">\u201cEste sistema integra informaci\u00f3n sobre parques industriales, infraestructura log\u00edstica, cadenas productivas, exportaciones, empleo y caracter\u00edsticas demogr\u00e1ficas, lo que lo convierte en una radiograf\u00eda completa del dinamismo econ\u00f3mico de Sonora\u201d, explic\u00f3 Oca\u00f1a a \u2018La Jornada\u2019.<\/p>\n<p class=\"nota-justify\">Paulina Oca\u00f1a subray\u00f3 que este mapa econ\u00f3mico no solo busca atraer inversiones, sino tambi\u00e9n equilibrar el desarrollo entre las regiones, al ofrecer herramientas que permitan detonar proyectos en zonas con alto potencial, pero hist\u00f3ricamente rezagadas.<\/p>\n<p class=\"nota-justify\">Explic\u00f3 que la plataforma tambi\u00e9n permitir\u00e1 a inversionistas nacionales y extranjeros contar con informaci\u00f3n clara y actualizada sobre la conectividad carretera, cercan\u00eda con cruces fronterizos, disponibilidad de mano de obra y sectores estrat\u00e9gicos como la industria automotriz, aeroespacial, minera, agroindustrial y de energ\u00edas limpias.<\/p>\n<p class=\"nota-justify\">El lanzamiento de SIDEC se realiz\u00f3 durante la primera sesi\u00f3n ordinaria de trabajo 2025 del Comit\u00e9 Estatal de Informaci\u00f3n Estad\u00edstica y Geograf\u00eda de Sonora, celebrada entre la Oficina del Ejecutivo Estatal y directivos del Inegi, donde se destac\u00f3 que la nueva plataforma posiciona a la entidad como referente nacional en competitividad y transparencia. Adem\u00e1s, se anunci\u00f3 que Sonora participar\u00e1 en el Foro de Estad\u00edstica y Geograf\u00eda para Estados y Municipios 2025, que se realizar\u00e1 este mes en Oaxaca, donde se expondr\u00e1 el SIDEC como un modelo replicable en otras regiones del pa\u00eds.<\/p>\n<p>&nbsp;<\/p>\n","protected":false},"excerpt":{"rendered":"<p>El Gobierno de Sonora present\u00f3 la plataforma SIDEC: El mapa econ\u00f3mico de Sonora, una herramienta estrat\u00e9gica dise\u00f1ada para ordenar, visualizar<\/p>\n","protected":false},"author":4,"featured_media":75820,"comment_status":"closed","ping_status":"closed","sticky":false,"template":"","format":"standard","meta":{"colormag_page_container_layout":"default_layout","colormag_page_sidebar_layout":"default_layout","_jetpack_memberships_contains_paid_content":false,"footnotes":"","jetpack_publicize_message":"","jetpack_publicize_feature_enabled":true,"jetpack_social_post_already_shared":true,"jetpack_social_options":{"image_generator_settings":{"template":"highway","default_image_id":0,"font":"","enabled":false},"version":2}},"categories":[30],"tags":[],"class_list":["post-75819","post","type-post","status-publish","format-standard","has-post-thumbnail","hentry","category-estados"],"jetpack_publicize_connections":[],"jetpack_featured_media_url":"https:\/\/i0.wp.com\/politicosaldesnudo.com.mx\/wp-content\/uploads\/2025\/11\/meloch.jpg?fit=1200%2C800&ssl=1","jetpack-related-posts":[],"jetpack_sharing_enabled":true,"_links":{"self":[{"href":"https:\/\/politicosaldesnudo.com.mx\/index.php\/wp-json\/wp\/v2\/posts\/75819","targetHints":{"allow":["GET"]}}],"collection":[{"href":"https:\/\/politicosaldesnudo.com.mx\/index.php\/wp-json\/wp\/v2\/posts"}],"about":[{"href":"https:\/\/politicosaldesnudo.com.mx\/index.php\/wp-json\/wp\/v2\/types\/post"}],"author":[{"embeddable":true,"href":"https:\/\/politicosaldesnudo.com.mx\/index.php\/wp-json\/wp\/v2\/users\/4"}],"replies":[{"embeddable":true,"href":"https:\/\/politicosaldesnudo.com.mx\/index.php\/wp-json\/wp\/v2\/comments?post=75819"}],"version-history":[{"count":0,"href":"https:\/\/politicosaldesnudo.com.mx\/index.php\/wp-json\/wp\/v2\/posts\/75819\/revisions"}],"wp:featuredmedia":[{"embeddable":true,"href":"https:\/\/politicosaldesnudo.com.mx\/index.php\/wp-json\/wp\/v2\/media\/75820"}],"wp:attachment":[{"href":"https:\/\/politicosaldesnudo.com.mx\/index.php\/wp-json\/wp\/v2\/media?parent=75819"}],"wp:term":[{"taxonomy":"category","embeddable":true,"href":"https:\/\/politicosaldesnudo.com.mx\/index.php\/wp-json\/wp\/v2\/categories?post=75819"},{"taxonomy":"post_tag","embeddable":true,"href":"https:\/\/politicosaldesnudo.com.mx\/index.php\/wp-json\/wp\/v2\/tags?post=75819"}],"curies":[{"name":"wp","href":"https:\/\/api.w.org\/{rel}","templated":true}]}}