{"id":75822,"date":"2025-11-29T00:17:42","date_gmt":"2025-11-29T06:17:42","guid":{"rendered":"https:\/\/politicosaldesnudo.com.mx\/?p=75822"},"modified":"2025-11-28T21:25:56","modified_gmt":"2025-11-29T03:25:56","slug":"peru-lleva-a-la-oea-disputa-con-mexico-por-asilo-de-betssy-chavez","status":"publish","type":"post","link":"https:\/\/politicosaldesnudo.com.mx\/index.php\/2025\/11\/29\/peru-lleva-a-la-oea-disputa-con-mexico-por-asilo-de-betssy-chavez\/","title":{"rendered":"Per\u00fa lleva a la OEA disputa con M\u00e9xico por asilo de Betssy Ch\u00e1vez"},"content":{"rendered":"<p class=\"nota-justify\">El canciller de Per\u00fa, Hugo de Zela, anunci\u00f3 el viernes que el mi\u00e9rcoles 3 de diciembre viajar\u00e1 a la sede la Organizaci\u00f3n de los Estados Americanos (OEA), ubicada en Washington, para exponer la posici\u00f3n del Gobierno respecto a la exprimera ministra Betssy Ch\u00e1vez, actualmente asilada en la Embajada de M\u00e9xico en Lima.<\/p>\n<p class=\"nota-justify\">\u00abEstar\u00e9 viajando a Washington y esa presentaci\u00f3n (sobre el caso de Ch\u00e1vez) la voy a hacer el mi\u00e9rcoles de la pr\u00f3xima semana a las 10\u200b\u200b\u200b.00 am (15.00 GMT)\u00bb, dijo De Zela en rueda de prensa desde el Palacio de Gobierno de Lima.<\/p>\n<p class=\"nota-justify\">El 3 de noviembre, la Canciller\u00eda peruana inform\u00f3 que Ch\u00e1vez se hab\u00eda asilado en la Embajada de M\u00e9xico en Lima, cuando enfrentaba un juicio como coautora del intento de golpe de Estado que ejecut\u00f3 el expresidente Pedro Castillo (2021-2022) en diciembre de 2022.<\/p>\n<p class=\"nota-justify\">En la v\u00edspera, tanto Ch\u00e1vez como Castillo fueron condenados a 15 a\u00f1os y cinco meses de c\u00e1rcel por la Sala Suprema de Justicia, luego de ser hallados culpables del delito de conspiraci\u00f3n para rebeli\u00f3n.<\/p>\n<p class=\"nota-justify\">El Gobierno mexicano concedi\u00f3 el asilo tras analizar el caso de la exprimera ministra y considerarla una \u00abperseguida pol\u00edtica\u00bb.<\/p>\n<p class=\"nota-justify\">El asilo pol\u00edtico de Ch\u00e1vez provoc\u00f3 que Lima rompa relaciones diplom\u00e1ticas con M\u00e9xico.<\/p>\n","protected":false},"excerpt":{"rendered":"<p>El canciller de Per\u00fa, Hugo de Zela, anunci\u00f3 el viernes que el mi\u00e9rcoles 3 de diciembre viajar\u00e1 a la sede<\/p>\n","protected":false},"author":4,"featured_media":75823,"comment_status":"closed","ping_status":"closed","sticky":false,"template":"","format":"standard","meta":{"colormag_page_container_layout":"default_layout","colormag_page_sidebar_layout":"default_layout","_jetpack_memberships_contains_paid_content":false,"footnotes":"","jetpack_publicize_message":"","jetpack_publicize_feature_enabled":true,"jetpack_social_post_already_shared":true,"jetpack_social_options":{"image_generator_settings":{"template":"highway","default_image_id":0,"font":"","enabled":false},"version":2}},"categories":[28],"tags":[],"class_list":["post-75822","post","type-post","status-publish","format-standard","has-post-thumbnail","hentry","category-internacional"],"jetpack_publicize_connections":[],"jetpack_featured_media_url":"https:\/\/i0.wp.com\/politicosaldesnudo.com.mx\/wp-content\/uploads\/2025\/11\/labe-1.jpg?fit=1200%2C800&ssl=1","jetpack-related-posts":[],"jetpack_sharing_enabled":true,"_links":{"self":[{"href":"https:\/\/politicosaldesnudo.com.mx\/index.php\/wp-json\/wp\/v2\/posts\/75822","targetHints":{"allow":["GET"]}}],"collection":[{"href":"https:\/\/politicosaldesnudo.com.mx\/index.php\/wp-json\/wp\/v2\/posts"}],"about":[{"href":"https:\/\/politicosaldesnudo.com.mx\/index.php\/wp-json\/wp\/v2\/types\/post"}],"author":[{"embeddable":true,"href":"https:\/\/politicosaldesnudo.com.mx\/index.php\/wp-json\/wp\/v2\/users\/4"}],"replies":[{"embeddable":true,"href":"https:\/\/politicosaldesnudo.com.mx\/index.php\/wp-json\/wp\/v2\/comments?post=75822"}],"version-history":[{"count":0,"href":"https:\/\/politicosaldesnudo.com.mx\/index.php\/wp-json\/wp\/v2\/posts\/75822\/revisions"}],"wp:featuredmedia":[{"embeddable":true,"href":"https:\/\/politicosaldesnudo.com.mx\/index.php\/wp-json\/wp\/v2\/media\/75823"}],"wp:attachment":[{"href":"https:\/\/politicosaldesnudo.com.mx\/index.php\/wp-json\/wp\/v2\/media?parent=75822"}],"wp:term":[{"taxonomy":"category","embeddable":true,"href":"https:\/\/politicosaldesnudo.com.mx\/index.php\/wp-json\/wp\/v2\/categories?post=75822"},{"taxonomy":"post_tag","embeddable":true,"href":"https:\/\/politicosaldesnudo.com.mx\/index.php\/wp-json\/wp\/v2\/tags?post=75822"}],"curies":[{"name":"wp","href":"https:\/\/api.w.org\/{rel}","templated":true}]}}