{"id":75825,"date":"2025-11-29T00:18:11","date_gmt":"2025-11-29T06:18:11","guid":{"rendered":"https:\/\/politicosaldesnudo.com.mx\/?p=75825"},"modified":"2025-11-28T21:28:26","modified_gmt":"2025-11-29T03:28:26","slug":"trump-y-maduro-hablaron-por-telefono-la-semana-pasada-dice-el-new-york-times","status":"publish","type":"post","link":"https:\/\/politicosaldesnudo.com.mx\/index.php\/2025\/11\/29\/trump-y-maduro-hablaron-por-telefono-la-semana-pasada-dice-el-new-york-times\/","title":{"rendered":"Trump y Maduro hablaron por tel\u00e9fono la semana pasada, dice el &#8216;New York Times&#8217;"},"content":{"rendered":"<p class=\"nota-justify\">El presidente estadunidense, Donald Trump, habl\u00f3 con su par venezolano, Nicol\u00e1s Maduro, la semana pasada y mencionaron una posible reuni\u00f3n entre ambos en Estados Unidos, inform\u00f3 el viernes\u00a0<i>The New York Times<\/i>, que cit\u00f3 a varias personas con conocimiento de la situaci\u00f3n.<\/p>\n<p class=\"nota-justify\">La llamada se realiz\u00f3 d\u00edas antes de que entrara en vigencia la designaci\u00f3n del\u00a0<i>C\u00e1rtel de Los Soles<\/i>, como una organizaci\u00f3n terrorista extranjera, afirmaron las fuentes al medio\u200b\u200b\u200b.<\/p>\n<p class=\"nota-justify\">El diario a\u00f1adi\u00f3 que por el momento no hay planes para la reuni\u00f3n que, de ocurrir, ser\u00eda el primer encuentro entre el autoritario l\u00edder venezolano y un presidente estadunidense.<\/p>\n<p class=\"nota-justify\">La revelaci\u00f3n de la conversaci\u00f3n telef\u00f3nica se conoce mientras Trump sigue usando un tono belicoso contra Venezuela, al tiempo que considera la posibilidad de una v\u00eda diplom\u00e1tica.<\/p>\n<p class=\"nota-justify\">El Gobierno de Trump ha descrito a Maduro como un l\u00edder ileg\u00edtimo, que lidera una organizaci\u00f3n narcotraficante conocida como el\u00a0<i>C\u00e1rtel de los Soles<\/i>, una acusaci\u00f3n que Caracas niega.<\/p>\n<p class=\"nota-justify\">Desde principios de septiembre, el Gobierno de Estados Unidos ha estado bombardeando embarcaciones supuestamente cargadas de drogas procedentes de Venezuela y otros pa\u00edses latinoamericanos, una pr\u00e1ctica que dem\u00f3cratas, acad\u00e9micos y expertos en derechos humanos han descrito como ejecuciones extrajudiciales.<\/p>\n<p class=\"nota-justify\">El jueves, Trump reiter\u00f3 sus amenazas previas de comenzar a bombardear objetivos terrestres.<\/p>\n<p class=\"nota-justify\">\u00abLa tierra es m\u00e1s f\u00e1cil, pero eso va a comenzar muy pronto\u00bb, dijo Trump a periodistas.<\/p>\n<p class=\"nota-justify\">Ni la Casa Blanca ni el Ministerio de Comunicaciones de Venezuela, que gestiona todas las solicitudes de prensa del Gobierno, respondieron de inmediato a las solicitudes de comentarios.<\/p>\n","protected":false},"excerpt":{"rendered":"<p>El presidente estadunidense, Donald Trump, habl\u00f3 con su par venezolano, Nicol\u00e1s Maduro, la semana pasada y mencionaron una posible reuni\u00f3n<\/p>\n","protected":false},"author":4,"featured_media":75826,"comment_status":"closed","ping_status":"closed","sticky":false,"template":"","format":"standard","meta":{"colormag_page_container_layout":"default_layout","colormag_page_sidebar_layout":"default_layout","_jetpack_memberships_contains_paid_content":false,"footnotes":"","jetpack_publicize_message":"","jetpack_publicize_feature_enabled":true,"jetpack_social_post_already_shared":true,"jetpack_social_options":{"image_generator_settings":{"template":"highway","default_image_id":0,"font":"","enabled":false},"version":2}},"categories":[28],"tags":[],"class_list":["post-75825","post","type-post","status-publish","format-standard","has-post-thumbnail","hentry","category-internacional"],"jetpack_publicize_connections":[],"jetpack_featured_media_url":"https:\/\/i0.wp.com\/politicosaldesnudo.com.mx\/wp-content\/uploads\/2025\/11\/muts.jpg?fit=1200%2C741&ssl=1","jetpack-related-posts":[],"jetpack_sharing_enabled":true,"_links":{"self":[{"href":"https:\/\/politicosaldesnudo.com.mx\/index.php\/wp-json\/wp\/v2\/posts\/75825","targetHints":{"allow":["GET"]}}],"collection":[{"href":"https:\/\/politicosaldesnudo.com.mx\/index.php\/wp-json\/wp\/v2\/posts"}],"about":[{"href":"https:\/\/politicosaldesnudo.com.mx\/index.php\/wp-json\/wp\/v2\/types\/post"}],"author":[{"embeddable":true,"href":"https:\/\/politicosaldesnudo.com.mx\/index.php\/wp-json\/wp\/v2\/users\/4"}],"replies":[{"embeddable":true,"href":"https:\/\/politicosaldesnudo.com.mx\/index.php\/wp-json\/wp\/v2\/comments?post=75825"}],"version-history":[{"count":0,"href":"https:\/\/politicosaldesnudo.com.mx\/index.php\/wp-json\/wp\/v2\/posts\/75825\/revisions"}],"wp:featuredmedia":[{"embeddable":true,"href":"https:\/\/politicosaldesnudo.com.mx\/index.php\/wp-json\/wp\/v2\/media\/75826"}],"wp:attachment":[{"href":"https:\/\/politicosaldesnudo.com.mx\/index.php\/wp-json\/wp\/v2\/media?parent=75825"}],"wp:term":[{"taxonomy":"category","embeddable":true,"href":"https:\/\/politicosaldesnudo.com.mx\/index.php\/wp-json\/wp\/v2\/categories?post=75825"},{"taxonomy":"post_tag","embeddable":true,"href":"https:\/\/politicosaldesnudo.com.mx\/index.php\/wp-json\/wp\/v2\/tags?post=75825"}],"curies":[{"name":"wp","href":"https:\/\/api.w.org\/{rel}","templated":true}]}}