{"id":75828,"date":"2025-11-29T00:19:54","date_gmt":"2025-11-29T06:19:54","guid":{"rendered":"https:\/\/politicosaldesnudo.com.mx\/?p=75828"},"modified":"2025-11-28T21:30:33","modified_gmt":"2025-11-29T03:30:33","slug":"decenas-de-migrantes-huyen-de-chile-ante-posible-victoria-de-la-ultraderecha","status":"publish","type":"post","link":"https:\/\/politicosaldesnudo.com.mx\/index.php\/2025\/11\/29\/decenas-de-migrantes-huyen-de-chile-ante-posible-victoria-de-la-ultraderecha\/","title":{"rendered":"Decenas de migrantes huyen de Chile ante posible victoria de la ultraderecha"},"content":{"rendered":"<p class=\"nota-justify\">Decenas de migrantes que quieren salir de Chile quedaron varados en la frontera con Per\u00fa, informaron este viernes las autoridades, en un contexto de temor por la amenaza del candidato presidencial ultraderechista chileno Jos\u00e9 Antonio Kast de expulsar a los indocumentados.<\/p>\n<p class=\"nota-justify\">Un video publicado por el gobernador de la regi\u00f3n fronteriza de Arica, unos 2.200 km al norte de Santiago, muestra decenas de personas intentando salir de Chile en el paso de Chacalluta-Santa Rosa.<\/p>\n<p class=\"nota-justify\">\u00abNo nos quieren dejar entrar a Per\u00fa (&#8230;) hay miedo porque nos vayan a sacar a la fuerza\u00bb, afirm\u00f3 un migrante venezolano que prefiri\u00f3 no ser indentificado al medio digital The Clinic.<\/p>\n<p class=\"nota-justify\">El canal peruano radio Tacna difundi\u00f3, entretanto, im\u00e1genes de migrantes con ni\u00f1os en brazos en la carretera cerca del paso fronterizo.<\/p>\n<p class=\"nota-justify\">\u00abSe ha producido una concentraci\u00f3n de personas migrantes que desean abandonar el pa\u00eds y han tenido dificultades en su ingreso a Per\u00fa\u00bb, dijo a la prensa el ministro chileno de Seguridad, Luis Cordero, sin precisar un n\u00famero.<\/p>\n<p class=\"nota-justify\">El ultraconservador Kast, favorito para ganar el balotaje del 14 de diciembre en Chile frente a la izquierdista Jeannette Jara, promete expulsar a los 330.000 inmigrantes indocumentados, en su mayor\u00eda venezolanos, a quienes vincula con la ola de inseguridad.<\/p>\n<p class=\"nota-justify\">\u00abA los inmigrantes irregulares en Chile, les digo que quedan 103 d\u00edas para que salgan voluntariamente de nuestra patria. (&#8230;) Si no salen voluntariamente, van a tener que salir posteriormente a que yo asuma la presidencia\u00bb, dijo Kast en un video publicado este viernes en sus redes sociales.<\/p>\n<p class=\"nota-justify\">Del lado peruano, el presidente interino Jos\u00e9 Jer\u00ed, dijo este viernes en X que convoc\u00f3 una reuni\u00f3n extraordinaria de ministros para declarar \u00abel estado de emergencia y as\u00ed redoblar esfuerzos con las fuerzas armadas en su vigilancia\u00bb en la frontera con Chile.<\/p>\n<p class=\"nota-justify\">En abril de 2023 Per\u00fa decret\u00f3 durante dos meses el estado de emergencia y la militarizaci\u00f3n de sus fronteras para reforzar los controles ante la llegada de migrantes de Chile, a quienes se les exige documentaci\u00f3n en regla para ingresar.<\/p>\n<p class=\"nota-justify\">Las Fuerzas Armadas apoyaron entonces las tareas de la polic\u00eda en el control interno.<\/p>\n","protected":false},"excerpt":{"rendered":"<p>Decenas de migrantes que quieren salir de Chile quedaron varados en la frontera con Per\u00fa, informaron este viernes las autoridades,<\/p>\n","protected":false},"author":4,"featured_media":75829,"comment_status":"closed","ping_status":"closed","sticky":false,"template":"","format":"standard","meta":{"colormag_page_container_layout":"default_layout","colormag_page_sidebar_layout":"default_layout","_jetpack_memberships_contains_paid_content":false,"footnotes":"","jetpack_publicize_message":"","jetpack_publicize_feature_enabled":true,"jetpack_social_post_already_shared":true,"jetpack_social_options":{"image_generator_settings":{"template":"highway","default_image_id":0,"font":"","enabled":false},"version":2}},"categories":[28],"tags":[],"class_list":["post-75828","post","type-post","status-publish","format-standard","has-post-thumbnail","hentry","category-internacional"],"jetpack_publicize_connections":[],"jetpack_featured_media_url":"https:\/\/i0.wp.com\/politicosaldesnudo.com.mx\/wp-content\/uploads\/2025\/11\/huy.jpg?fit=1200%2C800&ssl=1","jetpack-related-posts":[],"jetpack_sharing_enabled":true,"_links":{"self":[{"href":"https:\/\/politicosaldesnudo.com.mx\/index.php\/wp-json\/wp\/v2\/posts\/75828","targetHints":{"allow":["GET"]}}],"collection":[{"href":"https:\/\/politicosaldesnudo.com.mx\/index.php\/wp-json\/wp\/v2\/posts"}],"about":[{"href":"https:\/\/politicosaldesnudo.com.mx\/index.php\/wp-json\/wp\/v2\/types\/post"}],"author":[{"embeddable":true,"href":"https:\/\/politicosaldesnudo.com.mx\/index.php\/wp-json\/wp\/v2\/users\/4"}],"replies":[{"embeddable":true,"href":"https:\/\/politicosaldesnudo.com.mx\/index.php\/wp-json\/wp\/v2\/comments?post=75828"}],"version-history":[{"count":0,"href":"https:\/\/politicosaldesnudo.com.mx\/index.php\/wp-json\/wp\/v2\/posts\/75828\/revisions"}],"wp:featuredmedia":[{"embeddable":true,"href":"https:\/\/politicosaldesnudo.com.mx\/index.php\/wp-json\/wp\/v2\/media\/75829"}],"wp:attachment":[{"href":"https:\/\/politicosaldesnudo.com.mx\/index.php\/wp-json\/wp\/v2\/media?parent=75828"}],"wp:term":[{"taxonomy":"category","embeddable":true,"href":"https:\/\/politicosaldesnudo.com.mx\/index.php\/wp-json\/wp\/v2\/categories?post=75828"},{"taxonomy":"post_tag","embeddable":true,"href":"https:\/\/politicosaldesnudo.com.mx\/index.php\/wp-json\/wp\/v2\/tags?post=75828"}],"curies":[{"name":"wp","href":"https:\/\/api.w.org\/{rel}","templated":true}]}}