{"id":75831,"date":"2025-11-29T00:20:44","date_gmt":"2025-11-29T06:20:44","guid":{"rendered":"https:\/\/politicosaldesnudo.com.mx\/?p=75831"},"modified":"2025-11-28T21:32:57","modified_gmt":"2025-11-29T03:32:57","slug":"reportan-enfrentamientos-entre-disidencias-de-las-farc-y-el-eln-en-colombia","status":"publish","type":"post","link":"https:\/\/politicosaldesnudo.com.mx\/index.php\/2025\/11\/29\/reportan-enfrentamientos-entre-disidencias-de-las-farc-y-el-eln-en-colombia\/","title":{"rendered":"Reportan enfrentamientos entre disidencias de las FARC y el ELN en Colombia"},"content":{"rendered":"<p class=\"nota-justify\">Al menos siete personas han muerto en enfrentamientos entre la guerrilla del Ej\u00e9rcito de Liberaci\u00f3n Nacional (ELN) y las disidencias de las FARC en la regi\u00f3n nororiental de Catatumbo, escenario de la \u00faltima crisis humanitaria en Colombia provocada por el desplazamiento forzado de su poblaci\u00f3n huyendo de estos combates.<\/p>\n<p class=\"nota-justify\">La nueva disputa se ha producido en el municipio de El Tarra, informa Caracol Radio. La regi\u00f3n ha vuelto a quedar atrapada en medio del fuego cruzado entre el ELN y el frente 33, a pocas semanas del primer aniversario del peor estallido de violencia en la regi\u00f3n en los \u00faltimos tiempo, que dej\u00f3 m\u00e1s de 70.000 desplazados.<\/p>\n<p class=\"nota-justify\">El presidente colombiano, Gustavo Petro, decret\u00f3 el estado de conmoci\u00f3n interior para poder hacer frente a los graves problemas de seguridad surgidos en la regi\u00f3n, que hace frontera con Venezuela, por los enfrentamientos entre los dos grupos armados, que se disputan principalmente el control de los cultivos de coca.<\/p>\n<p class=\"nota-justify\">Adem\u00e1s de reforzar la seguridad y la presencia del Estado, el Gobierno ha estado incentivando a las comunidades locales el cambio de cultivos a trav\u00e9s de subsidios mientras desarrollan nuevas actividades agr\u00edcolas. El objetivo es erradicar unas 25.000 hect\u00e1reas de estas plantaciones ilegales.<\/p>\n<p class=\"nota-justify\">Estos enfrentamientos, que acabaron de estallar a mediados de enero de este a\u00f1o, fueron tambi\u00e9n el detonante que necesit\u00f3 Petro para ordenar la cancelaci\u00f3n de las negociaciones del ELN con el Gobierno.<\/p>\n","protected":false},"excerpt":{"rendered":"<p>Al menos siete personas han muerto en enfrentamientos entre la guerrilla del Ej\u00e9rcito de Liberaci\u00f3n Nacional (ELN) y las disidencias<\/p>\n","protected":false},"author":4,"featured_media":75832,"comment_status":"closed","ping_status":"closed","sticky":false,"template":"","format":"standard","meta":{"colormag_page_container_layout":"default_layout","colormag_page_sidebar_layout":"default_layout","_jetpack_memberships_contains_paid_content":false,"footnotes":"","jetpack_publicize_message":"","jetpack_publicize_feature_enabled":true,"jetpack_social_post_already_shared":true,"jetpack_social_options":{"image_generator_settings":{"template":"highway","default_image_id":0,"font":"","enabled":false},"version":2}},"categories":[28],"tags":[],"class_list":["post-75831","post","type-post","status-publish","format-standard","has-post-thumbnail","hentry","category-internacional"],"jetpack_publicize_connections":[],"jetpack_featured_media_url":"https:\/\/i0.wp.com\/politicosaldesnudo.com.mx\/wp-content\/uploads\/2025\/11\/qslllv.jpg?fit=1200%2C628&ssl=1","jetpack-related-posts":[],"jetpack_sharing_enabled":true,"_links":{"self":[{"href":"https:\/\/politicosaldesnudo.com.mx\/index.php\/wp-json\/wp\/v2\/posts\/75831","targetHints":{"allow":["GET"]}}],"collection":[{"href":"https:\/\/politicosaldesnudo.com.mx\/index.php\/wp-json\/wp\/v2\/posts"}],"about":[{"href":"https:\/\/politicosaldesnudo.com.mx\/index.php\/wp-json\/wp\/v2\/types\/post"}],"author":[{"embeddable":true,"href":"https:\/\/politicosaldesnudo.com.mx\/index.php\/wp-json\/wp\/v2\/users\/4"}],"replies":[{"embeddable":true,"href":"https:\/\/politicosaldesnudo.com.mx\/index.php\/wp-json\/wp\/v2\/comments?post=75831"}],"version-history":[{"count":0,"href":"https:\/\/politicosaldesnudo.com.mx\/index.php\/wp-json\/wp\/v2\/posts\/75831\/revisions"}],"wp:featuredmedia":[{"embeddable":true,"href":"https:\/\/politicosaldesnudo.com.mx\/index.php\/wp-json\/wp\/v2\/media\/75832"}],"wp:attachment":[{"href":"https:\/\/politicosaldesnudo.com.mx\/index.php\/wp-json\/wp\/v2\/media?parent=75831"}],"wp:term":[{"taxonomy":"category","embeddable":true,"href":"https:\/\/politicosaldesnudo.com.mx\/index.php\/wp-json\/wp\/v2\/categories?post=75831"},{"taxonomy":"post_tag","embeddable":true,"href":"https:\/\/politicosaldesnudo.com.mx\/index.php\/wp-json\/wp\/v2\/tags?post=75831"}],"curies":[{"name":"wp","href":"https:\/\/api.w.org\/{rel}","templated":true}]}}