{"id":75834,"date":"2025-11-28T21:34:59","date_gmt":"2025-11-29T03:34:59","guid":{"rendered":"https:\/\/politicosaldesnudo.com.mx\/?p=75834"},"modified":"2025-11-28T21:34:59","modified_gmt":"2025-11-29T03:34:59","slug":"impunidad-la-moneda-de-cambio","status":"publish","type":"post","link":"https:\/\/politicosaldesnudo.com.mx\/index.php\/2025\/11\/28\/impunidad-la-moneda-de-cambio\/","title":{"rendered":"Impunidad, la moneda de cambio"},"content":{"rendered":"<p>La salida de Alejandro Gertz Manero de la Fiscal\u00eda General de la Rep\u00fablica (FGR) fue un manotazo pactado con impunidad para cerrar filas en el r\u00e9gimen morenista y garantizar que las cloacas del poder no se desborden todav\u00eda m\u00e1s de lo que ya est\u00e1n.<\/p>\n<p>Gertz se va despu\u00e9s de haber filtrado expedientes y denuncias que tocaban fibras sensibles del morenato: desde las investigaciones contra Ad\u00e1n Augusto L\u00f3pez y sus innegables nexos con \u201cLa Barredora\u201d, hasta los se\u00f1alamientos que alcanzaban a los hijos del expresidente L\u00f3pez Obrador en el negocio del huachicol, y m\u00e1s recientemente los v\u00ednculos del copropietario del certamen Miss Universo Ra\u00fal Rocha Cant\u00fa con el crimen organizado\u2026 y el gobierno de la \u201ccuarta transformaci\u00f3n\u201d.<\/p>\n<p>Cada filtraci\u00f3n fue un recordatorio de que la Fiscal\u00eda de Gertz \u2013quien fue colocado y sostenido contra viento y marea en el cargo por Andr\u00e9s Manuel L\u00f3pez Obrador- no fue sino un instrumento de presi\u00f3n pol\u00edtica y de chantaje, externo e interno, que se hab\u00eda vuelto inmanejable para el gobierno de Claudia Sheinbaum, totalmente acotado y maniatado desde todos los frentes.<\/p>\n<p>La gota que derram\u00f3 el vaso habr\u00eda sido el tema Miss Universo, el m\u00e1s trivial de todos, en apariencia. El pasado 15 de noviembre, un juez de control de Quer\u00e9taro concedi\u00f3 una orden de aprehensi\u00f3n en contra de Ra\u00fal Rocha Cant\u00fa \u2013acusado por los mismos exjueces del anacr\u00f3nico certamen de belleza de haber ama\u00f1ado el concurso para beneficiar a su compatriota F\u00e1tima Bosch, hija de un multimillonario contratista y \u201casesor\u201d de Pemex- por los delitos de delincuencia organizada, tr\u00e1fico de armas de fuego desde Guatemala, huachicol fiscal y lavado de dinero.<\/p>\n<p>Esa informaci\u00f3n permanec\u00eda desapercibida hasta que se filtr\u00f3 a medios nacionales e internacionales un criterio de oportunidad firmado el 19 de noviembre entre Rocha Cant\u00fa y la FGR para convertirlo en testigo protegido, de manera que colaborar\u00eda con la Fiscal\u00eda federal aportando informaci\u00f3n sobre el huachicol fiscal y sus redes financieras, as\u00ed como los v\u00ednculos con funcionarios y empresarios. Una verdadera bomba que podr\u00eda hacer volar en pedazos al r\u00e9gimen mismo por la colusi\u00f3n de buena parte de sus integrantes \u2013hasta el m\u00e1s alto nivel- en esa red delincuencial.<\/p>\n<p>El desenlace no sorprende: la impunidad como moneda de cambio. Lo que se adelantaba desde la noche del pasado mi\u00e9rcoles como un cese, una destituci\u00f3n fulminante, se convirti\u00f3 en una salida hacia un exilio y retiro dorado: Gertz anunci\u00f3 su \u201crenuncia\u201d a la FGR debido de una \u201cinvitaci\u00f3n\u201d de la propia Claudia Sheinbaum\u00a0 para ser embajador de un \u201cpa\u00eds amigo\u201d, que algunas versiones apuntan que ser\u00eda Alemania.<\/p>\n<p>Por la ma\u00f1ana de este jueves, con su conocido y chocante estilo de pretender fingir demencia, Claudia Sheinbaum dijo no tener noticia de que Gertz Manero hubiese presentado su renuncia, pero que ten\u00eda una \u201ccarta\u201d del Senado que estaba \u201canalizando\u201d. Seguramente se trataba del plan para \u201cdoblar\u201d al fiscal si se negaba a \u201ccooperar\u201d por las buenas. Pero de una intenci\u00f3n de su parte de hacerlo embajador, no mencion\u00f3 ni media palabra.<\/p>\n<p>\u00bfQu\u00e9 informaci\u00f3n le habr\u00e1 mostrado Gertz Manero a la c\u00fapula morenista, qu\u00e9 les habr\u00e1 mandado a decir en esas horas de incertidumbre, en las que las versiones circulaban como p\u00f3lvora en medio de un muy sugerente hermetismo del morenato?<\/p>\n<p>Pues al parecer lo necesario para que en lugar de ser defenestrado, Gertz Manero obtuviera mucho, much\u00edsimo m\u00e1s que una salida digna: le dieron una patente de impunidad \u2013con inmunidad diplom\u00e1tica incluida- y un boleto no hacia las Islas Fidji para refundirlo, sino a uno de los pa\u00edses m\u00e1s modernos de Europa para que goce sus \u00faltimos a\u00f1os.<\/p>\n<p>El relevo por ahora interino, pero que en breve ser\u00e1 definitivo al frente de la FGR con Ernestina Godoy, figura de absoluta confianza de Claudia Sheinbaum, le dar\u00e1 a la presidenta un mayor margen de maniobra, mas no las amarras del poder, el cual le entreg\u00f3 de nuevo a Ad\u00e1n Augusto L\u00f3pez, a Ricardo Monreal y, especialmente, a L\u00f3pez Obrador. Al sacar de la ecuaci\u00f3n a Gertz, otras vez se someti\u00f3.<\/p>\n<p>\u00bfLlegaron todas? No lleg\u00f3 ni ella.<\/p>\n<p><img data-recalc-dims=\"1\" loading=\"lazy\" decoding=\"async\" class=\"aligncenter size-full wp-image-75752\" src=\"https:\/\/i0.wp.com\/politicosaldesnudo.com.mx\/wp-content\/uploads\/2025\/11\/FIRMA-EDITORIAL-PD-7.jpg?resize=800%2C98&#038;ssl=1\" alt=\"\" width=\"800\" height=\"98\" srcset=\"https:\/\/i0.wp.com\/politicosaldesnudo.com.mx\/wp-content\/uploads\/2025\/11\/FIRMA-EDITORIAL-PD-7.jpg?w=1024&amp;ssl=1 1024w, https:\/\/i0.wp.com\/politicosaldesnudo.com.mx\/wp-content\/uploads\/2025\/11\/FIRMA-EDITORIAL-PD-7.jpg?resize=300%2C37&amp;ssl=1 300w, https:\/\/i0.wp.com\/politicosaldesnudo.com.mx\/wp-content\/uploads\/2025\/11\/FIRMA-EDITORIAL-PD-7.jpg?resize=768%2C94&amp;ssl=1 768w\" sizes=\"auto, (max-width: 800px) 100vw, 800px\" \/><\/p>\n","protected":false},"excerpt":{"rendered":"<p>La salida de Alejandro Gertz Manero de la Fiscal\u00eda General de la Rep\u00fablica (FGR) fue un manotazo pactado con impunidad<\/p>\n","protected":false},"author":4,"featured_media":46001,"comment_status":"closed","ping_status":"closed","sticky":false,"template":"","format":"standard","meta":{"colormag_page_container_layout":"default_layout","colormag_page_sidebar_layout":"default_layout","_jetpack_memberships_contains_paid_content":false,"footnotes":"","jetpack_publicize_message":"","jetpack_publicize_feature_enabled":true,"jetpack_social_post_already_shared":true,"jetpack_social_options":{"image_generator_settings":{"template":"highway","default_image_id":0,"font":"","enabled":false},"version":2}},"categories":[26],"tags":[],"class_list":["post-75834","post","type-post","status-publish","format-standard","has-post-thumbnail","hentry","category-columnistas"],"jetpack_publicize_connections":[],"jetpack_featured_media_url":"https:\/\/i0.wp.com\/politicosaldesnudo.com.mx\/wp-content\/uploads\/2024\/09\/RUBICA-2.jpg?fit=800%2C445&ssl=1","jetpack-related-posts":[],"jetpack_sharing_enabled":true,"_links":{"self":[{"href":"https:\/\/politicosaldesnudo.com.mx\/index.php\/wp-json\/wp\/v2\/posts\/75834","targetHints":{"allow":["GET"]}}],"collection":[{"href":"https:\/\/politicosaldesnudo.com.mx\/index.php\/wp-json\/wp\/v2\/posts"}],"about":[{"href":"https:\/\/politicosaldesnudo.com.mx\/index.php\/wp-json\/wp\/v2\/types\/post"}],"author":[{"embeddable":true,"href":"https:\/\/politicosaldesnudo.com.mx\/index.php\/wp-json\/wp\/v2\/users\/4"}],"replies":[{"embeddable":true,"href":"https:\/\/politicosaldesnudo.com.mx\/index.php\/wp-json\/wp\/v2\/comments?post=75834"}],"version-history":[{"count":0,"href":"https:\/\/politicosaldesnudo.com.mx\/index.php\/wp-json\/wp\/v2\/posts\/75834\/revisions"}],"wp:featuredmedia":[{"embeddable":true,"href":"https:\/\/politicosaldesnudo.com.mx\/index.php\/wp-json\/wp\/v2\/media\/46001"}],"wp:attachment":[{"href":"https:\/\/politicosaldesnudo.com.mx\/index.php\/wp-json\/wp\/v2\/media?parent=75834"}],"wp:term":[{"taxonomy":"category","embeddable":true,"href":"https:\/\/politicosaldesnudo.com.mx\/index.php\/wp-json\/wp\/v2\/categories?post=75834"},{"taxonomy":"post_tag","embeddable":true,"href":"https:\/\/politicosaldesnudo.com.mx\/index.php\/wp-json\/wp\/v2\/tags?post=75834"}],"curies":[{"name":"wp","href":"https:\/\/api.w.org\/{rel}","templated":true}]}}