{"id":75840,"date":"2025-11-29T23:27:11","date_gmt":"2025-11-30T05:27:11","guid":{"rendered":"https:\/\/politicosaldesnudo.com.mx\/?p=75840"},"modified":"2025-11-29T23:27:11","modified_gmt":"2025-11-30T05:27:11","slug":"cuadrillas-de-parques-y-jardines-y-panteones-intensifican-la-limpieza-poda-y-desbroce-de-areas-verdes-y-camellones-de-bulevares","status":"publish","type":"post","link":"https:\/\/politicosaldesnudo.com.mx\/index.php\/2025\/11\/29\/cuadrillas-de-parques-y-jardines-y-panteones-intensifican-la-limpieza-poda-y-desbroce-de-areas-verdes-y-camellones-de-bulevares\/","title":{"rendered":"Cuadrillas de Parques y Jardines, y Panteones intensifican la limpieza, poda y desbroce de \u00e1reas verdes y camellones de bulevares"},"content":{"rendered":"<p>Tuxpan, Ver. (29\/11\/2025) Por instrucciones del presidente municipal, Dr. Jes\u00fas Fomperoza Torres, las coordinaciones de Parques y Jardines, y Panteones, est\u00e1n uniendo esfuerzos para intensificar la limpieza, poda y desbroce en camellones de bulevares, parques p\u00fablicos, jardines y \u00e1reas recreativas de uso com\u00fan.<\/p>\n<p><img data-recalc-dims=\"1\" loading=\"lazy\" decoding=\"async\" class=\"aligncenter size-large wp-image-75850\" src=\"https:\/\/i0.wp.com\/politicosaldesnudo.com.mx\/wp-content\/uploads\/2025\/11\/WhatsApp-Image-2025-11-29-at-15.24.56-1024x747.jpeg?resize=800%2C584&#038;ssl=1\" alt=\"\" width=\"800\" height=\"584\" srcset=\"https:\/\/i0.wp.com\/politicosaldesnudo.com.mx\/wp-content\/uploads\/2025\/11\/WhatsApp-Image-2025-11-29-at-15.24.56.jpeg?resize=1024%2C747&amp;ssl=1 1024w, https:\/\/i0.wp.com\/politicosaldesnudo.com.mx\/wp-content\/uploads\/2025\/11\/WhatsApp-Image-2025-11-29-at-15.24.56.jpeg?resize=300%2C219&amp;ssl=1 300w, https:\/\/i0.wp.com\/politicosaldesnudo.com.mx\/wp-content\/uploads\/2025\/11\/WhatsApp-Image-2025-11-29-at-15.24.56.jpeg?resize=768%2C560&amp;ssl=1 768w, https:\/\/i0.wp.com\/politicosaldesnudo.com.mx\/wp-content\/uploads\/2025\/11\/WhatsApp-Image-2025-11-29-at-15.24.56.jpeg?resize=1536%2C1120&amp;ssl=1 1536w, https:\/\/i0.wp.com\/politicosaldesnudo.com.mx\/wp-content\/uploads\/2025\/11\/WhatsApp-Image-2025-11-29-at-15.24.56.jpeg?w=1600&amp;ssl=1 1600w\" sizes=\"auto, (max-width: 800px) 100vw, 800px\" \/> <img data-recalc-dims=\"1\" loading=\"lazy\" decoding=\"async\" class=\"aligncenter size-large wp-image-75849\" src=\"https:\/\/i0.wp.com\/politicosaldesnudo.com.mx\/wp-content\/uploads\/2025\/11\/WhatsApp-Image-2025-11-29-at-15.24.56-2-1024x791.jpeg?resize=800%2C618&#038;ssl=1\" alt=\"\" width=\"800\" height=\"618\" srcset=\"https:\/\/i0.wp.com\/politicosaldesnudo.com.mx\/wp-content\/uploads\/2025\/11\/WhatsApp-Image-2025-11-29-at-15.24.56-2.jpeg?resize=1024%2C791&amp;ssl=1 1024w, https:\/\/i0.wp.com\/politicosaldesnudo.com.mx\/wp-content\/uploads\/2025\/11\/WhatsApp-Image-2025-11-29-at-15.24.56-2.jpeg?resize=300%2C232&amp;ssl=1 300w, https:\/\/i0.wp.com\/politicosaldesnudo.com.mx\/wp-content\/uploads\/2025\/11\/WhatsApp-Image-2025-11-29-at-15.24.56-2.jpeg?resize=768%2C593&amp;ssl=1 768w, https:\/\/i0.wp.com\/politicosaldesnudo.com.mx\/wp-content\/uploads\/2025\/11\/WhatsApp-Image-2025-11-29-at-15.24.56-2.jpeg?resize=1536%2C1187&amp;ssl=1 1536w, https:\/\/i0.wp.com\/politicosaldesnudo.com.mx\/wp-content\/uploads\/2025\/11\/WhatsApp-Image-2025-11-29-at-15.24.56-2.jpeg?w=1600&amp;ssl=1 1600w\" sizes=\"auto, (max-width: 800px) 100vw, 800px\" \/> <img data-recalc-dims=\"1\" loading=\"lazy\" decoding=\"async\" class=\"aligncenter size-large wp-image-75848\" src=\"https:\/\/i0.wp.com\/politicosaldesnudo.com.mx\/wp-content\/uploads\/2025\/11\/WhatsApp-Image-2025-11-29-at-15.24.56-1-1024x893.jpeg?resize=800%2C698&#038;ssl=1\" alt=\"\" width=\"800\" height=\"698\" srcset=\"https:\/\/i0.wp.com\/politicosaldesnudo.com.mx\/wp-content\/uploads\/2025\/11\/WhatsApp-Image-2025-11-29-at-15.24.56-1.jpeg?resize=1024%2C893&amp;ssl=1 1024w, https:\/\/i0.wp.com\/politicosaldesnudo.com.mx\/wp-content\/uploads\/2025\/11\/WhatsApp-Image-2025-11-29-at-15.24.56-1.jpeg?resize=300%2C262&amp;ssl=1 300w, https:\/\/i0.wp.com\/politicosaldesnudo.com.mx\/wp-content\/uploads\/2025\/11\/WhatsApp-Image-2025-11-29-at-15.24.56-1.jpeg?resize=768%2C670&amp;ssl=1 768w, https:\/\/i0.wp.com\/politicosaldesnudo.com.mx\/wp-content\/uploads\/2025\/11\/WhatsApp-Image-2025-11-29-at-15.24.56-1.jpeg?resize=1536%2C1340&amp;ssl=1 1536w, https:\/\/i0.wp.com\/politicosaldesnudo.com.mx\/wp-content\/uploads\/2025\/11\/WhatsApp-Image-2025-11-29-at-15.24.56-1.jpeg?w=1600&amp;ssl=1 1600w\" sizes=\"auto, (max-width: 800px) 100vw, 800px\" \/><\/p>\n<p>Personal de Parques y Jardines ha trabajado en la limpieza del Callej\u00f3n del Ni\u00f1o Perdido, Plaza C\u00edvica, \u00e1reas verdes de los Infonavit Puerto Pesquero y Reyes Heroles, Jard\u00edn de Las Canicas, camell\u00f3n del bulevar Ruiz Malerva y talud de acceso al puente Tuxpan.<\/p>\n<p><img data-recalc-dims=\"1\" loading=\"lazy\" decoding=\"async\" class=\"aligncenter size-large wp-image-75847\" src=\"https:\/\/i0.wp.com\/politicosaldesnudo.com.mx\/wp-content\/uploads\/2025\/11\/WhatsApp-Image-2025-11-29-at-15.24.55-1024x607.jpeg?resize=800%2C474&#038;ssl=1\" alt=\"\" width=\"800\" height=\"474\" srcset=\"https:\/\/i0.wp.com\/politicosaldesnudo.com.mx\/wp-content\/uploads\/2025\/11\/WhatsApp-Image-2025-11-29-at-15.24.55.jpeg?resize=1024%2C607&amp;ssl=1 1024w, https:\/\/i0.wp.com\/politicosaldesnudo.com.mx\/wp-content\/uploads\/2025\/11\/WhatsApp-Image-2025-11-29-at-15.24.55.jpeg?resize=300%2C178&amp;ssl=1 300w, https:\/\/i0.wp.com\/politicosaldesnudo.com.mx\/wp-content\/uploads\/2025\/11\/WhatsApp-Image-2025-11-29-at-15.24.55.jpeg?resize=768%2C455&amp;ssl=1 768w, https:\/\/i0.wp.com\/politicosaldesnudo.com.mx\/wp-content\/uploads\/2025\/11\/WhatsApp-Image-2025-11-29-at-15.24.55.jpeg?resize=1536%2C910&amp;ssl=1 1536w, https:\/\/i0.wp.com\/politicosaldesnudo.com.mx\/wp-content\/uploads\/2025\/11\/WhatsApp-Image-2025-11-29-at-15.24.55.jpeg?w=1600&amp;ssl=1 1600w\" sizes=\"auto, (max-width: 800px) 100vw, 800px\" \/> <img data-recalc-dims=\"1\" loading=\"lazy\" decoding=\"async\" class=\"aligncenter size-large wp-image-75846\" src=\"https:\/\/i0.wp.com\/politicosaldesnudo.com.mx\/wp-content\/uploads\/2025\/11\/WhatsApp-Image-2025-11-29-at-15.24.55-4-1024x706.jpeg?resize=800%2C552&#038;ssl=1\" alt=\"\" width=\"800\" height=\"552\" srcset=\"https:\/\/i0.wp.com\/politicosaldesnudo.com.mx\/wp-content\/uploads\/2025\/11\/WhatsApp-Image-2025-11-29-at-15.24.55-4.jpeg?resize=1024%2C706&amp;ssl=1 1024w, https:\/\/i0.wp.com\/politicosaldesnudo.com.mx\/wp-content\/uploads\/2025\/11\/WhatsApp-Image-2025-11-29-at-15.24.55-4.jpeg?resize=300%2C207&amp;ssl=1 300w, https:\/\/i0.wp.com\/politicosaldesnudo.com.mx\/wp-content\/uploads\/2025\/11\/WhatsApp-Image-2025-11-29-at-15.24.55-4.jpeg?resize=768%2C529&amp;ssl=1 768w, https:\/\/i0.wp.com\/politicosaldesnudo.com.mx\/wp-content\/uploads\/2025\/11\/WhatsApp-Image-2025-11-29-at-15.24.55-4.jpeg?resize=1536%2C1059&amp;ssl=1 1536w, https:\/\/i0.wp.com\/politicosaldesnudo.com.mx\/wp-content\/uploads\/2025\/11\/WhatsApp-Image-2025-11-29-at-15.24.55-4.jpeg?resize=130%2C90&amp;ssl=1 130w, https:\/\/i0.wp.com\/politicosaldesnudo.com.mx\/wp-content\/uploads\/2025\/11\/WhatsApp-Image-2025-11-29-at-15.24.55-4.jpeg?w=1600&amp;ssl=1 1600w\" sizes=\"auto, (max-width: 800px) 100vw, 800px\" \/> <img data-recalc-dims=\"1\" loading=\"lazy\" decoding=\"async\" class=\"aligncenter size-large wp-image-75845\" src=\"https:\/\/i0.wp.com\/politicosaldesnudo.com.mx\/wp-content\/uploads\/2025\/11\/WhatsApp-Image-2025-11-29-at-15.24.55-3-1024x576.jpeg?resize=800%2C450&#038;ssl=1\" alt=\"\" width=\"800\" height=\"450\" srcset=\"https:\/\/i0.wp.com\/politicosaldesnudo.com.mx\/wp-content\/uploads\/2025\/11\/WhatsApp-Image-2025-11-29-at-15.24.55-3.jpeg?resize=1024%2C576&amp;ssl=1 1024w, https:\/\/i0.wp.com\/politicosaldesnudo.com.mx\/wp-content\/uploads\/2025\/11\/WhatsApp-Image-2025-11-29-at-15.24.55-3.jpeg?resize=300%2C169&amp;ssl=1 300w, https:\/\/i0.wp.com\/politicosaldesnudo.com.mx\/wp-content\/uploads\/2025\/11\/WhatsApp-Image-2025-11-29-at-15.24.55-3.jpeg?resize=768%2C432&amp;ssl=1 768w, https:\/\/i0.wp.com\/politicosaldesnudo.com.mx\/wp-content\/uploads\/2025\/11\/WhatsApp-Image-2025-11-29-at-15.24.55-3.jpeg?resize=1536%2C864&amp;ssl=1 1536w, https:\/\/i0.wp.com\/politicosaldesnudo.com.mx\/wp-content\/uploads\/2025\/11\/WhatsApp-Image-2025-11-29-at-15.24.55-3.jpeg?w=1600&amp;ssl=1 1600w\" sizes=\"auto, (max-width: 800px) 100vw, 800px\" \/><\/p>\n<p>Con el apoyo de Limpia P\u00fablica se retir\u00f3 la tierra que se hab\u00eda acumulado a un costado del camell\u00f3n de la avenida Cuauht\u00e9moc.<\/p>\n<p><img data-recalc-dims=\"1\" loading=\"lazy\" decoding=\"async\" class=\"aligncenter size-large wp-image-75844\" src=\"https:\/\/i0.wp.com\/politicosaldesnudo.com.mx\/wp-content\/uploads\/2025\/11\/WhatsApp-Image-2025-11-29-at-15.24.55-2-1024x576.jpeg?resize=800%2C450&#038;ssl=1\" alt=\"\" width=\"800\" height=\"450\" srcset=\"https:\/\/i0.wp.com\/politicosaldesnudo.com.mx\/wp-content\/uploads\/2025\/11\/WhatsApp-Image-2025-11-29-at-15.24.55-2.jpeg?resize=1024%2C576&amp;ssl=1 1024w, https:\/\/i0.wp.com\/politicosaldesnudo.com.mx\/wp-content\/uploads\/2025\/11\/WhatsApp-Image-2025-11-29-at-15.24.55-2.jpeg?resize=300%2C169&amp;ssl=1 300w, https:\/\/i0.wp.com\/politicosaldesnudo.com.mx\/wp-content\/uploads\/2025\/11\/WhatsApp-Image-2025-11-29-at-15.24.55-2.jpeg?resize=768%2C432&amp;ssl=1 768w, https:\/\/i0.wp.com\/politicosaldesnudo.com.mx\/wp-content\/uploads\/2025\/11\/WhatsApp-Image-2025-11-29-at-15.24.55-2.jpeg?resize=1536%2C864&amp;ssl=1 1536w, https:\/\/i0.wp.com\/politicosaldesnudo.com.mx\/wp-content\/uploads\/2025\/11\/WhatsApp-Image-2025-11-29-at-15.24.55-2.jpeg?w=1600&amp;ssl=1 1600w\" sizes=\"auto, (max-width: 800px) 100vw, 800px\" \/> <img data-recalc-dims=\"1\" loading=\"lazy\" decoding=\"async\" class=\"aligncenter size-large wp-image-75843\" src=\"https:\/\/i0.wp.com\/politicosaldesnudo.com.mx\/wp-content\/uploads\/2025\/11\/WhatsApp-Image-2025-11-29-at-15.24.55-1-1024x576.jpeg?resize=800%2C450&#038;ssl=1\" alt=\"\" width=\"800\" height=\"450\" srcset=\"https:\/\/i0.wp.com\/politicosaldesnudo.com.mx\/wp-content\/uploads\/2025\/11\/WhatsApp-Image-2025-11-29-at-15.24.55-1.jpeg?resize=1024%2C576&amp;ssl=1 1024w, https:\/\/i0.wp.com\/politicosaldesnudo.com.mx\/wp-content\/uploads\/2025\/11\/WhatsApp-Image-2025-11-29-at-15.24.55-1.jpeg?resize=300%2C169&amp;ssl=1 300w, https:\/\/i0.wp.com\/politicosaldesnudo.com.mx\/wp-content\/uploads\/2025\/11\/WhatsApp-Image-2025-11-29-at-15.24.55-1.jpeg?resize=768%2C432&amp;ssl=1 768w, https:\/\/i0.wp.com\/politicosaldesnudo.com.mx\/wp-content\/uploads\/2025\/11\/WhatsApp-Image-2025-11-29-at-15.24.55-1.jpeg?resize=1536%2C864&amp;ssl=1 1536w, https:\/\/i0.wp.com\/politicosaldesnudo.com.mx\/wp-content\/uploads\/2025\/11\/WhatsApp-Image-2025-11-29-at-15.24.55-1.jpeg?w=1600&amp;ssl=1 1600w\" sizes=\"auto, (max-width: 800px) 100vw, 800px\" \/> <img data-recalc-dims=\"1\" loading=\"lazy\" decoding=\"async\" class=\"aligncenter size-large wp-image-75841\" src=\"https:\/\/i0.wp.com\/politicosaldesnudo.com.mx\/wp-content\/uploads\/2025\/11\/WhatsApp-Image-2025-11-29-at-15.24.54-1-1024x576.jpeg?resize=800%2C450&#038;ssl=1\" alt=\"\" width=\"800\" height=\"450\" srcset=\"https:\/\/i0.wp.com\/politicosaldesnudo.com.mx\/wp-content\/uploads\/2025\/11\/WhatsApp-Image-2025-11-29-at-15.24.54-1.jpeg?resize=1024%2C576&amp;ssl=1 1024w, https:\/\/i0.wp.com\/politicosaldesnudo.com.mx\/wp-content\/uploads\/2025\/11\/WhatsApp-Image-2025-11-29-at-15.24.54-1.jpeg?resize=300%2C169&amp;ssl=1 300w, https:\/\/i0.wp.com\/politicosaldesnudo.com.mx\/wp-content\/uploads\/2025\/11\/WhatsApp-Image-2025-11-29-at-15.24.54-1.jpeg?resize=768%2C432&amp;ssl=1 768w, https:\/\/i0.wp.com\/politicosaldesnudo.com.mx\/wp-content\/uploads\/2025\/11\/WhatsApp-Image-2025-11-29-at-15.24.54-1.jpeg?resize=1536%2C864&amp;ssl=1 1536w, https:\/\/i0.wp.com\/politicosaldesnudo.com.mx\/wp-content\/uploads\/2025\/11\/WhatsApp-Image-2025-11-29-at-15.24.54-1.jpeg?w=1600&amp;ssl=1 1600w\" sizes=\"auto, (max-width: 800px) 100vw, 800px\" \/><\/p>\n<p>Por su parte, las cuadrillas de la Coordinaci\u00f3n de Panteones se ocuparon de la limpieza del parque de Infonavit Tenechaco, camellones y \u00e1reas peatonales, desde el T\u00fanel, hasta el DIF.<\/p>\n<p>De igual manera, se ocuparon de la avenida Las Am\u00e9ricas y la salida a Tamiahua. Estas acciones son independientes al trabajo que efect\u00faan en el interior de los panteones.<\/p>\n","protected":false},"excerpt":{"rendered":"<p>Tuxpan, Ver. (29\/11\/2025) Por instrucciones del presidente municipal, Dr. Jes\u00fas Fomperoza Torres, las coordinaciones de Parques y Jardines, y Panteones,<\/p>\n","protected":false},"author":4,"featured_media":75842,"comment_status":"closed","ping_status":"closed","sticky":false,"template":"","format":"standard","meta":{"colormag_page_container_layout":"default_layout","colormag_page_sidebar_layout":"default_layout","_jetpack_memberships_contains_paid_content":false,"footnotes":"","jetpack_publicize_message":"","jetpack_publicize_feature_enabled":true,"jetpack_social_post_already_shared":true,"jetpack_social_options":{"image_generator_settings":{"template":"highway","default_image_id":0,"font":"","enabled":false},"version":2}},"categories":[3205,1082],"tags":[],"class_list":["post-75840","post","type-post","status-publish","format-standard","has-post-thumbnail","hentry","category-gobierno-tuxpan","category-tuxpan"],"jetpack_publicize_connections":[],"jetpack_featured_media_url":"https:\/\/i0.wp.com\/politicosaldesnudo.com.mx\/wp-content\/uploads\/2025\/11\/WhatsApp-Image-2025-11-29-at-15.24.54.jpeg?fit=1600%2C1068&ssl=1","jetpack-related-posts":[],"jetpack_sharing_enabled":true,"_links":{"self":[{"href":"https:\/\/politicosaldesnudo.com.mx\/index.php\/wp-json\/wp\/v2\/posts\/75840","targetHints":{"allow":["GET"]}}],"collection":[{"href":"https:\/\/politicosaldesnudo.com.mx\/index.php\/wp-json\/wp\/v2\/posts"}],"about":[{"href":"https:\/\/politicosaldesnudo.com.mx\/index.php\/wp-json\/wp\/v2\/types\/post"}],"author":[{"embeddable":true,"href":"https:\/\/politicosaldesnudo.com.mx\/index.php\/wp-json\/wp\/v2\/users\/4"}],"replies":[{"embeddable":true,"href":"https:\/\/politicosaldesnudo.com.mx\/index.php\/wp-json\/wp\/v2\/comments?post=75840"}],"version-history":[{"count":0,"href":"https:\/\/politicosaldesnudo.com.mx\/index.php\/wp-json\/wp\/v2\/posts\/75840\/revisions"}],"wp:featuredmedia":[{"embeddable":true,"href":"https:\/\/politicosaldesnudo.com.mx\/index.php\/wp-json\/wp\/v2\/media\/75842"}],"wp:attachment":[{"href":"https:\/\/politicosaldesnudo.com.mx\/index.php\/wp-json\/wp\/v2\/media?parent=75840"}],"wp:term":[{"taxonomy":"category","embeddable":true,"href":"https:\/\/politicosaldesnudo.com.mx\/index.php\/wp-json\/wp\/v2\/categories?post=75840"},{"taxonomy":"post_tag","embeddable":true,"href":"https:\/\/politicosaldesnudo.com.mx\/index.php\/wp-json\/wp\/v2\/tags?post=75840"}],"curies":[{"name":"wp","href":"https:\/\/api.w.org\/{rel}","templated":true}]}}