{"id":75857,"date":"2025-12-01T00:01:16","date_gmt":"2025-12-01T06:01:16","guid":{"rendered":"https:\/\/politicosaldesnudo.com.mx\/?p=75857"},"modified":"2025-11-30T22:55:52","modified_gmt":"2025-12-01T04:55:52","slug":"por-tercer-dia-bloquean-la-carretera-alamo-tuxpan","status":"publish","type":"post","link":"https:\/\/politicosaldesnudo.com.mx\/index.php\/2025\/12\/01\/por-tercer-dia-bloquean-la-carretera-alamo-tuxpan\/","title":{"rendered":"Por tercer d\u00eda bloquean la carretera \u00c1lamo-Tuxpan"},"content":{"rendered":"<p>Habitantes de comunidades de \u00c1lamo y de Ojite, municipio de Tuxpan, Veracruz, volvieron a bloquear este s\u00e1bado la carretera estatal \u00c1lamo-Tuxpan, a la altura del puente,ubicado en los l\u00edmites entre ambos municipios sobre el r\u00edo Pantepec.<\/p>\n<p>Se trata de la tercera protesta que tuvo lugar esta ma\u00f1ana ante la falta de avances en las gestiones relacionadas con da\u00f1os viales, saneamiento ambiental y apoyos econ\u00f3micos para damnificados por las inundaciones del 10 de octubre.<\/p>\n<p>Los inconformes indicaron que ayer la delegada regional de Bienestar solicit\u00f3 que los afectados presenten copia de credencial, CURP y los folios de las tirillas entregadas durante los censos realizados tras el desastre, con el fin de verificar qui\u00e9nes quedaron fuera del padr\u00f3n o contin\u00faan sin recibir el recurso, lo que se estar\u00eda analizando este s\u00e1bado en el punto del bloqueo.<\/p>\n<p>Los pobladores aseguraron que mantendr\u00e1n los bloqueos hasta que se concreten compromisos firmes, especialmente en lo que respecta a la entrega de los apoyos federales. Afirmaron que, aunque algunos damnificados recibieron un primer pago de 20 mil pesos, la segunda etapa permanece pendiente y existen casos que no fueron censados a pesar de haber sufrido afectaciones. Tambi\u00e9n reiteraron que los montos anunciados por el Gobierno Federal, de 25 mil, 40 mil y 70 mil pesos seg\u00fan el nivel de da\u00f1o, no han sido otorgados en su totalidad.<\/p>\n","protected":false},"excerpt":{"rendered":"<p>Habitantes de comunidades de \u00c1lamo y de Ojite, municipio de Tuxpan, Veracruz, volvieron a bloquear este s\u00e1bado la carretera estatal<\/p>\n","protected":false},"author":4,"featured_media":75858,"comment_status":"closed","ping_status":"closed","sticky":false,"template":"","format":"standard","meta":{"colormag_page_container_layout":"default_layout","colormag_page_sidebar_layout":"default_layout","_jetpack_memberships_contains_paid_content":false,"footnotes":"","jetpack_publicize_message":"","jetpack_publicize_feature_enabled":true,"jetpack_social_post_already_shared":true,"jetpack_social_options":{"image_generator_settings":{"template":"highway","default_image_id":0,"font":"","enabled":false},"version":2}},"categories":[1082],"tags":[],"class_list":["post-75857","post","type-post","status-publish","format-standard","has-post-thumbnail","hentry","category-tuxpan"],"jetpack_publicize_connections":[],"jetpack_featured_media_url":"https:\/\/i0.wp.com\/politicosaldesnudo.com.mx\/wp-content\/uploads\/2025\/11\/mCJ_RBcT.jpeg?fit=680%2C408&ssl=1","jetpack-related-posts":[],"jetpack_sharing_enabled":true,"_links":{"self":[{"href":"https:\/\/politicosaldesnudo.com.mx\/index.php\/wp-json\/wp\/v2\/posts\/75857","targetHints":{"allow":["GET"]}}],"collection":[{"href":"https:\/\/politicosaldesnudo.com.mx\/index.php\/wp-json\/wp\/v2\/posts"}],"about":[{"href":"https:\/\/politicosaldesnudo.com.mx\/index.php\/wp-json\/wp\/v2\/types\/post"}],"author":[{"embeddable":true,"href":"https:\/\/politicosaldesnudo.com.mx\/index.php\/wp-json\/wp\/v2\/users\/4"}],"replies":[{"embeddable":true,"href":"https:\/\/politicosaldesnudo.com.mx\/index.php\/wp-json\/wp\/v2\/comments?post=75857"}],"version-history":[{"count":0,"href":"https:\/\/politicosaldesnudo.com.mx\/index.php\/wp-json\/wp\/v2\/posts\/75857\/revisions"}],"wp:featuredmedia":[{"embeddable":true,"href":"https:\/\/politicosaldesnudo.com.mx\/index.php\/wp-json\/wp\/v2\/media\/75858"}],"wp:attachment":[{"href":"https:\/\/politicosaldesnudo.com.mx\/index.php\/wp-json\/wp\/v2\/media?parent=75857"}],"wp:term":[{"taxonomy":"category","embeddable":true,"href":"https:\/\/politicosaldesnudo.com.mx\/index.php\/wp-json\/wp\/v2\/categories?post=75857"},{"taxonomy":"post_tag","embeddable":true,"href":"https:\/\/politicosaldesnudo.com.mx\/index.php\/wp-json\/wp\/v2\/tags?post=75857"}],"curies":[{"name":"wp","href":"https:\/\/api.w.org\/{rel}","templated":true}]}}