{"id":75866,"date":"2025-12-01T00:07:17","date_gmt":"2025-12-01T06:07:17","guid":{"rendered":"https:\/\/politicosaldesnudo.com.mx\/?p=75866"},"modified":"2025-11-30T23:24:49","modified_gmt":"2025-12-01T05:24:49","slug":"ine-descarta-que-recorte-presupuestal-afecte-inicio-de-proceso-electoral-2026-2027","status":"publish","type":"post","link":"https:\/\/politicosaldesnudo.com.mx\/index.php\/2025\/12\/01\/ine-descarta-que-recorte-presupuestal-afecte-inicio-de-proceso-electoral-2026-2027\/","title":{"rendered":"INE descarta que recorte presupuestal afecte inicio de proceso electoral 2026-2027"},"content":{"rendered":"<p class=\"nota-justify\">El recorte de mil millones de pesos al presupuesto del Instituto Nacional Electoral (INE) para el a\u00f1o entrante, equivalente al 6.6 por ciento de la petici\u00f3n original, impactar\u00e1 en proyectos dedicados a promover la cultura c\u00edvica y la participaci\u00f3n ciudadana, as\u00ed como la campa\u00f1a para alentar a los ciudadanos a actualizar su credencial para votar, entre otros.<\/p>\n<p class=\"nota-justify\">Consejeros y funcionarios del INE dijeron que la baja no perjudicar\u00e1 el inicio del mega proceso electoral 2026-2027 ni actividades sustantivas del \u00f3rgano.<\/p>\n<p class=\"nota-justify\">\u201cSe tiene la certeza de que se tuvo el cuidado de no dejar descubierta o sin cobertura financiera ninguna actividad sustancial y mucho menos restar operatividad y la preparaci\u00f3n de los procesos electorales que estar\u00e1n iniciando el pr\u00f3ximo a\u00f1o. La primera semana de septiembre de 2026 estaremos iniciando la organizaci\u00f3n del proceso electoral de 2027\u201d, se\u00f1al\u00f3 la consejera Norma de la Cruz, presidenta de la comisi\u00f3n temporal de Presupuesto.<\/p>\n<p class=\"nota-justify\">El proceso electoral venidero incluir\u00e1, en un hecho sin precedentes, no solo comicios federales (renovaci\u00f3n de la C\u00e1mara de Diputados), sino contiendas por gubernaturas, presidencias municipales y alcald\u00edas de la Ciudad de M\u00e9xico. Adem\u00e1s, la renovaci\u00f3n de jueces y magistrados.<\/p>\n<p class=\"nota-justify\">No se descarta, igualmente en 2027, adelantar la consulta de Revocaci\u00f3n de Mandato de la Presidenta Claudia Sheinbaum, seg\u00fan la propuesta del vicecoordinador de la bancada de Morena, Alfonso Ram\u00edrez Cu\u00e9llar.<\/p>\n<p class=\"nota-justify\">Para ese tipo de consultas ciudadanas el INE debe incluir en su petici\u00f3n un \u201cpresupuesto precautorio\u201d; para el a\u00f1o entrante pidi\u00f3 en ese concepto 3 mil 119 millones, pero al no haber una solicitud espec\u00edfica, la partida fue eliminada. Al mismo tiempo la C\u00e1mara de Diputados dispuso para el \u00e1rbitro electoral el recorte de mil millones de pesos.<\/p>\n<p class=\"nota-justify\">Es por ello que los especialistas del INE hicieron una \u00abarmonizaci\u00f3n\u00bb presupuestal que incluy\u00f3 recortes a proyectos espec\u00edficos de las direcciones de Capacitaci\u00f3n y Educaci\u00f3n Electoral, as\u00ed como la del Registro Federal de Electores.<\/p>\n<p class=\"nota-justify\">Tambi\u00e9n tienen bajas otras \u00e1reas como la direcci\u00f3n del Secretariado, y las unidades t\u00e9cnicas dedicadas a la atenci\u00f3n de temas de G\u00e9nero, la de Fiscalizaci\u00f3n y la de vinculaci\u00f3n con los institutos electorales estatales.<\/p>\n<p class=\"nota-justify\">As\u00ed, el INE contar\u00e1 el a\u00f1o entrante con una bolsa general de 14 mil 099 millones de pesos; la mayor\u00eda de recursos (12 mil 345 millones) se aplica a la operaci\u00f3n b\u00e1sica del Instituto, sobre todo para fondear la n\u00f3mina, y mil 757 millones a proyectos espec\u00edficos.<\/p>\n<p class=\"nota-justify\">La partida que no sufri\u00f3 ninguna afectaci\u00f3n es la relativa al financiamiento a los partidos pol\u00edticos nacionales, que para el a\u00f1o pr\u00f3ximo ser\u00e1 de 7 mil 737.2 millones de pesos.<\/p>\n<p class=\"nota-justify\">En la sesi\u00f3n de la comisi\u00f3n de presupuesto se dijo que el proceso de ajuste \u201cse realiz\u00f3 con el rigor t\u00e9cnico correspondiente, responsabilidad financiera y con el objetivo de garantizar la continuidad operativa del Instituto\u201d.<\/p>\n<p class=\"nota-justify\">En los recortes destaca una baja de 90.7 por ciento para el proyecto J117610 (promoci\u00f3n del voto de los mexicanos en el extranjero); 98.1 por ciento para una campa\u00f1a de actualizaci\u00f3n del padr\u00f3n y de la credencial para votar (proyecto R110910); y 85.6 por ciento para el R111910, cuyo concepto es modernizaci\u00f3n a los servicios de comunicaci\u00f3n de red para \u00e1reas operativas del RFE, por mencionar algunas.<\/p>\n<p class=\"nota-justify\">Luego del visto bueno en la comisi\u00f3n, pasar\u00e1 a la votaci\u00f3n en la Junta General Ejecutiva y posteriormente al consejo general del INE.<\/p>\n","protected":false},"excerpt":{"rendered":"<p>El recorte de mil millones de pesos al presupuesto del Instituto Nacional Electoral (INE) para el a\u00f1o entrante, equivalente al<\/p>\n","protected":false},"author":4,"featured_media":75867,"comment_status":"closed","ping_status":"closed","sticky":false,"template":"","format":"standard","meta":{"colormag_page_container_layout":"default_layout","colormag_page_sidebar_layout":"default_layout","_jetpack_memberships_contains_paid_content":false,"footnotes":"","jetpack_publicize_message":"","jetpack_publicize_feature_enabled":true,"jetpack_social_post_already_shared":true,"jetpack_social_options":{"image_generator_settings":{"template":"highway","default_image_id":0,"font":"","enabled":false},"version":2}},"categories":[33],"tags":[],"class_list":["post-75866","post","type-post","status-publish","format-standard","has-post-thumbnail","hentry","category-nacional"],"jetpack_publicize_connections":[],"jetpack_featured_media_url":"https:\/\/i0.wp.com\/politicosaldesnudo.com.mx\/wp-content\/uploads\/2025\/11\/PREINE.jpg?fit=1200%2C801&ssl=1","jetpack-related-posts":[],"jetpack_sharing_enabled":true,"_links":{"self":[{"href":"https:\/\/politicosaldesnudo.com.mx\/index.php\/wp-json\/wp\/v2\/posts\/75866","targetHints":{"allow":["GET"]}}],"collection":[{"href":"https:\/\/politicosaldesnudo.com.mx\/index.php\/wp-json\/wp\/v2\/posts"}],"about":[{"href":"https:\/\/politicosaldesnudo.com.mx\/index.php\/wp-json\/wp\/v2\/types\/post"}],"author":[{"embeddable":true,"href":"https:\/\/politicosaldesnudo.com.mx\/index.php\/wp-json\/wp\/v2\/users\/4"}],"replies":[{"embeddable":true,"href":"https:\/\/politicosaldesnudo.com.mx\/index.php\/wp-json\/wp\/v2\/comments?post=75866"}],"version-history":[{"count":0,"href":"https:\/\/politicosaldesnudo.com.mx\/index.php\/wp-json\/wp\/v2\/posts\/75866\/revisions"}],"wp:featuredmedia":[{"embeddable":true,"href":"https:\/\/politicosaldesnudo.com.mx\/index.php\/wp-json\/wp\/v2\/media\/75867"}],"wp:attachment":[{"href":"https:\/\/politicosaldesnudo.com.mx\/index.php\/wp-json\/wp\/v2\/media?parent=75866"}],"wp:term":[{"taxonomy":"category","embeddable":true,"href":"https:\/\/politicosaldesnudo.com.mx\/index.php\/wp-json\/wp\/v2\/categories?post=75866"},{"taxonomy":"post_tag","embeddable":true,"href":"https:\/\/politicosaldesnudo.com.mx\/index.php\/wp-json\/wp\/v2\/tags?post=75866"}],"curies":[{"name":"wp","href":"https:\/\/api.w.org\/{rel}","templated":true}]}}