{"id":75911,"date":"2025-12-01T00:23:11","date_gmt":"2025-12-01T06:23:11","guid":{"rendered":"https:\/\/politicosaldesnudo.com.mx\/?p=75911"},"modified":"2025-12-01T00:23:11","modified_gmt":"2025-12-01T06:23:11","slug":"disyuntiva-del-pan-cambio-verdadero-o-sale-de-competencia","status":"publish","type":"post","link":"https:\/\/politicosaldesnudo.com.mx\/index.php\/2025\/12\/01\/disyuntiva-del-pan-cambio-verdadero-o-sale-de-competencia\/","title":{"rendered":"Disyuntiva del PAN: cambio verdadero o sale de competencia"},"content":{"rendered":"<p>Ma\u00f1ana ser\u00e1 un d\u00eda clave para la democracia nacional.<\/p>\n<p>Al menos para el destino de las siguientes elecciones, en especial la intermedia del 2027 y la sucesoria de 2030.<\/p>\n<p>Pero no hay los mejores pron\u00f3sticos para el pa\u00eds y para la llamada principal fuerza de oposici\u00f3n.<\/p>\n<p>A la informaci\u00f3n:<\/p>\n<p>Muchos militantes y exmilitantes han sido invitados a la asamblea nacional del PAN, donde ser\u00e1n aprobados los nuevos documentos b\u00e1sicos.<\/p>\n<p>A la noticia sigue el desencanto.<\/p>\n<p>Se les cita como testigos de palo porque solamente est\u00e1 prevista la intervenci\u00f3n del dirigente\u00a0<strong>Jorge Romero Herrera<\/strong>\u00a0y la votaci\u00f3n de consejeros.<\/p>\n<p>As\u00ed se consumar\u00e1 \u201cel inicio de una nueva era azul: un PAN m\u00e1s abierto, moderno y ciudadano\u201d, como dijo el mismo\u00a0<strong>Romero Herrera\u00a0<\/strong>el 18 de octubre en el Front\u00f3n M\u00e9xico.<\/p>\n<p>Relanzamiento, boletin\u00f3 \u00e9l, para hacer \u201cel partido m\u00e1s abierto de M\u00e9xico, con elecciones primarias, encuestas y voto de la militancia, dejando atr\u00e1s las decisiones cupulares\u201d.<\/p>\n<p><strong>ABRIRSE SIN ABRIR<\/strong><\/p>\n<p>La invitaci\u00f3n ha llegado a muchos.<\/p>\n<p>Inclusive a los expresidentes\u00a0<strong>Vicente Fox\u00a0<\/strong>y\u00a0<strong>Felipe Calder\u00f3n<\/strong>, con una salvedad: ni siquiera saben si van como\u00a0<em>cuadros distinguidos\u00a0<\/em>o como militantes.<\/p>\n<p>O sea, ni siquiera saben si est\u00e1n en el padr\u00f3n.<\/p>\n<p>En esas condiciones, cada uno de los exmandatarios y de exsecretarios de Estado e inclusive exdirigentes nacionales del PAN analizan la conveniencia de asistir.<\/p>\n<p>Los motiva un inter\u00e9s: contribuir a un cambio pol\u00edtico en el pa\u00eds porque a su juicio la ruta morenista ha destruido los esfuerzos democr\u00e1ticos de decenios.<\/p>\n<p>Pero los desmotiva el acceso restringido porque, se les ha advertido, no tendr\u00e1n voz ni voto y en esas condiciones su esfuerzo deber\u00e1 dirigirse en dos v\u00edas: en lo interno a rescatar al partido de la camarilla actual y en lo externo a agitar conciencias.<\/p>\n<p>S\u00f3lo as\u00ed, y aqu\u00ed la trascendencia se\u00f1alada al principio, ser\u00eda posible incidir en las elecciones del 2027 y 2030.<\/p>\n<p>En el primer caso para evitar la mayor\u00eda calificada de Morena en la pr\u00f3xima C\u00e1mara de Diputados y en el segundo para proyectar figuras con posibilidades de competencia.<\/p>\n<p>Tarea inconmensurable.<\/p>\n<p><strong>UN FAVOR A ERNESTINA<\/strong><\/p>\n<p>1.- El 8 de octubre fue un \u00e9xito de la oposici\u00f3n.<\/p>\n<p>Vot\u00f3 contra la ratificaci\u00f3n de\u00a0<strong>Ernestina Godoy<\/strong>\u00a0en la fiscal\u00eda capitalina, la rescat\u00f3\u00a0<strong>Claudia Sheinbaum<\/strong>\u00a0y ahora est\u00e1 a las puertas de ser general de la rep\u00fablica.<\/p>\n<p>La auparon con su voto.<\/p>\n<p>Ahora s\u00f3lo\u00a0<strong>Arturo Zald\u00edvar\u00a0<\/strong>le hace sombra cercana y, m\u00e1s lejos, el campechano\u00a0<strong>Renato Sales\u00a0<\/strong>con sus ambiciones.<\/p>\n<p>La decisi\u00f3n se tomar\u00e1 en los pr\u00f3ximos d\u00edas, tal vez la pr\u00f3xima semana, me dijo ayer el jerarca senatorial\u00a0<strong>Ad\u00e1n Augusto L\u00f3pez<\/strong>.<\/p>\n<p>Y 2.- Varias entidades tienen grandes comunidades de mexicanos en Estados Unidos.<\/p>\n<p>Acaso la m\u00e1s organizada sea la zacatecana, cuyas aportaciones han ayudado a poblaciones e inclusive a formar empresas colectivas de \u00e9xito.<\/p>\n<p>A ellos acudi\u00f3 el diputado federal\u00a0<strong>Ulises Mej\u00eda Haro<\/strong>, quien aspira a ser candidato morenista para gobernador en 2027 y a dar mayor trascendencia a remesas con proyectos productivos.<\/p>\n<p>Entre otros representantes significativos reuni\u00f3 en Illinois a\u00a0<strong>Antonio \u00c1vila<\/strong>, de Zacatecas sin Fronteras, y a\u00a0<strong>Alondra Hern\u00e1ndez<\/strong>, de la Federaci\u00f3n de Clubes Unidos Zacatecanos.<\/p>\n<p><img data-recalc-dims=\"1\" loading=\"lazy\" decoding=\"async\" class=\"aligncenter size-full wp-image-75909\" src=\"https:\/\/i0.wp.com\/politicosaldesnudo.com.mx\/wp-content\/uploads\/2025\/12\/FIRMA-EDITORIAL-PD.jpg?resize=800%2C98&#038;ssl=1\" alt=\"\" width=\"800\" height=\"98\" srcset=\"https:\/\/i0.wp.com\/politicosaldesnudo.com.mx\/wp-content\/uploads\/2025\/12\/FIRMA-EDITORIAL-PD.jpg?w=1024&amp;ssl=1 1024w, https:\/\/i0.wp.com\/politicosaldesnudo.com.mx\/wp-content\/uploads\/2025\/12\/FIRMA-EDITORIAL-PD.jpg?resize=300%2C37&amp;ssl=1 300w, https:\/\/i0.wp.com\/politicosaldesnudo.com.mx\/wp-content\/uploads\/2025\/12\/FIRMA-EDITORIAL-PD.jpg?resize=768%2C94&amp;ssl=1 768w\" sizes=\"auto, (max-width: 800px) 100vw, 800px\" \/><\/p>\n","protected":false},"excerpt":{"rendered":"<p>Ma\u00f1ana ser\u00e1 un d\u00eda clave para la democracia nacional. Al menos para el destino de las siguientes elecciones, en especial<\/p>\n","protected":false},"author":4,"featured_media":51971,"comment_status":"closed","ping_status":"closed","sticky":false,"template":"","format":"standard","meta":{"colormag_page_container_layout":"default_layout","colormag_page_sidebar_layout":"default_layout","_jetpack_memberships_contains_paid_content":false,"footnotes":"","jetpack_publicize_message":"","jetpack_publicize_feature_enabled":true,"jetpack_social_post_already_shared":true,"jetpack_social_options":{"image_generator_settings":{"template":"highway","default_image_id":0,"font":"","enabled":false},"version":2}},"categories":[26],"tags":[],"class_list":["post-75911","post","type-post","status-publish","format-standard","has-post-thumbnail","hentry","category-columnistas"],"jetpack_publicize_connections":[],"jetpack_featured_media_url":"https:\/\/i0.wp.com\/politicosaldesnudo.com.mx\/wp-content\/uploads\/2024\/12\/TELEFONO-ROJO.jpg?fit=800%2C448&ssl=1","jetpack-related-posts":[],"jetpack_sharing_enabled":true,"_links":{"self":[{"href":"https:\/\/politicosaldesnudo.com.mx\/index.php\/wp-json\/wp\/v2\/posts\/75911","targetHints":{"allow":["GET"]}}],"collection":[{"href":"https:\/\/politicosaldesnudo.com.mx\/index.php\/wp-json\/wp\/v2\/posts"}],"about":[{"href":"https:\/\/politicosaldesnudo.com.mx\/index.php\/wp-json\/wp\/v2\/types\/post"}],"author":[{"embeddable":true,"href":"https:\/\/politicosaldesnudo.com.mx\/index.php\/wp-json\/wp\/v2\/users\/4"}],"replies":[{"embeddable":true,"href":"https:\/\/politicosaldesnudo.com.mx\/index.php\/wp-json\/wp\/v2\/comments?post=75911"}],"version-history":[{"count":0,"href":"https:\/\/politicosaldesnudo.com.mx\/index.php\/wp-json\/wp\/v2\/posts\/75911\/revisions"}],"wp:featuredmedia":[{"embeddable":true,"href":"https:\/\/politicosaldesnudo.com.mx\/index.php\/wp-json\/wp\/v2\/media\/51971"}],"wp:attachment":[{"href":"https:\/\/politicosaldesnudo.com.mx\/index.php\/wp-json\/wp\/v2\/media?parent=75911"}],"wp:term":[{"taxonomy":"category","embeddable":true,"href":"https:\/\/politicosaldesnudo.com.mx\/index.php\/wp-json\/wp\/v2\/categories?post=75911"},{"taxonomy":"post_tag","embeddable":true,"href":"https:\/\/politicosaldesnudo.com.mx\/index.php\/wp-json\/wp\/v2\/tags?post=75911"}],"curies":[{"name":"wp","href":"https:\/\/api.w.org\/{rel}","templated":true}]}}