{"id":76085,"date":"2025-12-04T00:02:04","date_gmt":"2025-12-04T06:02:04","guid":{"rendered":"https:\/\/politicosaldesnudo.com.mx\/?p=76085"},"modified":"2025-12-03T23:08:38","modified_gmt":"2025-12-04T05:08:38","slug":"viene-otro-norte","status":"publish","type":"post","link":"https:\/\/politicosaldesnudo.com.mx\/index.php\/2025\/12\/04\/viene-otro-norte\/","title":{"rendered":"Viene otro \u201cNorte\u201d"},"content":{"rendered":"<p>Tras las condiciones inestables registradas en las \u00faltimas horas, el municipio de Tuxpan se alista para enfrentar un nuevo evento de \u201cNorte\u201d este viernes 5 de diciembre, asociado al paso de un sistema frontal d\u00e9bil que volver\u00e1 a recorrer el estado de Veracruz.<\/p>\n<p>Para este mi\u00e9rcoles 3, la temperatura m\u00e1xima presenta un ligero aumento en comparaci\u00f3n con el d\u00eda anterior; sin embargo, el ambiente sigue siendo fresco a fr\u00edo al amanecer y por la noche, especialmente en comunidades rurales y zonas altas. La probabilidad de lluvias disminuye notablemente, aunque no se descartan nieblas y neblinas en puntos aislados.<\/p>\n<p>El viento del Norte pierde intensidad y se torna variable con rachas de 20 a 35 km\/h, mientras que el oleaje se mantiene entre 1 y 2 metros, con tendencia a la baja.<\/p>\n<p>La atenci\u00f3n se centra en el viernes, cuando un nuevo frente fr\u00edo llegar\u00e1 a la entidad y generar\u00e1 otro evento de Norte en la regi\u00f3n de Tuxpan. Aunque el sistema no ser\u00e1 tan intenso, podr\u00eda ocasionar viento fuerte, descenso de temperatura y aumento en el oleaje, por lo que se recomienda a la poblaci\u00f3n ribere\u00f1a y a los pescadores tomar precauciones.<\/p>\n<p>En la perspectiva de los pr\u00f3ximos siete d\u00edas, los modelos indican temperaturas ligeramente por arriba del promedio en gran parte de Veracruz, mientras que las lluvias ser\u00e1n mayores en zonas del norte, como Tuxpan, para posteriormente disminuir hacia el final del periodo.<\/p>\n<p>Las autoridades piden mantenerse atentos a los avisos meteorol\u00f3gicos\u00a0oficiales.<\/p>\n","protected":false},"excerpt":{"rendered":"<p>Tras las condiciones inestables registradas en las \u00faltimas horas, el municipio de Tuxpan se alista para enfrentar un nuevo evento<\/p>\n","protected":false},"author":4,"featured_media":76086,"comment_status":"closed","ping_status":"closed","sticky":false,"template":"","format":"standard","meta":{"colormag_page_container_layout":"default_layout","colormag_page_sidebar_layout":"default_layout","_jetpack_memberships_contains_paid_content":false,"footnotes":"","jetpack_publicize_message":"","jetpack_publicize_feature_enabled":true,"jetpack_social_post_already_shared":true,"jetpack_social_options":{"image_generator_settings":{"template":"highway","default_image_id":0,"font":"","enabled":false},"version":2}},"categories":[1082],"tags":[],"class_list":["post-76085","post","type-post","status-publish","format-standard","has-post-thumbnail","hentry","category-tuxpan"],"jetpack_publicize_connections":[],"jetpack_featured_media_url":"https:\/\/i0.wp.com\/politicosaldesnudo.com.mx\/wp-content\/uploads\/2025\/12\/ONO.jpg?fit=1200%2C675&ssl=1","jetpack-related-posts":[],"jetpack_sharing_enabled":true,"_links":{"self":[{"href":"https:\/\/politicosaldesnudo.com.mx\/index.php\/wp-json\/wp\/v2\/posts\/76085","targetHints":{"allow":["GET"]}}],"collection":[{"href":"https:\/\/politicosaldesnudo.com.mx\/index.php\/wp-json\/wp\/v2\/posts"}],"about":[{"href":"https:\/\/politicosaldesnudo.com.mx\/index.php\/wp-json\/wp\/v2\/types\/post"}],"author":[{"embeddable":true,"href":"https:\/\/politicosaldesnudo.com.mx\/index.php\/wp-json\/wp\/v2\/users\/4"}],"replies":[{"embeddable":true,"href":"https:\/\/politicosaldesnudo.com.mx\/index.php\/wp-json\/wp\/v2\/comments?post=76085"}],"version-history":[{"count":0,"href":"https:\/\/politicosaldesnudo.com.mx\/index.php\/wp-json\/wp\/v2\/posts\/76085\/revisions"}],"wp:featuredmedia":[{"embeddable":true,"href":"https:\/\/politicosaldesnudo.com.mx\/index.php\/wp-json\/wp\/v2\/media\/76086"}],"wp:attachment":[{"href":"https:\/\/politicosaldesnudo.com.mx\/index.php\/wp-json\/wp\/v2\/media?parent=76085"}],"wp:term":[{"taxonomy":"category","embeddable":true,"href":"https:\/\/politicosaldesnudo.com.mx\/index.php\/wp-json\/wp\/v2\/categories?post=76085"},{"taxonomy":"post_tag","embeddable":true,"href":"https:\/\/politicosaldesnudo.com.mx\/index.php\/wp-json\/wp\/v2\/tags?post=76085"}],"curies":[{"name":"wp","href":"https:\/\/api.w.org\/{rel}","templated":true}]}}