{"id":76112,"date":"2025-12-04T00:11:15","date_gmt":"2025-12-04T06:11:15","guid":{"rendered":"https:\/\/politicosaldesnudo.com.mx\/?p=76112"},"modified":"2025-12-03T23:43:26","modified_gmt":"2025-12-04T05:43:26","slug":"trump-pone-en-duda-continuidad-del-t-mec","status":"publish","type":"post","link":"https:\/\/politicosaldesnudo.com.mx\/index.php\/2025\/12\/04\/trump-pone-en-duda-continuidad-del-t-mec\/","title":{"rendered":"Trump pone en duda continuidad del T-MEC"},"content":{"rendered":"<p class=\"nota-justify\">El presidente estadunidense, Donald Trump, afirm\u00f3 el mi\u00e9rcoles que el Tratado entre M\u00e9xico, Estados Unidos y Canad\u00e1 (T-MEC) se dejar\u00e1 expirar o se elaborar\u00e1 otro acuerdo. La declaraci\u00f3n se produjo el mismo d\u00eda en que dio inicio la audiencia p\u00fablica previa a la revisi\u00f3n del tratado que est\u00e1 a cargo de la Oficina del Representante Comercial de Estados Unidos (USTR) y en la que participan grupos agr\u00edcolas, empresariales y pol\u00edticos.<\/p>\n<p class=\"nota-justify\">Cuestionado sobre la situaci\u00f3n del tratado, Trump respondi\u00f3: \u201cVence en aproximadamente un a\u00f1o. Y lo dejaremos vencer o tal vez llegaremos a otro acuerdo con M\u00e9xico y Canad\u00e1\u201d.<\/p>\n<p class=\"nota-justify\">Adem\u00e1s el mandatario volvi\u00f3 a acusar que sus socios se han venido aprovechando de Estados Unidos. \u201cPero mira, M\u00e9xico y Canad\u00e1 se han aprovechado de Estados Unidos como casi todos los dem\u00e1s pa\u00edses\u201d, apunt\u00f3.<\/p>\n<p class=\"nota-justify\">Si bien precis\u00f3 que dicho actuar no es \u00fanico de estos pa\u00edses y que la administraci\u00f3n anterior a la suya contribuy\u00f3 a ello. \u201cNo los culpo a ellos, sino a todos los pa\u00edses. Porque ten\u00edamos gente est\u00fapida al mando\u201d. \u201cPor eso tenemos una deuda de 38 billones de d\u00f3lares\u201d.<\/p>\n<p class=\"nota-justify\">La audiencia p\u00fablica del USTR que se extender\u00e1 hasta este viernes deber\u00eda servir para que la administraci\u00f3n de Trump decida sobre el futuro del T-MEC cuando se revise el 1 de julio del pr\u00f3ximo a\u00f1o.<\/p>\n<p class=\"nota-justify\">Recibi\u00f3 mil 500 comentarios y est\u00e1 previsto que intervengan unas 150 personas para tratar temas como reglas de origen, normas laborales, contenido digital, cadenas de suministro y regulaci\u00f3n ambiental.<\/p>\n","protected":false},"excerpt":{"rendered":"<p>El presidente estadunidense, Donald Trump, afirm\u00f3 el mi\u00e9rcoles que el Tratado entre M\u00e9xico, Estados Unidos y Canad\u00e1 (T-MEC) se dejar\u00e1<\/p>\n","protected":false},"author":4,"featured_media":76113,"comment_status":"closed","ping_status":"closed","sticky":false,"template":"","format":"standard","meta":{"colormag_page_container_layout":"default_layout","colormag_page_sidebar_layout":"default_layout","_jetpack_memberships_contains_paid_content":false,"footnotes":"","jetpack_publicize_message":"","jetpack_publicize_feature_enabled":true,"jetpack_social_post_already_shared":true,"jetpack_social_options":{"image_generator_settings":{"template":"highway","default_image_id":0,"font":"","enabled":false},"version":2}},"categories":[2050],"tags":[],"class_list":["post-76112","post","type-post","status-publish","format-standard","has-post-thumbnail","hentry","category-economia"],"jetpack_publicize_connections":[],"jetpack_featured_media_url":"https:\/\/i0.wp.com\/politicosaldesnudo.com.mx\/wp-content\/uploads\/2025\/12\/APAVA.jpg?fit=1200%2C800&ssl=1","jetpack-related-posts":[],"jetpack_sharing_enabled":true,"_links":{"self":[{"href":"https:\/\/politicosaldesnudo.com.mx\/index.php\/wp-json\/wp\/v2\/posts\/76112","targetHints":{"allow":["GET"]}}],"collection":[{"href":"https:\/\/politicosaldesnudo.com.mx\/index.php\/wp-json\/wp\/v2\/posts"}],"about":[{"href":"https:\/\/politicosaldesnudo.com.mx\/index.php\/wp-json\/wp\/v2\/types\/post"}],"author":[{"embeddable":true,"href":"https:\/\/politicosaldesnudo.com.mx\/index.php\/wp-json\/wp\/v2\/users\/4"}],"replies":[{"embeddable":true,"href":"https:\/\/politicosaldesnudo.com.mx\/index.php\/wp-json\/wp\/v2\/comments?post=76112"}],"version-history":[{"count":0,"href":"https:\/\/politicosaldesnudo.com.mx\/index.php\/wp-json\/wp\/v2\/posts\/76112\/revisions"}],"wp:featuredmedia":[{"embeddable":true,"href":"https:\/\/politicosaldesnudo.com.mx\/index.php\/wp-json\/wp\/v2\/media\/76113"}],"wp:attachment":[{"href":"https:\/\/politicosaldesnudo.com.mx\/index.php\/wp-json\/wp\/v2\/media?parent=76112"}],"wp:term":[{"taxonomy":"category","embeddable":true,"href":"https:\/\/politicosaldesnudo.com.mx\/index.php\/wp-json\/wp\/v2\/categories?post=76112"},{"taxonomy":"post_tag","embeddable":true,"href":"https:\/\/politicosaldesnudo.com.mx\/index.php\/wp-json\/wp\/v2\/tags?post=76112"}],"curies":[{"name":"wp","href":"https:\/\/api.w.org\/{rel}","templated":true}]}}