{"id":76272,"date":"2025-12-07T12:30:51","date_gmt":"2025-12-07T18:30:51","guid":{"rendered":"https:\/\/politicosaldesnudo.com.mx\/?p=76272"},"modified":"2025-12-07T19:16:46","modified_gmt":"2025-12-08T01:16:46","slug":"esta-tarde-noche-tuxpan-celebra-el-dia-del-nino-perdido-con-un-programa-cultural-y-actividades-para-toda-la-familia","status":"publish","type":"post","link":"https:\/\/politicosaldesnudo.com.mx\/index.php\/2025\/12\/07\/esta-tarde-noche-tuxpan-celebra-el-dia-del-nino-perdido-con-un-programa-cultural-y-actividades-para-toda-la-familia\/","title":{"rendered":"Esta tarde-noche Tuxpan celebra el D\u00eda del Ni\u00f1o Perdido con un programa cultural y actividades para toda la familia"},"content":{"rendered":"<p>\u2022 El encendido de velas ser\u00e1 a las 19:00 horas y el Concurso de Carritos inicia a las 19:15 horas, en Plaza C\u00edvica.<\/p>\n<p>Tuxpan, Ver 07\/12\/2025. La Secretar\u00eda de Cultura de Veracruz, en coordinaci\u00f3n con el H. Ayuntamiento de Tuxpan, Ver., invitan a participar en las actividades con motivo de la tradicional celebraci\u00f3n del D\u00eda del Ni\u00f1o Perdido que se llevar\u00e1n a cabo esta tarde-noche.<\/p>\n<p><img data-recalc-dims=\"1\" loading=\"lazy\" decoding=\"async\" class=\"aligncenter size-large wp-image-76273\" src=\"https:\/\/i0.wp.com\/politicosaldesnudo.com.mx\/wp-content\/uploads\/2025\/12\/WhatsApp-Image-2025-12-07-at-12.08.25-1-661x1024.jpeg?resize=661%2C1024&#038;ssl=1\" alt=\"\" width=\"661\" height=\"1024\" srcset=\"https:\/\/i0.wp.com\/politicosaldesnudo.com.mx\/wp-content\/uploads\/2025\/12\/WhatsApp-Image-2025-12-07-at-12.08.25-1.jpeg?resize=661%2C1024&amp;ssl=1 661w, https:\/\/i0.wp.com\/politicosaldesnudo.com.mx\/wp-content\/uploads\/2025\/12\/WhatsApp-Image-2025-12-07-at-12.08.25-1.jpeg?resize=194%2C300&amp;ssl=1 194w, https:\/\/i0.wp.com\/politicosaldesnudo.com.mx\/wp-content\/uploads\/2025\/12\/WhatsApp-Image-2025-12-07-at-12.08.25-1.jpeg?resize=768%2C1190&amp;ssl=1 768w, https:\/\/i0.wp.com\/politicosaldesnudo.com.mx\/wp-content\/uploads\/2025\/12\/WhatsApp-Image-2025-12-07-at-12.08.25-1.jpeg?w=826&amp;ssl=1 826w\" sizes=\"auto, (max-width: 661px) 100vw, 661px\" \/> <img data-recalc-dims=\"1\" loading=\"lazy\" decoding=\"async\" class=\"aligncenter size-large wp-image-76274\" src=\"https:\/\/i0.wp.com\/politicosaldesnudo.com.mx\/wp-content\/uploads\/2025\/12\/WhatsApp-Image-2025-12-07-at-12.08.25-662x1024.jpeg?resize=662%2C1024&#038;ssl=1\" alt=\"\" width=\"662\" height=\"1024\" srcset=\"https:\/\/i0.wp.com\/politicosaldesnudo.com.mx\/wp-content\/uploads\/2025\/12\/WhatsApp-Image-2025-12-07-at-12.08.25.jpeg?resize=662%2C1024&amp;ssl=1 662w, https:\/\/i0.wp.com\/politicosaldesnudo.com.mx\/wp-content\/uploads\/2025\/12\/WhatsApp-Image-2025-12-07-at-12.08.25.jpeg?resize=194%2C300&amp;ssl=1 194w, https:\/\/i0.wp.com\/politicosaldesnudo.com.mx\/wp-content\/uploads\/2025\/12\/WhatsApp-Image-2025-12-07-at-12.08.25.jpeg?resize=768%2C1189&amp;ssl=1 768w, https:\/\/i0.wp.com\/politicosaldesnudo.com.mx\/wp-content\/uploads\/2025\/12\/WhatsApp-Image-2025-12-07-at-12.08.25.jpeg?w=827&amp;ssl=1 827w\" sizes=\"auto, (max-width: 662px) 100vw, 662px\" \/><\/p>\n<p>La celebraci\u00f3n iniciar\u00e1 a las 18:50 horas en el Monumento al Ni\u00f1o Perdido con la lectura del pasaje b\u00edblico Lucas 2:41-52 y a las 19:00 horas ser\u00e1 encendida la primera vela, con lo que se dar\u00e1 inicio esta bella tradici\u00f3n.<\/p>\n<p>A las 19:15 se realizar\u00e1 el Concurso de Carritos Tradicionales, donde ni\u00f1as y ni\u00f1os de 4 a 12 a\u00f1os podr\u00e1n participar para ganar uno de los tres premios econ\u00f3micos gracias a sus capacidades creativas y habilidades de dise\u00f1o.<\/p>\n<p>En punto de las 20:00 horas se efectuar\u00e1 el encendido del \u00c1rbol Navide\u00f1o, con la participaci\u00f3n de Leones Marching Band.<\/p>\n<p>El programa contempla que, a las 20:20 horas, se tendr\u00e1 la puesta en escena de la obra de teatro El Grinch con la actuaci\u00f3n de Ditto Teatro, bajo la direcci\u00f3n de Gustavo Garamendy.<\/p>\n<p>Una vez concluida esta presentaci\u00f3n teatral, inicia la participaci\u00f3n de Cuenta Cuentos.<\/p>\n<p>En punto de las 21:00 horas se tendr\u00e1 la premiaci\u00f3n del Concurso de Carritos Tradicionales, con lo que finaliza el programa.<\/p>\n","protected":false},"excerpt":{"rendered":"<p>\u2022 El encendido de velas ser\u00e1 a las 19:00 horas y el Concurso de Carritos inicia a las 19:15 horas,<\/p>\n","protected":false},"author":4,"featured_media":76275,"comment_status":"closed","ping_status":"closed","sticky":false,"template":"","format":"standard","meta":{"colormag_page_container_layout":"default_layout","colormag_page_sidebar_layout":"default_layout","_jetpack_memberships_contains_paid_content":false,"footnotes":"","jetpack_publicize_message":"","jetpack_publicize_feature_enabled":true,"jetpack_social_post_already_shared":true,"jetpack_social_options":{"image_generator_settings":{"template":"highway","default_image_id":0,"font":"","enabled":false},"version":2}},"categories":[3205,1082],"tags":[],"class_list":["post-76272","post","type-post","status-publish","format-standard","has-post-thumbnail","hentry","category-gobierno-tuxpan","category-tuxpan"],"jetpack_publicize_connections":[],"jetpack_featured_media_url":"https:\/\/i0.wp.com\/politicosaldesnudo.com.mx\/wp-content\/uploads\/2025\/12\/IMDEST-DDNP.jpg?fit=826%2C638&ssl=1","jetpack-related-posts":[],"jetpack_sharing_enabled":true,"_links":{"self":[{"href":"https:\/\/politicosaldesnudo.com.mx\/index.php\/wp-json\/wp\/v2\/posts\/76272","targetHints":{"allow":["GET"]}}],"collection":[{"href":"https:\/\/politicosaldesnudo.com.mx\/index.php\/wp-json\/wp\/v2\/posts"}],"about":[{"href":"https:\/\/politicosaldesnudo.com.mx\/index.php\/wp-json\/wp\/v2\/types\/post"}],"author":[{"embeddable":true,"href":"https:\/\/politicosaldesnudo.com.mx\/index.php\/wp-json\/wp\/v2\/users\/4"}],"replies":[{"embeddable":true,"href":"https:\/\/politicosaldesnudo.com.mx\/index.php\/wp-json\/wp\/v2\/comments?post=76272"}],"version-history":[{"count":0,"href":"https:\/\/politicosaldesnudo.com.mx\/index.php\/wp-json\/wp\/v2\/posts\/76272\/revisions"}],"wp:featuredmedia":[{"embeddable":true,"href":"https:\/\/politicosaldesnudo.com.mx\/index.php\/wp-json\/wp\/v2\/media\/76275"}],"wp:attachment":[{"href":"https:\/\/politicosaldesnudo.com.mx\/index.php\/wp-json\/wp\/v2\/media?parent=76272"}],"wp:term":[{"taxonomy":"category","embeddable":true,"href":"https:\/\/politicosaldesnudo.com.mx\/index.php\/wp-json\/wp\/v2\/categories?post=76272"},{"taxonomy":"post_tag","embeddable":true,"href":"https:\/\/politicosaldesnudo.com.mx\/index.php\/wp-json\/wp\/v2\/tags?post=76272"}],"curies":[{"name":"wp","href":"https:\/\/api.w.org\/{rel}","templated":true}]}}