{"id":76349,"date":"2025-12-08T00:41:47","date_gmt":"2025-12-08T06:41:47","guid":{"rendered":"https:\/\/politicosaldesnudo.com.mx\/?p=76349"},"modified":"2025-12-08T00:41:47","modified_gmt":"2025-12-08T06:41:47","slug":"a-trump-la-seguridad-se-la-da-claudia-no-las-leyes","status":"publish","type":"post","link":"https:\/\/politicosaldesnudo.com.mx\/index.php\/2025\/12\/08\/a-trump-la-seguridad-se-la-da-claudia-no-las-leyes\/","title":{"rendered":"A Trump la seguridad se la da Claudia, no las leyes"},"content":{"rendered":"<p><strong>Donald Trump<\/strong>\u00a0recibir\u00e1 \u00a0a\u00a0<strong>Claudia Sheinbaum\u00a0<\/strong>con una certidumbre:<\/p>\n<p>&nbsp;<\/p>\n<p>-Las reformas implementadas en M\u00e9xico por la autollamada\u00a0<strong><em>4T<\/em><\/strong>\u00a0pueden carecer de efectos para Estados Unidos y Canad\u00e1 -me dice un diplom\u00e1tico.<\/p>\n<p>&nbsp;<\/p>\n<p>Aunque funcionarios estadounidenses y los empresarios cuestionen los cambios en las leyes y estructuras judiciales e institucionales, no les afectar\u00eda.<\/p>\n<p>&nbsp;<\/p>\n<p>La elecci\u00f3n de jueces, magistrados y ministros mediante\u00a0<strong><em>acordeones<\/em><\/strong>, con su consecuente incondicionalidad de la Suprema Corte de Justicia de la Naci\u00f3n (SCJN, el nombre se mantiene), puede carecer de consecuencias.<\/p>\n<p>&nbsp;<\/p>\n<p>Tampoco la desaparici\u00f3n de los \u00f3rganos aut\u00f3nomos como el Instituto Nacional de Acceso a la Informaci\u00f3n y Protecci\u00f3n de Datos Personales (Inai) y otros contrapesos del Poder Ejecutivo.<\/p>\n<p>&nbsp;<\/p>\n<p>\u00bfPor qu\u00e9?<\/p>\n<p>&nbsp;<\/p>\n<p>Porque todos han pasado a control del gobierno, bien sea con su incorporaci\u00f3n a Secretar\u00edas de Estado o a depender directamente de Palacio Nacional.<\/p>\n<p>&nbsp;<\/p>\n<p>En Washington, el Congreso de la Uni\u00f3n -C\u00e1mara de Diputados y Senado de la Rep\u00fablica- y el Poder Judicial -con la Corte de\u00a0<strong>Hugo Aguilar Ortiz<\/strong>\u00a0al frente- ya son vistos como dependencias del Poder Ejecutivo.<\/p>\n<p>&nbsp;<\/p>\n<p><strong>HERENCIA DE AMLO<\/strong><\/p>\n<p>&nbsp;<\/p>\n<p>Eso da confianza en Washington y Otawa.<\/p>\n<p>&nbsp;<\/p>\n<p>Lo ha corroborado\u00a0<strong>Donald Trump<\/strong>\u00a0en aspectos para \u00e9l muy importantes, como el freno al tr\u00e1fico de enervantes -el fentanilo es su prioridad- y el flujo de migrantes.<\/p>\n<p>&nbsp;<\/p>\n<p>En su primer per\u00edodo pidi\u00f3 controlar esas corrientes de humanos en pos del llamado\u00a0<strong><em>sue\u00f1o americano\u00a0<\/em><\/strong>y, sol\u00edcito,\u00a0<strong>Andr\u00e9s Manuel L\u00f3pez Obrador\u00a0<\/strong>despleg\u00f3 un muro militar al sur de la frontera.<\/p>\n<p>&nbsp;<\/p>\n<p>-En 2019 M\u00e9xico nos dio 28 mil soldados soldados gratis -alarde\u00f3 el magnate con suficiente pruebas.<\/p>\n<p>&nbsp;<\/p>\n<p>En este sexenio reclam\u00f3 otra barrera igual al norte de M\u00e9xico y se le enviaron miles y miles -la \u00faltima vez un contingente de diez mil- para no permitir el paso hacia Estados Unidos.<\/p>\n<p>&nbsp;<\/p>\n<p>Por eso hoy, cuando en el Kennedy Center salude a\u00a0<strong>Claudia Sheinbaum<\/strong>, dialogar\u00e1 con quien tiene el poder mexicano absoluto y con quien puede lograr acuerdos inviolables.<\/p>\n<p>&nbsp;<\/p>\n<p>Lo dem\u00e1s, el T-MEC o su suced\u00e1neo, ser\u00e1 complementario.<\/p>\n<p>&nbsp;<\/p>\n<p><strong>LA GU\u00cdA DE CATEM<\/strong><\/p>\n<p>&nbsp;<\/p>\n<p>Pocos lo saben:<\/p>\n<p>&nbsp;<\/p>\n<p>En el sexenio pasado, cuando\u00a0<strong>Andr\u00e9s Manuel L\u00f3pez Obrador\u00a0<\/strong>intent\u00f3 implantar la semana laboral de 40 horas, no encontr\u00f3 un ambiente propicio.<\/p>\n<p>&nbsp;<\/p>\n<p>-Lo que la gente quiere es ingreso y la mejor manera de mejorarlo es con incrementos a la productividad. Ah\u00ed debemos concentrarnos -me dijo\u00a0<strong>Pedro Haces Barba<\/strong>.<\/p>\n<p>&nbsp;<\/p>\n<p>\u00c9l, como secretario general de la Confederaci\u00f3n Aut\u00f3noma de Trabajadores y Empleados de M\u00e9xico (CATEM), se opuso y pidi\u00f3 reflexionar, y plantear una ruta viable.<\/p>\n<p>&nbsp;<\/p>\n<p>En este sexenio sugiri\u00f3 al r\u00e9gimen -y al parecer lo escuch\u00f3- hacerlo de manera gradual y con compromisos espec\u00edficos de obreros y patrones para no desatar conflictos ni inflaci\u00f3n.<\/p>\n<p>&nbsp;<\/p>\n<p>El proyecto anunciado por\u00a0<strong>Claudia Sheinbaum<\/strong>\u00a0va por ese camino con el fin de hacer realidad esa conquista en 2030 sin alterar la econom\u00eda.<\/p>\n<p>&nbsp;<\/p>\n<p><strong>Haces Barba<\/strong>\u00a0asegura tener la mayor central de trabajadores -cinco millones- y en tal calidad desarrolla desde hace meses una campa\u00f1a por las 32 entidades del pa\u00eds.<\/p>\n<p>&nbsp;<\/p>\n<p>Se entrevista con gobernadores, re\u00fane a dirigentes de c\u00e1maras y a l\u00edderes sindicales con compromisos espec\u00edficos para respetar el alza salarial al m\u00ednimo y repercutirlo en revisiones contractuales.<\/p>\n<p>&nbsp;<\/p>\n<p>No hay l\u00edder cetemista, croquista o de otras centrales con un activismo ni influencia similar.<\/p>\n<p><img data-recalc-dims=\"1\" loading=\"lazy\" decoding=\"async\" class=\"aligncenter size-full wp-image-76345\" src=\"https:\/\/i0.wp.com\/politicosaldesnudo.com.mx\/wp-content\/uploads\/2025\/12\/FIRMA-EDITORIAL-PD-2.jpg?resize=800%2C98&#038;ssl=1\" alt=\"\" width=\"800\" height=\"98\" srcset=\"https:\/\/i0.wp.com\/politicosaldesnudo.com.mx\/wp-content\/uploads\/2025\/12\/FIRMA-EDITORIAL-PD-2.jpg?w=1024&amp;ssl=1 1024w, https:\/\/i0.wp.com\/politicosaldesnudo.com.mx\/wp-content\/uploads\/2025\/12\/FIRMA-EDITORIAL-PD-2.jpg?resize=300%2C37&amp;ssl=1 300w, https:\/\/i0.wp.com\/politicosaldesnudo.com.mx\/wp-content\/uploads\/2025\/12\/FIRMA-EDITORIAL-PD-2.jpg?resize=768%2C94&amp;ssl=1 768w\" sizes=\"auto, (max-width: 800px) 100vw, 800px\" \/><\/p>\n","protected":false},"excerpt":{"rendered":"<p>Donald Trump\u00a0recibir\u00e1 \u00a0a\u00a0Claudia Sheinbaum\u00a0con una certidumbre: &nbsp; -Las reformas implementadas en M\u00e9xico por la autollamada\u00a04T\u00a0pueden carecer de efectos para Estados<\/p>\n","protected":false},"author":4,"featured_media":51971,"comment_status":"closed","ping_status":"closed","sticky":false,"template":"","format":"standard","meta":{"colormag_page_container_layout":"default_layout","colormag_page_sidebar_layout":"default_layout","_jetpack_memberships_contains_paid_content":false,"footnotes":"","jetpack_publicize_message":"","jetpack_publicize_feature_enabled":true,"jetpack_social_post_already_shared":true,"jetpack_social_options":{"image_generator_settings":{"template":"highway","default_image_id":0,"font":"","enabled":false},"version":2}},"categories":[26],"tags":[],"class_list":["post-76349","post","type-post","status-publish","format-standard","has-post-thumbnail","hentry","category-columnistas"],"jetpack_publicize_connections":[],"jetpack_featured_media_url":"https:\/\/i0.wp.com\/politicosaldesnudo.com.mx\/wp-content\/uploads\/2024\/12\/TELEFONO-ROJO.jpg?fit=800%2C448&ssl=1","jetpack-related-posts":[],"jetpack_sharing_enabled":true,"_links":{"self":[{"href":"https:\/\/politicosaldesnudo.com.mx\/index.php\/wp-json\/wp\/v2\/posts\/76349","targetHints":{"allow":["GET"]}}],"collection":[{"href":"https:\/\/politicosaldesnudo.com.mx\/index.php\/wp-json\/wp\/v2\/posts"}],"about":[{"href":"https:\/\/politicosaldesnudo.com.mx\/index.php\/wp-json\/wp\/v2\/types\/post"}],"author":[{"embeddable":true,"href":"https:\/\/politicosaldesnudo.com.mx\/index.php\/wp-json\/wp\/v2\/users\/4"}],"replies":[{"embeddable":true,"href":"https:\/\/politicosaldesnudo.com.mx\/index.php\/wp-json\/wp\/v2\/comments?post=76349"}],"version-history":[{"count":0,"href":"https:\/\/politicosaldesnudo.com.mx\/index.php\/wp-json\/wp\/v2\/posts\/76349\/revisions"}],"wp:featuredmedia":[{"embeddable":true,"href":"https:\/\/politicosaldesnudo.com.mx\/index.php\/wp-json\/wp\/v2\/media\/51971"}],"wp:attachment":[{"href":"https:\/\/politicosaldesnudo.com.mx\/index.php\/wp-json\/wp\/v2\/media?parent=76349"}],"wp:term":[{"taxonomy":"category","embeddable":true,"href":"https:\/\/politicosaldesnudo.com.mx\/index.php\/wp-json\/wp\/v2\/categories?post=76349"},{"taxonomy":"post_tag","embeddable":true,"href":"https:\/\/politicosaldesnudo.com.mx\/index.php\/wp-json\/wp\/v2\/tags?post=76349"}],"curies":[{"name":"wp","href":"https:\/\/api.w.org\/{rel}","templated":true}]}}