{"id":7642,"date":"2022-07-11T15:16:44","date_gmt":"2022-07-11T20:16:44","guid":{"rendered":"https:\/\/politicosaldesnudo.com.mx\/?p=7642"},"modified":"2022-07-11T15:27:07","modified_gmt":"2022-07-11T20:27:07","slug":"ya-viene-en-la-cdmx-14-edicion-del-gran-remate-de-libros","status":"publish","type":"post","link":"https:\/\/politicosaldesnudo.com.mx\/index.php\/2022\/07\/11\/ya-viene-en-la-cdmx-14-edicion-del-gran-remate-de-libros\/","title":{"rendered":"Ya viene en la CdMx \u201c14\u00b0 edici\u00f3n del Gran Remate de Libros\u201d"},"content":{"rendered":"<p>&nbsp;<\/p>\n<p class=\"p2\"><span style=\"font-size: 14pt;\"><em><strong>CIUDAD DE M\u00c9XICO.<\/strong> <\/em>Con el fin de <span style=\"font-size: 18pt;\"><strong>reactivar la industria editorial<\/strong><\/span>, la secretaria de Cultura de la Ciudad de M\u00e9xico, <strong>Claudia Curiel de Icaza anunci\u00f3<\/strong> la<strong><span style=\"font-size: 18pt;\"> 14\u00b0 edici\u00f3n del Gran Remate de Libros<\/span>, <\/strong>que se realizar\u00e1 del <span style=\"font-size: 18pt;\"><strong>27 al 31 de julio <\/strong><span style=\"font-size: 14pt;\">en la explanada del<\/span> <strong>Monumento a la Revoluci\u00f3n.<\/strong><\/span><\/span><\/p>\n<p>&nbsp;<\/p>\n<p><img data-recalc-dims=\"1\" loading=\"lazy\" decoding=\"async\" class=\"aligncenter wp-image-7644 size-large\" src=\"https:\/\/i0.wp.com\/politicosaldesnudo.com.mx\/wp-content\/uploads\/2022\/07\/P-CULTURA2-1024x573.png?resize=800%2C448&#038;ssl=1\" alt=\"\" width=\"800\" height=\"448\" srcset=\"https:\/\/i0.wp.com\/politicosaldesnudo.com.mx\/wp-content\/uploads\/2022\/07\/P-CULTURA2.png?resize=1024%2C573&amp;ssl=1 1024w, https:\/\/i0.wp.com\/politicosaldesnudo.com.mx\/wp-content\/uploads\/2022\/07\/P-CULTURA2.png?resize=300%2C168&amp;ssl=1 300w, https:\/\/i0.wp.com\/politicosaldesnudo.com.mx\/wp-content\/uploads\/2022\/07\/P-CULTURA2.png?resize=768%2C430&amp;ssl=1 768w, https:\/\/i0.wp.com\/politicosaldesnudo.com.mx\/wp-content\/uploads\/2022\/07\/P-CULTURA2.png?resize=1536%2C859&amp;ssl=1 1536w, https:\/\/i0.wp.com\/politicosaldesnudo.com.mx\/wp-content\/uploads\/2022\/07\/P-CULTURA2.png?w=1816&amp;ssl=1 1816w, https:\/\/i0.wp.com\/politicosaldesnudo.com.mx\/wp-content\/uploads\/2022\/07\/P-CULTURA2.png?w=1600&amp;ssl=1 1600w\" sizes=\"auto, (max-width: 800px) 100vw, 800px\" \/><\/p>\n<p>&nbsp;<\/p>\n<blockquote>\n<p class=\"p2\"><span style=\"font-size: 14pt;\">Viene la edici\u00f3n 14 del Gran Remate de Libros, en esta ocasi\u00f3n vamos a tener a m\u00e1s de 130 expositores y vamos a tener una muestra de libros de entre $10 y $100 pesos, y muy buenas rebajas con todas las editoriales que estuvieron guardadas por el tema de la pandemia\u201d<\/span><\/p>\n<\/blockquote>\n<p class=\"p2\"><span style=\"font-size: 18pt;\"><strong>Claudia Curiel de Icaza celebr\u00f3 el regreso de uno de los eventos m\u00e1s esperados del a\u00f1o, cuya \u00faltima edici\u00f3n se realiz\u00f3 en este mismo escenario en 2019, y ahora regresa gracias a lo que consider\u00f3 una amplia solicitud por parte de la ciudadan\u00eda y de su p\u00fablico expectante, la cual ser\u00e1 posible con los logros en materia de vacunaci\u00f3n y cuidado que ha tenido la poblaci\u00f3n durante esta emergencia sanitaria.<\/strong><\/span><\/p>\n<p>&nbsp;<\/p>\n<blockquote class=\"twitter-tweet\" data-width=\"550\" data-dnt=\"true\">\n<p lang=\"es\" dir=\"ltr\">Falta poco para el 14\u00b0 Gran Remate de Libros y Pel\u00edculas en la Ciudad de M\u00e9xico. Te esperamos del 27 al 31 de julio en la explanada del Monumento a la Revoluci\u00f3n, donde podr\u00e1s encontrar una amplia oferta de libros desde 10 a 100 pesos. \ud83d\ude31\ud83d\udcda<br \/>\u00a1No faltes! <a href=\"https:\/\/t.co\/6eXVzZMj2t\">pic.twitter.com\/6eXVzZMj2t<\/a><\/p>\n<p>&mdash; Gobierno CDMX (@GobCDMX) <a href=\"https:\/\/twitter.com\/GobCDMX\/status\/1545515311310389249?ref_src=twsrc%5Etfw\">July 8, 2022<\/a><\/p><\/blockquote>\n<p><script async src=\"https:\/\/platform.twitter.com\/widgets.js\" charset=\"utf-8\"><\/script><\/p>\n<p>&nbsp;<\/p>\n<p class=\"p2\"><span style=\"font-size: 18pt; color: #319eca;\"><strong>LA MALDITA VECINDAD<\/strong><\/span><\/p>\n<p class=\"p2\"><span style=\"font-size: 14pt;\">Adem\u00e1s record\u00f3 el tan esperado <span style=\"font-size: 18pt;\"><strong>concierto de La Maldita Vecindad y los Hijos del Quinto Patio, el s\u00e1bado 16 de julio a las 19:00 horas, en el Z\u00f3calo capitalino<\/strong><\/span>, la funcionaria adelant\u00f3 un nuevo programa, \u2018Verano Divertido\u2019, que consta de cursos de verano en toda la ciudad; as\u00ed como el Foro Internacional Ciudad, Cultura y Territorio, en el marco de Mondiacult, en el que participar\u00e1n expertos nunca antes presentados en M\u00e9xico para dar a conocer emblem\u00e1ticas pol\u00edticas culturales internacionales.<\/span><\/p>\n<p class=\"p2\"><span style=\"font-size: 14pt;\">La oferta cultural mencionada tambi\u00e9n contempl\u00f3 la nueva sala dedicada a la caricatura en el\u00a0Museo de la Ciudad de M\u00e9xico, el \u201cGabinete de maravillas Antonio Helguera\u201d, que abri\u00f3 con la exposici\u00f3n Retrato e ilustraci\u00f3n, obra gr\u00e1fica de Antonio Helguera.<\/span><\/p>\n<p>&nbsp;<\/p>\n<p><img data-recalc-dims=\"1\" loading=\"lazy\" decoding=\"async\" class=\"aligncenter wp-image-7643 size-large\" src=\"https:\/\/i0.wp.com\/politicosaldesnudo.com.mx\/wp-content\/uploads\/2022\/07\/P-CULTURA1-1024x573.png?resize=800%2C448&#038;ssl=1\" alt=\"\" width=\"800\" height=\"448\" srcset=\"https:\/\/i0.wp.com\/politicosaldesnudo.com.mx\/wp-content\/uploads\/2022\/07\/P-CULTURA1.png?resize=1024%2C573&amp;ssl=1 1024w, https:\/\/i0.wp.com\/politicosaldesnudo.com.mx\/wp-content\/uploads\/2022\/07\/P-CULTURA1.png?resize=300%2C168&amp;ssl=1 300w, https:\/\/i0.wp.com\/politicosaldesnudo.com.mx\/wp-content\/uploads\/2022\/07\/P-CULTURA1.png?resize=768%2C430&amp;ssl=1 768w, https:\/\/i0.wp.com\/politicosaldesnudo.com.mx\/wp-content\/uploads\/2022\/07\/P-CULTURA1.png?resize=1536%2C859&amp;ssl=1 1536w, https:\/\/i0.wp.com\/politicosaldesnudo.com.mx\/wp-content\/uploads\/2022\/07\/P-CULTURA1.png?w=1816&amp;ssl=1 1816w, https:\/\/i0.wp.com\/politicosaldesnudo.com.mx\/wp-content\/uploads\/2022\/07\/P-CULTURA1.png?w=1600&amp;ssl=1 1600w\" sizes=\"auto, (max-width: 800px) 100vw, 800px\" \/><\/p>\n<p>&nbsp;<\/p>\n<p>&nbsp;<\/p>\n<p>&nbsp;<\/p>\n<p>&nbsp;<\/p>\n<p>&nbsp;<\/p>\n<p>&nbsp;<\/p>\n<p>&nbsp;<\/p>\n<p>&nbsp;<\/p>\n","protected":false},"excerpt":{"rendered":"<p>&nbsp; CIUDAD DE M\u00c9XICO. Con el fin de reactivar la industria editorial, la secretaria de Cultura de la Ciudad de<\/p>\n","protected":false},"author":4,"featured_media":7645,"comment_status":"closed","ping_status":"closed","sticky":false,"template":"","format":"standard","meta":{"colormag_page_container_layout":"default_layout","colormag_page_sidebar_layout":"default_layout","_jetpack_memberships_contains_paid_content":false,"footnotes":"","jetpack_publicize_message":"","jetpack_publicize_feature_enabled":true,"jetpack_social_post_already_shared":false,"jetpack_social_options":{"image_generator_settings":{"template":"highway","default_image_id":0,"font":"","enabled":false},"version":2}},"categories":[474],"tags":[1118,1116,1119,1117],"class_list":["post-7642","post","type-post","status-publish","format-standard","has-post-thumbnail","hentry","category-cultura","tag-claudia-curiel-de-icaza","tag-cultura","tag-monumento-a-la-revolucion","tag-remate-de-libros"],"jetpack_publicize_connections":[],"jetpack_featured_media_url":"https:\/\/i0.wp.com\/politicosaldesnudo.com.mx\/wp-content\/uploads\/2022\/07\/P-CULTURA3.png?fit=1816%2C1016&ssl=1","jetpack-related-posts":[],"jetpack_sharing_enabled":true,"_links":{"self":[{"href":"https:\/\/politicosaldesnudo.com.mx\/index.php\/wp-json\/wp\/v2\/posts\/7642","targetHints":{"allow":["GET"]}}],"collection":[{"href":"https:\/\/politicosaldesnudo.com.mx\/index.php\/wp-json\/wp\/v2\/posts"}],"about":[{"href":"https:\/\/politicosaldesnudo.com.mx\/index.php\/wp-json\/wp\/v2\/types\/post"}],"author":[{"embeddable":true,"href":"https:\/\/politicosaldesnudo.com.mx\/index.php\/wp-json\/wp\/v2\/users\/4"}],"replies":[{"embeddable":true,"href":"https:\/\/politicosaldesnudo.com.mx\/index.php\/wp-json\/wp\/v2\/comments?post=7642"}],"version-history":[{"count":0,"href":"https:\/\/politicosaldesnudo.com.mx\/index.php\/wp-json\/wp\/v2\/posts\/7642\/revisions"}],"wp:featuredmedia":[{"embeddable":true,"href":"https:\/\/politicosaldesnudo.com.mx\/index.php\/wp-json\/wp\/v2\/media\/7645"}],"wp:attachment":[{"href":"https:\/\/politicosaldesnudo.com.mx\/index.php\/wp-json\/wp\/v2\/media?parent=7642"}],"wp:term":[{"taxonomy":"category","embeddable":true,"href":"https:\/\/politicosaldesnudo.com.mx\/index.php\/wp-json\/wp\/v2\/categories?post=7642"},{"taxonomy":"post_tag","embeddable":true,"href":"https:\/\/politicosaldesnudo.com.mx\/index.php\/wp-json\/wp\/v2\/tags?post=7642"}],"curies":[{"name":"wp","href":"https:\/\/api.w.org\/{rel}","templated":true}]}}