{"id":76503,"date":"2025-12-10T00:20:37","date_gmt":"2025-12-10T06:20:37","guid":{"rendered":"https:\/\/politicosaldesnudo.com.mx\/?p=76503"},"modified":"2025-12-09T23:00:55","modified_gmt":"2025-12-10T05:00:55","slug":"miles-protestan-en-argentina-contra-proyectos-mineros-reduciria-acceso-al-agua","status":"publish","type":"post","link":"https:\/\/politicosaldesnudo.com.mx\/index.php\/2025\/12\/10\/miles-protestan-en-argentina-contra-proyectos-mineros-reduciria-acceso-al-agua\/","title":{"rendered":"Miles protestan en Argentina contra proyectos mineros; reducir\u00eda acceso al agua"},"content":{"rendered":"<p class=\"nota-justify\">Miles de manifestantes protestaron este martes en la ciudad argentina de Mendoza contra un proyecto minero por sus posibles afectaciones sobre el acceso al agua.<\/p>\n<p class=\"nota-justify\">El Senado de la provincia hom\u00f3nima, a mil kil\u00f3metros al oeste de Buenos Aires, tiene previsto votar este martes un paquete de propuestas de explotaci\u00f3n minera de cobre y oro.<\/p>\n<p class=\"nota-justify\">En las afueras de la Legislatura mendocina, los manifestantes escucharon el debate en vivo con carteles que llevaban el lema \u00abcon el agua de Mendoza no se negocia\u00bb, constat\u00f3 la AFP.<\/p>\n<p class=\"nota-justify\">Las autoridades instalaron un dispositivo de seguridad con m\u00e1s de 500 polic\u00edas y un vallado que abarca varias cuadras en torno al parlamento local.<\/p>\n<p class=\"nota-justify\">Un grupo de cerca de 2 mil manifestantes, integrado por Asambleas del Agua de diferentes localidades de la provincia, organizaciones sociales y partidos pol\u00edticos, se desplaz\u00f3 desde Uspallata, epicentro del principal proyecto minero, a 100 kil\u00f3metros de Mendoza.<\/p>\n<p class=\"nota-justify\">El proyecto \u00abSan Jorge\u00bb cercano a la ciudad de Uspallata, cerca de la frontera con Chile, prev\u00e9 una mina de cobre a cielo abierto, con una inversi\u00f3n de m\u00e1s de 500 millones de d\u00f3lares, cuenta con el apoyo del gobernador provincial Alfredo Cornejo, aliado pol\u00edtico del presidente Javier Milei.<\/p>\n","protected":false},"excerpt":{"rendered":"<p>Miles de manifestantes protestaron este martes en la ciudad argentina de Mendoza contra un proyecto minero por sus posibles afectaciones<\/p>\n","protected":false},"author":4,"featured_media":76504,"comment_status":"closed","ping_status":"closed","sticky":false,"template":"","format":"standard","meta":{"colormag_page_container_layout":"default_layout","colormag_page_sidebar_layout":"default_layout","_jetpack_memberships_contains_paid_content":false,"footnotes":"","jetpack_publicize_message":"","jetpack_publicize_feature_enabled":true,"jetpack_social_post_already_shared":true,"jetpack_social_options":{"image_generator_settings":{"template":"highway","default_image_id":0,"font":"","enabled":false},"version":2}},"categories":[28],"tags":[],"class_list":["post-76503","post","type-post","status-publish","format-standard","has-post-thumbnail","hentry","category-internacional"],"jetpack_publicize_connections":[],"jetpack_featured_media_url":"https:\/\/i0.wp.com\/politicosaldesnudo.com.mx\/wp-content\/uploads\/2025\/12\/PRORTAR.jpg?fit=1200%2C799&ssl=1","jetpack-related-posts":[],"jetpack_sharing_enabled":true,"_links":{"self":[{"href":"https:\/\/politicosaldesnudo.com.mx\/index.php\/wp-json\/wp\/v2\/posts\/76503","targetHints":{"allow":["GET"]}}],"collection":[{"href":"https:\/\/politicosaldesnudo.com.mx\/index.php\/wp-json\/wp\/v2\/posts"}],"about":[{"href":"https:\/\/politicosaldesnudo.com.mx\/index.php\/wp-json\/wp\/v2\/types\/post"}],"author":[{"embeddable":true,"href":"https:\/\/politicosaldesnudo.com.mx\/index.php\/wp-json\/wp\/v2\/users\/4"}],"replies":[{"embeddable":true,"href":"https:\/\/politicosaldesnudo.com.mx\/index.php\/wp-json\/wp\/v2\/comments?post=76503"}],"version-history":[{"count":0,"href":"https:\/\/politicosaldesnudo.com.mx\/index.php\/wp-json\/wp\/v2\/posts\/76503\/revisions"}],"wp:featuredmedia":[{"embeddable":true,"href":"https:\/\/politicosaldesnudo.com.mx\/index.php\/wp-json\/wp\/v2\/media\/76504"}],"wp:attachment":[{"href":"https:\/\/politicosaldesnudo.com.mx\/index.php\/wp-json\/wp\/v2\/media?parent=76503"}],"wp:term":[{"taxonomy":"category","embeddable":true,"href":"https:\/\/politicosaldesnudo.com.mx\/index.php\/wp-json\/wp\/v2\/categories?post=76503"},{"taxonomy":"post_tag","embeddable":true,"href":"https:\/\/politicosaldesnudo.com.mx\/index.php\/wp-json\/wp\/v2\/tags?post=76503"}],"curies":[{"name":"wp","href":"https:\/\/api.w.org\/{rel}","templated":true}]}}