{"id":76514,"date":"2025-12-11T00:01:31","date_gmt":"2025-12-11T06:01:31","guid":{"rendered":"https:\/\/politicosaldesnudo.com.mx\/?p=76514"},"modified":"2025-12-10T19:27:08","modified_gmt":"2025-12-11T01:27:08","slug":"disminuye-el-comercio","status":"publish","type":"post","link":"https:\/\/politicosaldesnudo.com.mx\/index.php\/2025\/12\/11\/disminuye-el-comercio\/","title":{"rendered":"Disminuye el comercio"},"content":{"rendered":"<p>Locatarios del tradicional mercado \u201cH\u00e9roes del 47\u201d atraviesan una de las semanas m\u00e1s complicadas del a\u00f1o debido a la marcada disminuci\u00f3n en sus ventas, situaci\u00f3n que ha encendido focos de alarma entre comerciantes de diversos giros. La falta de movimiento en los pasillos del centro de abasto ha generado inquietud, especialmente en aquellos negocios cuyo flujo econ\u00f3mico depende del consumo diario.<\/p>\n<p>De acuerdo con testimonios de los propios vendedores, desde hace m\u00e1s de una semana la afluencia de clientes ha sido pr\u00e1cticamente m\u00ednima. Esta situaci\u00f3n afecta de manera m\u00e1s severa a quienes comercializan productos perecederos como carnes, frutas y verduras, pues la mercanc\u00eda comienza a quedarse en los exhibidores y, ante el riesgo de p\u00e9rdidas, muchos se ven obligados a rematarla o venderla a precios m\u00e1s bajos de lo habitual.<\/p>\n<p>Los locatarios coinciden en que la baja actividad est\u00e1 directamente relacionada con la dif\u00edcil situaci\u00f3n econ\u00f3mica que atraviesa la poblaci\u00f3n, as\u00ed como con el constante incremento en el costo de varios insumos. Estos factores han limitado el gasto de las familias y reducido la capacidad de compra, impactando de manera directa en los mercados municipales.<\/p>\n<p>A pesar del escenario adverso, los comerciantes mantienen la esperanza de que con la llegada de las fiestas decembrinas se registre un repunte importante en las ventas. Tradicionalmente, las compras para posadas, cenas navide\u00f1as y de fin de a\u00f1o representan una de las temporadas m\u00e1s fuertes para el sector, lo que podr\u00eda ayudar a equilibrar las p\u00e9rdidas acumuladas en las \u00faltimas semanas.<\/p>\n<p>Mientras tanto, los locatarios hacen un llamado a la ciudadan\u00eda para apoyar el consumo local y fortalecer la econom\u00eda de las familias que dependen de este mercado. Reafirman que, pese a las dificultades, contin\u00faan ofreciendo productos frescos, de calidad y a precios accesibles, con el compromiso de seguir siendo un punto de abasto confiable para la poblaci\u00f3n\u00a0tuxpe\u00f1a.<\/p>\n","protected":false},"excerpt":{"rendered":"<p>Locatarios del tradicional mercado \u201cH\u00e9roes del 47\u201d atraviesan una de las semanas m\u00e1s complicadas del a\u00f1o debido a la marcada<\/p>\n","protected":false},"author":4,"featured_media":76515,"comment_status":"closed","ping_status":"closed","sticky":false,"template":"","format":"standard","meta":{"colormag_page_container_layout":"default_layout","colormag_page_sidebar_layout":"default_layout","_jetpack_memberships_contains_paid_content":false,"footnotes":"","jetpack_publicize_message":"","jetpack_publicize_feature_enabled":true,"jetpack_social_post_already_shared":true,"jetpack_social_options":{"image_generator_settings":{"template":"highway","default_image_id":0,"font":"","enabled":false},"version":2}},"categories":[1082],"tags":[],"class_list":["post-76514","post","type-post","status-publish","format-standard","has-post-thumbnail","hentry","category-tuxpan"],"jetpack_publicize_connections":[],"jetpack_featured_media_url":"https:\/\/i0.wp.com\/politicosaldesnudo.com.mx\/wp-content\/uploads\/2025\/12\/MEECD.jpg?fit=1200%2C900&ssl=1","jetpack-related-posts":[],"jetpack_sharing_enabled":true,"_links":{"self":[{"href":"https:\/\/politicosaldesnudo.com.mx\/index.php\/wp-json\/wp\/v2\/posts\/76514","targetHints":{"allow":["GET"]}}],"collection":[{"href":"https:\/\/politicosaldesnudo.com.mx\/index.php\/wp-json\/wp\/v2\/posts"}],"about":[{"href":"https:\/\/politicosaldesnudo.com.mx\/index.php\/wp-json\/wp\/v2\/types\/post"}],"author":[{"embeddable":true,"href":"https:\/\/politicosaldesnudo.com.mx\/index.php\/wp-json\/wp\/v2\/users\/4"}],"replies":[{"embeddable":true,"href":"https:\/\/politicosaldesnudo.com.mx\/index.php\/wp-json\/wp\/v2\/comments?post=76514"}],"version-history":[{"count":0,"href":"https:\/\/politicosaldesnudo.com.mx\/index.php\/wp-json\/wp\/v2\/posts\/76514\/revisions"}],"wp:featuredmedia":[{"embeddable":true,"href":"https:\/\/politicosaldesnudo.com.mx\/index.php\/wp-json\/wp\/v2\/media\/76515"}],"wp:attachment":[{"href":"https:\/\/politicosaldesnudo.com.mx\/index.php\/wp-json\/wp\/v2\/media?parent=76514"}],"wp:term":[{"taxonomy":"category","embeddable":true,"href":"https:\/\/politicosaldesnudo.com.mx\/index.php\/wp-json\/wp\/v2\/categories?post=76514"},{"taxonomy":"post_tag","embeddable":true,"href":"https:\/\/politicosaldesnudo.com.mx\/index.php\/wp-json\/wp\/v2\/tags?post=76514"}],"curies":[{"name":"wp","href":"https:\/\/api.w.org\/{rel}","templated":true}]}}