{"id":76517,"date":"2025-12-11T00:02:37","date_gmt":"2025-12-11T06:02:37","guid":{"rendered":"https:\/\/politicosaldesnudo.com.mx\/?p=76517"},"modified":"2025-12-10T19:28:09","modified_gmt":"2025-12-11T01:28:09","slug":"colapsa-tuberia","status":"publish","type":"post","link":"https:\/\/politicosaldesnudo.com.mx\/index.php\/2025\/12\/11\/colapsa-tuberia\/","title":{"rendered":"Colapsa tuber\u00eda"},"content":{"rendered":"<p>La Comisi\u00f3n de Agua del Estado de Veracruz (CAEV), a trav\u00e9s de la Oficina Operadora Tuxpan, atendi\u00f3 el colapso de una tuber\u00eda de drenaje ubicado en la esquina de la calle P\u00edpila y la avenida Ju\u00e1rez, una zona de alta circulaci\u00f3n en el coraz\u00f3n de la ciudad. La falla gener\u00f3 preocupaci\u00f3n entre vecinos y comerciantes debido al riesgo que representaba para el tr\u00e1nsito y la infraestructura urbana.<\/p>\n<p>La aver\u00eda correspond\u00eda a una l\u00ednea de ocho pulgadas que presentaba da\u00f1os severos, por lo que el personal t\u00e9cnico determin\u00f3 necesario sustituirla por completo. Este tipo de tuber\u00edas forma parte del sistema de drenaje principal del Centro, por lo que su funcionamiento adecuado es clave para evitar fugas, hundimientos o problemas sanitarios.<\/p>\n<p>Los trabajos se extendieron durante todo el martes, obligando al cierre temporal de la circulaci\u00f3n vehicular en la zona intervenida. Aunque esta medida ocasion\u00f3 molestias para automovilistas y peatones, permiti\u00f3 acelerar las labores y garantizar que la reparaci\u00f3n se realizara sin contratiempos.<\/p>\n<p>Para este mi\u00e9rcoles, la CAEV inform\u00f3 que el tr\u00e1nsito qued\u00f3 restablecido de manera normal, por lo que las vialidades ya pueden ser utilizadas sin restricciones. No obstante, la zona a\u00fan presenta residuos de tierra y humedad propios de las maniobras realizadas.<\/p>\n<p>Finalmente, se exhort\u00f3 a los conductores a transitar con precauci\u00f3n, ya que el \u00e1rea podr\u00eda conservar ligeras irregularidades mientras termina de asentarse el material colocado durante\u00a0la\u00a0reparaci\u00f3n.<\/p>\n","protected":false},"excerpt":{"rendered":"<p>La Comisi\u00f3n de Agua del Estado de Veracruz (CAEV), a trav\u00e9s de la Oficina Operadora Tuxpan, atendi\u00f3 el colapso de<\/p>\n","protected":false},"author":4,"featured_media":76518,"comment_status":"closed","ping_status":"closed","sticky":false,"template":"","format":"standard","meta":{"colormag_page_container_layout":"default_layout","colormag_page_sidebar_layout":"default_layout","_jetpack_memberships_contains_paid_content":false,"footnotes":"","jetpack_publicize_message":"","jetpack_publicize_feature_enabled":true,"jetpack_social_post_already_shared":true,"jetpack_social_options":{"image_generator_settings":{"template":"highway","default_image_id":0,"font":"","enabled":false},"version":2}},"categories":[1082],"tags":[],"class_list":["post-76517","post","type-post","status-publish","format-standard","has-post-thumbnail","hentry","category-tuxpan"],"jetpack_publicize_connections":[],"jetpack_featured_media_url":"https:\/\/i0.wp.com\/politicosaldesnudo.com.mx\/wp-content\/uploads\/2025\/12\/TUBRI.jpg?fit=1200%2C900&ssl=1","jetpack-related-posts":[],"jetpack_sharing_enabled":true,"_links":{"self":[{"href":"https:\/\/politicosaldesnudo.com.mx\/index.php\/wp-json\/wp\/v2\/posts\/76517","targetHints":{"allow":["GET"]}}],"collection":[{"href":"https:\/\/politicosaldesnudo.com.mx\/index.php\/wp-json\/wp\/v2\/posts"}],"about":[{"href":"https:\/\/politicosaldesnudo.com.mx\/index.php\/wp-json\/wp\/v2\/types\/post"}],"author":[{"embeddable":true,"href":"https:\/\/politicosaldesnudo.com.mx\/index.php\/wp-json\/wp\/v2\/users\/4"}],"replies":[{"embeddable":true,"href":"https:\/\/politicosaldesnudo.com.mx\/index.php\/wp-json\/wp\/v2\/comments?post=76517"}],"version-history":[{"count":0,"href":"https:\/\/politicosaldesnudo.com.mx\/index.php\/wp-json\/wp\/v2\/posts\/76517\/revisions"}],"wp:featuredmedia":[{"embeddable":true,"href":"https:\/\/politicosaldesnudo.com.mx\/index.php\/wp-json\/wp\/v2\/media\/76518"}],"wp:attachment":[{"href":"https:\/\/politicosaldesnudo.com.mx\/index.php\/wp-json\/wp\/v2\/media?parent=76517"}],"wp:term":[{"taxonomy":"category","embeddable":true,"href":"https:\/\/politicosaldesnudo.com.mx\/index.php\/wp-json\/wp\/v2\/categories?post=76517"},{"taxonomy":"post_tag","embeddable":true,"href":"https:\/\/politicosaldesnudo.com.mx\/index.php\/wp-json\/wp\/v2\/tags?post=76517"}],"curies":[{"name":"wp","href":"https:\/\/api.w.org\/{rel}","templated":true}]}}