{"id":76523,"date":"2025-12-11T00:04:48","date_gmt":"2025-12-11T06:04:48","guid":{"rendered":"https:\/\/politicosaldesnudo.com.mx\/?p=76523"},"modified":"2025-12-10T19:30:40","modified_gmt":"2025-12-11T01:30:40","slug":"poca-venta-de-arboles-de-navidad","status":"publish","type":"post","link":"https:\/\/politicosaldesnudo.com.mx\/index.php\/2025\/12\/11\/poca-venta-de-arboles-de-navidad\/","title":{"rendered":"Poca venta de \u00e1rboles de navidad"},"content":{"rendered":"<p>A poco m\u00e1s de una semana del arranque oficial de la temporada, comerciantes de pinos navide\u00f1os instalados en diversos puntos de Tuxpan reportan una disminuci\u00f3n notable en la demanda, situaci\u00f3n que comienza a generar preocupaci\u00f3n entre los vendedores, la mayor\u00eda provenientes del estado de Puebla.<\/p>\n<p>De acuerdo con los ofertantes, esta tendencia a la baja no es nueva, pues aseguran que en los \u00faltimos a\u00f1os las ventas han ido disminuyendo progresivamente, afectando sus ingresos durante una de las temporadas que sol\u00eda ser m\u00e1s favorables. Pese a ello, los comerciantes han mantenido precios accesibles con el fin de incentivar la compra: los pinos oscilan entre los 200 y los mil pesos, seg\u00fan el tama\u00f1o y el follaje de cada ejemplar.<\/p>\n<p>Para este 2025, alrededor de 800 pinos fueron destinados a la venta en Tuxpan. Sin embargo, a pesar de las expectativas iniciales, el avance de la comercializaci\u00f3n ha sido lento. Los vendedores conf\u00edan en que, conforme se acerquen las festividades, la ciudadan\u00eda incremente sus compras y les permita colocar al menos el 80 por ciento de la mercanc\u00eda disponible.<\/p>\n<p>Advierten que, de no lograr este objetivo antes de Navidad, podr\u00edan verse obligados a rematar los \u00e1rboles, lo que representar\u00eda p\u00e9rdidas econ\u00f3micas significativas. Aun as\u00ed, mantienen la esperanza de que las familias tuxpe\u00f1as contin\u00faen apostando por el pino natural como parte de las tradiciones decembrinas.<\/p>\n<p>Los comerciantes reiteraron su compromiso de ofrecer productos de calidad y precios justos, al tiempo que hicieron un llamado a la poblaci\u00f3n para apoyar esta actividad que, adem\u00e1s de fomentar las tradiciones, representa el sustento de decenas de familias que cada a\u00f1o viajan hasta esta ciudad para comercializar los \u00e1rboles.<\/p>\n","protected":false},"excerpt":{"rendered":"<p>A poco m\u00e1s de una semana del arranque oficial de la temporada, comerciantes de pinos navide\u00f1os instalados en diversos puntos<\/p>\n","protected":false},"author":4,"featured_media":76524,"comment_status":"closed","ping_status":"closed","sticky":false,"template":"","format":"standard","meta":{"colormag_page_container_layout":"default_layout","colormag_page_sidebar_layout":"default_layout","_jetpack_memberships_contains_paid_content":false,"footnotes":"","jetpack_publicize_message":"","jetpack_publicize_feature_enabled":true,"jetpack_social_post_already_shared":true,"jetpack_social_options":{"image_generator_settings":{"template":"highway","default_image_id":0,"font":"","enabled":false},"version":2}},"categories":[1082],"tags":[],"class_list":["post-76523","post","type-post","status-publish","format-standard","has-post-thumbnail","hentry","category-tuxpan"],"jetpack_publicize_connections":[],"jetpack_featured_media_url":"https:\/\/i0.wp.com\/politicosaldesnudo.com.mx\/wp-content\/uploads\/2025\/12\/ARBL.jpg?fit=1200%2C900&ssl=1","jetpack-related-posts":[],"jetpack_sharing_enabled":true,"_links":{"self":[{"href":"https:\/\/politicosaldesnudo.com.mx\/index.php\/wp-json\/wp\/v2\/posts\/76523","targetHints":{"allow":["GET"]}}],"collection":[{"href":"https:\/\/politicosaldesnudo.com.mx\/index.php\/wp-json\/wp\/v2\/posts"}],"about":[{"href":"https:\/\/politicosaldesnudo.com.mx\/index.php\/wp-json\/wp\/v2\/types\/post"}],"author":[{"embeddable":true,"href":"https:\/\/politicosaldesnudo.com.mx\/index.php\/wp-json\/wp\/v2\/users\/4"}],"replies":[{"embeddable":true,"href":"https:\/\/politicosaldesnudo.com.mx\/index.php\/wp-json\/wp\/v2\/comments?post=76523"}],"version-history":[{"count":0,"href":"https:\/\/politicosaldesnudo.com.mx\/index.php\/wp-json\/wp\/v2\/posts\/76523\/revisions"}],"wp:featuredmedia":[{"embeddable":true,"href":"https:\/\/politicosaldesnudo.com.mx\/index.php\/wp-json\/wp\/v2\/media\/76524"}],"wp:attachment":[{"href":"https:\/\/politicosaldesnudo.com.mx\/index.php\/wp-json\/wp\/v2\/media?parent=76523"}],"wp:term":[{"taxonomy":"category","embeddable":true,"href":"https:\/\/politicosaldesnudo.com.mx\/index.php\/wp-json\/wp\/v2\/categories?post=76523"},{"taxonomy":"post_tag","embeddable":true,"href":"https:\/\/politicosaldesnudo.com.mx\/index.php\/wp-json\/wp\/v2\/tags?post=76523"}],"curies":[{"name":"wp","href":"https:\/\/api.w.org\/{rel}","templated":true}]}}