{"id":76544,"date":"2025-12-11T00:11:55","date_gmt":"2025-12-11T06:11:55","guid":{"rendered":"https:\/\/politicosaldesnudo.com.mx\/?p=76544"},"modified":"2025-12-10T21:31:08","modified_gmt":"2025-12-11T03:31:08","slug":"descarta-el-sat-prision-preventiva-por-sospechas-de-emision-de-facturas-falsas","status":"publish","type":"post","link":"https:\/\/politicosaldesnudo.com.mx\/index.php\/2025\/12\/11\/descarta-el-sat-prision-preventiva-por-sospechas-de-emision-de-facturas-falsas\/","title":{"rendered":"Descarta el SAT prisi\u00f3n preventiva por sospechas de emisi\u00f3n de facturas falsas"},"content":{"rendered":"<p class=\"nota-justify\" dir=\"ltr\">El Servicio de Administraci\u00f3n Tributaria (SAT) descart\u00f3 que se solicite prisi\u00f3n preventiva oficiosa para quienes resulten sospechosos en la emisi\u00f3n de facturas falsas.<\/p>\n<p class=\"nota-justify\" dir=\"ltr\">\u201cEs falso que se solicitar\u00e1 prisi\u00f3n preventiva oficiosa para cualquier contribuyente, simplemente porque se sospeche que emiti\u00f3 una factura falsa\u201d, aclar\u00f3 el organismo en una tarjeta informativa.<\/p>\n<p class=\"nota-justify\" dir=\"ltr\">Explic\u00f3 que la autoridad fiscal debe soportar su investigaci\u00f3n y probar que se trata de facturas falsas.<\/p>\n<p class=\"nota-justify\" dir=\"ltr\">\u201cComo en todos los procedimientos, se garantiza el debido proceso y el derecho de audiencia de las y los contribuyentes, por lo que no quedan en indefensi\u00f3n\u201d, manifest\u00f3.<\/p>\n<p class=\"nota-justify\" dir=\"ltr\">Expuso que las reformas al C\u00f3digo Fiscal de la Federaci\u00f3n (CFF), que fueron aprobadas en el Congreso de la Uni\u00f3n y que entrar\u00e1n en vigor el pr\u00f3ximo a\u00f1o, est\u00e1n dirigidas a personas f\u00edsicas o morales que emiten facturas falsas para evadir el pago de impuestos.<\/p>\n<p class=\"nota-justify\" dir=\"ltr\">Sostuvo que esas reformas reforzar\u00e1n el combate a la evasi\u00f3n fiscal, otorgar\u00e1n certidumbre a los contribuyentes y generar\u00e1n condiciones de equidad en el cumplimiento de las obligaciones fiscales.<\/p>\n<p class=\"nota-justify\" dir=\"ltr\">Incluso, el SAT se\u00f1al\u00f3 que no se trata de un programa masivo que se aplique a los contribuyentes cumplidos, sino que tiene objetivos espec\u00edficos y justificados en el combate a la evasi\u00f3n fiscal.<\/p>\n<p class=\"nota-justify\" dir=\"ltr\">El organismo dej\u00f3 claro que las modificaciones aprobadas no establecen nuevas facultades para congelar cuentas bancarias.<\/p>\n<p class=\"nota-justify\" dir=\"ltr\">\u201cEsta instituci\u00f3n reitera su compromiso para fortalecer el combate a la evasi\u00f3n y elusi\u00f3n fiscal, mediante herramientas m\u00e1s eficaces y transparentes, siempre en el marco de la ley y con respeto a los derechos de las y los contribuyentes\u201d, concluy\u00f3 la instituci\u00f3n financiera.<\/p>\n","protected":false},"excerpt":{"rendered":"<p>El Servicio de Administraci\u00f3n Tributaria (SAT) descart\u00f3 que se solicite prisi\u00f3n preventiva oficiosa para quienes resulten sospechosos en la emisi\u00f3n<\/p>\n","protected":false},"author":4,"featured_media":76545,"comment_status":"closed","ping_status":"closed","sticky":false,"template":"","format":"standard","meta":{"colormag_page_container_layout":"default_layout","colormag_page_sidebar_layout":"default_layout","_jetpack_memberships_contains_paid_content":false,"footnotes":"","jetpack_publicize_message":"","jetpack_publicize_feature_enabled":true,"jetpack_social_post_already_shared":true,"jetpack_social_options":{"image_generator_settings":{"template":"highway","default_image_id":0,"font":"","enabled":false},"version":2}},"categories":[2050],"tags":[],"class_list":["post-76544","post","type-post","status-publish","format-standard","has-post-thumbnail","hentry","category-economia"],"jetpack_publicize_connections":[],"jetpack_featured_media_url":"https:\/\/i0.wp.com\/politicosaldesnudo.com.mx\/wp-content\/uploads\/2025\/12\/impuestos-diferidos-sat.jpg?fit=800%2C450&ssl=1","jetpack-related-posts":[],"jetpack_sharing_enabled":true,"_links":{"self":[{"href":"https:\/\/politicosaldesnudo.com.mx\/index.php\/wp-json\/wp\/v2\/posts\/76544","targetHints":{"allow":["GET"]}}],"collection":[{"href":"https:\/\/politicosaldesnudo.com.mx\/index.php\/wp-json\/wp\/v2\/posts"}],"about":[{"href":"https:\/\/politicosaldesnudo.com.mx\/index.php\/wp-json\/wp\/v2\/types\/post"}],"author":[{"embeddable":true,"href":"https:\/\/politicosaldesnudo.com.mx\/index.php\/wp-json\/wp\/v2\/users\/4"}],"replies":[{"embeddable":true,"href":"https:\/\/politicosaldesnudo.com.mx\/index.php\/wp-json\/wp\/v2\/comments?post=76544"}],"version-history":[{"count":0,"href":"https:\/\/politicosaldesnudo.com.mx\/index.php\/wp-json\/wp\/v2\/posts\/76544\/revisions"}],"wp:featuredmedia":[{"embeddable":true,"href":"https:\/\/politicosaldesnudo.com.mx\/index.php\/wp-json\/wp\/v2\/media\/76545"}],"wp:attachment":[{"href":"https:\/\/politicosaldesnudo.com.mx\/index.php\/wp-json\/wp\/v2\/media?parent=76544"}],"wp:term":[{"taxonomy":"category","embeddable":true,"href":"https:\/\/politicosaldesnudo.com.mx\/index.php\/wp-json\/wp\/v2\/categories?post=76544"},{"taxonomy":"post_tag","embeddable":true,"href":"https:\/\/politicosaldesnudo.com.mx\/index.php\/wp-json\/wp\/v2\/tags?post=76544"}],"curies":[{"name":"wp","href":"https:\/\/api.w.org\/{rel}","templated":true}]}}