{"id":76556,"date":"2025-12-11T00:15:29","date_gmt":"2025-12-11T06:15:29","guid":{"rendered":"https:\/\/politicosaldesnudo.com.mx\/?p=76556"},"modified":"2025-12-10T22:41:52","modified_gmt":"2025-12-11T04:41:52","slug":"maiceros-en-durango-cierran-instalaciones-de-sader-exigen-acopio-del-grano","status":"publish","type":"post","link":"https:\/\/politicosaldesnudo.com.mx\/index.php\/2025\/12\/11\/maiceros-en-durango-cierran-instalaciones-de-sader-exigen-acopio-del-grano\/","title":{"rendered":"Maiceros en Durango cierran instalaciones de Sader; exigen acopio del grano"},"content":{"rendered":"<p class=\"nota-justify\">Productores de ma\u00edz del municipio de Durango tomaron y cerraron las instalaciones de la Secretar\u00eda de Agricultura y Desarrollo Rural (Sader) federal y de Alimentaci\u00f3n para el Bienestar, debido al presunto incumplimiento de acuerdos relacionados con el acopio del grano.<\/p>\n<p class=\"nota-justify\">Aseguran que los m\u00f3dulos instalados est\u00e1n dando prioridad al ma\u00edz proveniente de Sinaloa por encima del producido en Durango.\u00a0Juan Jos\u00e9 Reyes Flores, productor y quien encabez\u00f3 la movilizaci\u00f3n, se\u00f1al\u00f3 que en el municipio solo existe un centro de acopio abierto, ubicado en el poblado 5 de\u00a0Febrero, con capacidad para 800 toneladas de ma\u00edz encostalado; sin embargo, aun no est\u00e1n recibiendo el grano.<\/p>\n<div id=\"article-content-tts\" class=\"nota-contenido mb-5\">\n<div id=\"content_nitf\">\n<p class=\"nota-justify\">Pero\u00a0existe otro centro de acopio con mayor capacidad para recibir ma\u00edz a granel\u00a0y se ubica en la capital del estado,\u00a0pero este \u00fanicamente est\u00e1 recibiendo producto de agricultores sinaloenses y no de los maiceros del municipio de Durango.<\/p>\n<p class=\"nota-justify\">Reyes Flores calific\u00f3 como \u201ccurioso\u201d que la dependencia Alimentaci\u00f3n para el Bienestar est\u00e9 comprando ma\u00edz a granel a productores de Sinaloa para venderlo a los tortilleros de la capital\u00a0duranguense, cuando en a\u00f1os anteriores estos \u00faltimos adquir\u00edan el grano directamente a los productores locales.<\/p>\n<p class=\"nota-justify\">\u201cAhora ya no nos compran a nosotros; se lo compran a Alimentaci\u00f3n para el Bienestar con subsidio, y nosotros nos estamos quedando con todo el grano porque esta dependencia federal tampoco nos lo est\u00e1 comprando\u201d, afirm\u00f3.<\/p>\n<p class=\"nota-justify\">Actualmente, los maiceros del municipio de Durango tienen listas \u2014y con expedientes ya validados\u2014 alrededor de siete mil toneladas de ma\u00edz a granel para su acopio, pero no cuentan con un centro abierto que las reciba.<\/p>\n<p class=\"nota-justify\">Lamentaron que las autoridades locales, tanto de Sader como de Alimentaci\u00f3n para el Bienestar, carezcan de capacidad de decisi\u00f3n, pues tras 15 d\u00edas de mesas de trabajo no han logrado acuerdos debido a que todo debe\u00a0consultar y\u00a0autorizarse desde oficinas centrales.<\/p>\n<p class=\"nota-justify\">Esta situaci\u00f3n llev\u00f3 a los agricultores a salir nuevamente a las calles, bloquear las instalaciones de Sader y Alimentaci\u00f3n para el Bienestar y advertir que no las liberar\u00e1n hasta que comience el acopio del grano producido por maiceros locales.<\/p>\n<p class=\"nota-justify\">Reyes Flores aclar\u00f3 que la situaci\u00f3n no es la misma en otros municipios del estado, donde s\u00ed est\u00e1n abiertos los centros de acopio. No obstante, estos reciben \u00fanicamente el ma\u00edz de productores de esas mismas regiones o de zonas cercanas, dejando excluidos a los de la capital.<\/p>\n<p class=\"nota-justify\">Los productores advirtieron que el problema se agrava porque en esta temporada necesitan liquidez para pagar cr\u00e9ditos adquiridos para la siembra y para solventar gastos de fin de a\u00f1o.<\/p>\n<p class=\"nota-justify\">Ante la falta de opciones, muchos est\u00e1n comenzando a vender el grano a intermediarios o \u201ccoyotes\u201d a solo cinco pesos por kilo\u00a0lo que los deja sin margen de ganancia.<\/p>\n<p class=\"nota-justify\">Iv\u00e1n Ram\u00edrez, titular de Alimentaci\u00f3n para el Bienestar en Durango solo dijo que hasta el momento no le han autorizado de oficinas centrales recibir el ma\u00edz a granel a los productores del municipio de Durango.<\/p>\n<\/div>\n<\/div>\n<div class=\"notas-relacionadas\">\n<div class=\"bloque-secundario border-bottom-1\">Notas relacionadas<\/div>\n<\/div>\n","protected":false},"excerpt":{"rendered":"<p>Productores de ma\u00edz del municipio de Durango tomaron y cerraron las instalaciones de la Secretar\u00eda de Agricultura y Desarrollo Rural<\/p>\n","protected":false},"author":4,"featured_media":76557,"comment_status":"closed","ping_status":"closed","sticky":false,"template":"","format":"standard","meta":{"colormag_page_container_layout":"default_layout","colormag_page_sidebar_layout":"default_layout","_jetpack_memberships_contains_paid_content":false,"footnotes":"","jetpack_publicize_message":"","jetpack_publicize_feature_enabled":true,"jetpack_social_post_already_shared":true,"jetpack_social_options":{"image_generator_settings":{"template":"highway","default_image_id":0,"font":"","enabled":false},"version":2}},"categories":[30],"tags":[],"class_list":["post-76556","post","type-post","status-publish","format-standard","has-post-thumbnail","hentry","category-estados"],"jetpack_publicize_connections":[],"jetpack_featured_media_url":"https:\/\/i0.wp.com\/politicosaldesnudo.com.mx\/wp-content\/uploads\/2025\/12\/MAIC.jpg?fit=1200%2C540&ssl=1","jetpack-related-posts":[],"jetpack_sharing_enabled":true,"_links":{"self":[{"href":"https:\/\/politicosaldesnudo.com.mx\/index.php\/wp-json\/wp\/v2\/posts\/76556","targetHints":{"allow":["GET"]}}],"collection":[{"href":"https:\/\/politicosaldesnudo.com.mx\/index.php\/wp-json\/wp\/v2\/posts"}],"about":[{"href":"https:\/\/politicosaldesnudo.com.mx\/index.php\/wp-json\/wp\/v2\/types\/post"}],"author":[{"embeddable":true,"href":"https:\/\/politicosaldesnudo.com.mx\/index.php\/wp-json\/wp\/v2\/users\/4"}],"replies":[{"embeddable":true,"href":"https:\/\/politicosaldesnudo.com.mx\/index.php\/wp-json\/wp\/v2\/comments?post=76556"}],"version-history":[{"count":0,"href":"https:\/\/politicosaldesnudo.com.mx\/index.php\/wp-json\/wp\/v2\/posts\/76556\/revisions"}],"wp:featuredmedia":[{"embeddable":true,"href":"https:\/\/politicosaldesnudo.com.mx\/index.php\/wp-json\/wp\/v2\/media\/76557"}],"wp:attachment":[{"href":"https:\/\/politicosaldesnudo.com.mx\/index.php\/wp-json\/wp\/v2\/media?parent=76556"}],"wp:term":[{"taxonomy":"category","embeddable":true,"href":"https:\/\/politicosaldesnudo.com.mx\/index.php\/wp-json\/wp\/v2\/categories?post=76556"},{"taxonomy":"post_tag","embeddable":true,"href":"https:\/\/politicosaldesnudo.com.mx\/index.php\/wp-json\/wp\/v2\/tags?post=76556"}],"curies":[{"name":"wp","href":"https:\/\/api.w.org\/{rel}","templated":true}]}}