{"id":7664,"date":"2022-07-12T07:14:22","date_gmt":"2022-07-12T12:14:22","guid":{"rendered":"https:\/\/politicosaldesnudo.com.mx\/?p=7664"},"modified":"2022-07-12T07:14:22","modified_gmt":"2022-07-12T12:14:22","slug":"la-candidata-oficial-y-lo-barato-que-sale-violar-la-ley","status":"publish","type":"post","link":"https:\/\/politicosaldesnudo.com.mx\/index.php\/2022\/07\/12\/la-candidata-oficial-y-lo-barato-que-sale-violar-la-ley\/","title":{"rendered":"La candidata oficial y lo barato que sale violar la ley"},"content":{"rendered":"<p class=\"p1\">\n<p>&nbsp;<\/p>\n<p class=\"p1\"><span style=\"font-size: 18pt;\"><strong>Por Aurelio Contreras Moreno<\/strong><\/span><\/p>\n<p class=\"p1\"><span style=\"font-size: 14pt;\">Ya sin freno \u2013porque pudor y verg\u00fcenza nunca han tenido-, las \u201ccorcholatas\u201d oficiales de la \u201c4t\u201d est\u00e1n desbordadas haciendo campa\u00f1a abiertamente, violentando campechanamente la Constituci\u00f3n.<\/span><\/p>\n<p class=\"p1\"><span style=\"font-size: 14pt;\">La ma\u00f1ana de este lunes muchas bardas de la capital de Veracruz amanecieron tapizadas de pintas con la leyenda \u201cPara que siga la transformaci\u00f3n #EsClaudia\u201d, claramente refiri\u00e9ndose a la jefa de gobierno de la Ciudad de M\u00e9xico, Claudia Sheinbaum.<\/span><\/p>\n<p class=\"p1\"><span style=\"font-size: 14pt;\">Que estas pintas aparezcan en el estado de Veracruz no es casual: el gobernador Cuitl\u00e1huac Garc\u00eda Jim\u00e9nez coloc\u00f3 todas las fichas de su apuesta pol\u00edtica en Sheinbaum, aunque recientemente se ha tomado fotos y menciona al secretario de Gobernaci\u00f3n, Ad\u00e1n Augusto L\u00f3pez Hern\u00e1ndez. Por aquello de las \u201crecochinas dudas\u201d, con eso de que la \u201cregenta\u201d nom\u00e1s no despega y acumula negativos por su p\u00e9sima gesti\u00f3n de gobierno.<\/span><\/p>\n<p class=\"p1\"><span style=\"font-size: 14pt;\">El mandatario veracruzano sin duda est\u00e1 en su derecho de apoyar la opci\u00f3n pol\u00edtica de su preferencia, nadie le niega su prerrogativa como ciudadano. Lo que es inmoral \u2013con eso de que se sienten con superioridades de esa \u00edndole- y sobre todo ilegal es que promueva sus \u201csimpat\u00edas\u201d e intereses desviando recursos p\u00fablicos.<\/span><\/p>\n<p class=\"p1\"><span style=\"font-size: 14pt;\">Para quien entiende sobre los costos de la propaganda pol\u00edtico-electoral, sabe que es imposible que \u201cgrupos de ciudadanos\u201d de a pie puedan pagar y realizar un operativo de campa\u00f1a como el que se aprecia en este caso. Y quien tiene el arca abierta para hacerlo ni siquiera ha intentado cubrir sus huellas.<span class=\"Apple-converted-space\">\u00a0<\/span><\/span><\/p>\n<p class=\"p1\"><span style=\"font-size: 14pt;\">Si algo distingue al morenato gobernante es la manera rupestre, burda, como quebrantan la legalidad. Fue evidente durante la campa\u00f1a para la absurda y fallida revocaci\u00f3n de mandato del presidente L\u00f3pez Obrador c\u00f3mo dilapidaron millones de pesos mientras le escup\u00edan de frente a la Constituci\u00f3n. Y a la pobreza del pa\u00eds.<span class=\"Apple-converted-space\">\u00a0<\/span><\/span><\/p>\n<p class=\"p1\"><span style=\"font-size: 14pt;\">No por nada, Cuitl\u00e1huac Garc\u00eda se convirti\u00f3 formal y legalmente en delincuente electoral luego que el Tribunal Electoral del Poder Judicial de la Federaci\u00f3n lo sancion\u00f3 por sus violaciones flagrantes a la veda durante el periodo de promoci\u00f3n de la consulta de revocaci\u00f3n \u2013facultad exclusiva del INE-, y por lo cual fue ingresado en el Registro de Sujetos Sancionados del organismo jurisdiccional. De verdadero esc\u00e1ndalo y verg\u00fcenza, trat\u00e1ndose de la primera autoridad del estado de Veracruz.<\/span><\/p>\n<p class=\"p1\"><span style=\"font-size: 14pt;\">Pero nada de lo anterior parece acongojarle, habida cuenta de que la sanci\u00f3n no pasa de ah\u00ed y por ende, a la clase pol\u00edtica \u201ctetratransformada\u201d le sale muy barato violar la ley. As\u00ed que siguen en las mismas. Y no solo en apoyo de Claudia Sheinbaum.<\/span><\/p>\n<p class=\"p1\"><span style=\"font-size: 14pt;\">El gobierno de Cuitl\u00e1huac Garc\u00eda Jim\u00e9nez est\u00e1 volcado en la promoci\u00f3n pol\u00edtica personal de la zacatecana secretaria de Energ\u00eda federal, Roc\u00edo Nahle Garc\u00eda, a quien de la misma manera le importan un bledo las leyes y desde hace una semana est\u00e1 en campa\u00f1a en el estado de Veracruz, por el cual, b\u00e1sicamente, nunca ha hecho nada. Ni como diputada federal, ni como \u2013fugaz- senadora por Veracruz, ni como funcionaria del primer nivel del gobierno de Andr\u00e9s Manuel L\u00f3pez Obrador.<\/span><\/p>\n<p class=\"p1\"><span style=\"font-size: 14pt;\">Adem\u00e1s de los espectaculares colocados en autopistas de la entidad luego de la \u201cinauguraci\u00f3n\u201d de las oficinas de la refiner\u00eda Olmeca en Dos Bocas, Tabasco, corren por las redes sociales im\u00e1genes totalmente proselitistas que se refieren a ella como \u201cRoc\u00edo Nahle Gobernadora 2024\u201d, mientras abraza adultos mayores y personas de extracci\u00f3n humilde, incurriendo en evidentes actos anticipados de campa\u00f1a. A la m\u00e1s arcaica usanza del viejo sistema pol\u00edtico priista que seg\u00fan la \u201c4t\u201d lleg\u00f3 a desmantelar, pero que encontr\u00f3 m\u00e1s conveniente asimilar.<\/span><\/p>\n<p class=\"p1\"><span style=\"font-size: 14pt;\">Aunado a ello, y con un cinismo que abruma, el aparato gubernamental de la entidad est\u00e1 siendo puesto a disposici\u00f3n de Nahle. Este s\u00e1bado, sin justificaci\u00f3n real para la reuni\u00f3n, sentaron a todos los directivos de los tecnol\u00f3gicos del estado con la zacatecana que quiere gobernar Veracruz, aunque la Constituci\u00f3n del Estado tambi\u00e9n se lo proh\u00edba. Peccata minuta.<\/span><\/p>\n<p class=\"p1\"><span style=\"font-size: 14pt;\">El juego del candidato\/a oficial y oficioso es una de las peores pr\u00e1cticas de ese viejo sistema pol\u00edtico priista que encontr\u00f3 en Morena y el lopezobradorismo un nuevo espacio para reproducirse, intacto, sin moverle una coma. As\u00ed como exige el presidente que se aprueben sus iniciativas.<\/span><\/p>\n<p class=\"p1\"><span style=\"font-size: 14pt;\">Y a como van las cosas, con una oposici\u00f3n partidista sin discurso, sin credibilidad y en muchos casos cooptada por el mismo r\u00e9gimen, la \u00fanica competencia hacia 2024 parece ser la interna, entre los mismos grupos pol\u00edticos del morenato, que conforme pase el tiempo sacar\u00e1n las garras para destrozarse. Quiz\u00e1s ser\u00e1 lo \u00fanico interesante que veamos en la sucesi\u00f3n de 2024.<\/span><\/p>\n<p class=\"p1\"><span style=\"font-size: 14pt;\">En medio de todo, queda hecho trizas el estado de Derecho porque como se mencion\u00f3 antes, le sale muy barato a la clase gobernante violar la ley en M\u00e9xico. Escenario perfecto para la restauraci\u00f3n autoritaria en marcha.<\/span><\/p>\n<p>&nbsp;<\/p>\n<p>&nbsp;<\/p>\n<p class=\"p1\"><span style=\"font-size: 18pt;\"><strong>Correo: <a href=\"mailto:aureliocontreras@gmail.com\">aureliocontreras@gmail.com<\/a><\/strong><\/span><\/p>\n<p class=\"p1\"><span style=\"font-size: 18pt;\"><strong>Twitter: <a href=\"http:\/\/www.twitter.com\/yeyocontreras\">@yeyocontreras<\/a><\/strong><\/span><\/p>\n<p>&nbsp;<\/p>\n<p><span style=\"font-size: 18pt; color: #319eca;\"><em><strong>**Las columnas firmadas en este medio son responsabilidad de quienes las firman**<\/strong><\/em><\/span><\/p>\n<p>&nbsp;<\/p>\n<p>&nbsp;<\/p>\n<p>&nbsp;<\/p>\n<p>&nbsp;<\/p>\n<p>&nbsp;<\/p>\n","protected":false},"excerpt":{"rendered":"<p>&nbsp; Por Aurelio Contreras Moreno Ya sin freno \u2013porque pudor y verg\u00fcenza nunca han tenido-, las \u201ccorcholatas\u201d oficiales de la<\/p>\n","protected":false},"author":4,"featured_media":4397,"comment_status":"closed","ping_status":"closed","sticky":false,"template":"","format":"standard","meta":{"colormag_page_container_layout":"default_layout","colormag_page_sidebar_layout":"default_layout","_jetpack_memberships_contains_paid_content":false,"footnotes":"","jetpack_publicize_message":"","jetpack_publicize_feature_enabled":true,"jetpack_social_post_already_shared":false,"jetpack_social_options":{"image_generator_settings":{"template":"highway","default_image_id":0,"font":"","enabled":false},"version":2}},"categories":[26],"tags":[],"class_list":["post-7664","post","type-post","status-publish","format-standard","has-post-thumbnail","hentry","category-columnistas"],"jetpack_publicize_connections":[],"jetpack_featured_media_url":"https:\/\/i0.wp.com\/politicosaldesnudo.com.mx\/wp-content\/uploads\/2022\/04\/AURELIO-CONTRERAS-MORENO-1.png?fit=1816%2C1016&ssl=1","jetpack-related-posts":[],"jetpack_sharing_enabled":true,"_links":{"self":[{"href":"https:\/\/politicosaldesnudo.com.mx\/index.php\/wp-json\/wp\/v2\/posts\/7664","targetHints":{"allow":["GET"]}}],"collection":[{"href":"https:\/\/politicosaldesnudo.com.mx\/index.php\/wp-json\/wp\/v2\/posts"}],"about":[{"href":"https:\/\/politicosaldesnudo.com.mx\/index.php\/wp-json\/wp\/v2\/types\/post"}],"author":[{"embeddable":true,"href":"https:\/\/politicosaldesnudo.com.mx\/index.php\/wp-json\/wp\/v2\/users\/4"}],"replies":[{"embeddable":true,"href":"https:\/\/politicosaldesnudo.com.mx\/index.php\/wp-json\/wp\/v2\/comments?post=7664"}],"version-history":[{"count":0,"href":"https:\/\/politicosaldesnudo.com.mx\/index.php\/wp-json\/wp\/v2\/posts\/7664\/revisions"}],"wp:featuredmedia":[{"embeddable":true,"href":"https:\/\/politicosaldesnudo.com.mx\/index.php\/wp-json\/wp\/v2\/media\/4397"}],"wp:attachment":[{"href":"https:\/\/politicosaldesnudo.com.mx\/index.php\/wp-json\/wp\/v2\/media?parent=7664"}],"wp:term":[{"taxonomy":"category","embeddable":true,"href":"https:\/\/politicosaldesnudo.com.mx\/index.php\/wp-json\/wp\/v2\/categories?post=7664"},{"taxonomy":"post_tag","embeddable":true,"href":"https:\/\/politicosaldesnudo.com.mx\/index.php\/wp-json\/wp\/v2\/tags?post=7664"}],"curies":[{"name":"wp","href":"https:\/\/api.w.org\/{rel}","templated":true}]}}