{"id":7666,"date":"2022-07-12T07:20:31","date_gmt":"2022-07-12T12:20:31","guid":{"rendered":"https:\/\/politicosaldesnudo.com.mx\/?p=7666"},"modified":"2022-07-12T07:21:04","modified_gmt":"2022-07-12T12:21:04","slug":"cuitlahuac-dicta-linea-la-buena-es-nahle","status":"publish","type":"post","link":"https:\/\/politicosaldesnudo.com.mx\/index.php\/2022\/07\/12\/cuitlahuac-dicta-linea-la-buena-es-nahle\/","title":{"rendered":"Cuitl\u00e1huac dicta l\u00ednea; la buena es Nahle"},"content":{"rendered":"<p>&nbsp;<\/p>\n<p class=\"p1\"><span style=\"font-size: 18pt;\"><strong>Por Luis Ram\u00edrez Baqueiro<\/strong><\/span><\/p>\n<p>&nbsp;<\/p>\n<p class=\"p1\" style=\"text-align: center;\"><em><span style=\"font-size: 18pt;\"><strong>\u201cNo hay otro camino para la madurez que aprender a soportar los golpes de la vida\u201d<span class=\"Apple-converted-space\">\u00a0<\/span><\/strong><\/span><\/em><\/p>\n<p class=\"p1\" style=\"text-align: center;\"><span style=\"font-size: 18pt;\">\u2013\u00a0William Shakespeare \u2013\u00a0<\/span><\/p>\n<p>&nbsp;<\/p>\n<p class=\"p1\"><span style=\"font-size: 14pt;\">El pasado s\u00e1bado 9 de julio una serie de fotograf\u00edas subidas a sus redes sociales llamaron la atenci\u00f3n de propios y extra\u00f1os, el gobernador Cuitl\u00e1huac Garc\u00eda Jim\u00e9nez al centro de una gran mesa encabezaba una reuni\u00f3n con todos los directores de los Institutos Tecnol\u00f3gicos del Estado.\u00a0<\/span><\/p>\n<p class=\"p1\"><span style=\"font-size: 14pt;\">Al mero estilo de Fidel Herrera Beltr\u00e1n, ex gobernador de Veracruz, empleando el sal\u00f3n favorito del cuenque\u00f1o, aquel que alguna vez llev\u00f3 el nombre del esclavo y emancipador veracruzano Yanga, aparec\u00eda flanqueado de la secretar\u00eda de Energ\u00eda y senadora con licencia, Roc\u00edo Nahle Garc\u00eda.<\/span><\/p>\n<p>&nbsp;<\/p>\n<p><img data-recalc-dims=\"1\" loading=\"lazy\" decoding=\"async\" class=\"aligncenter wp-image-7667 size-large\" src=\"https:\/\/i0.wp.com\/politicosaldesnudo.com.mx\/wp-content\/uploads\/2022\/07\/P-CUI-NAHLE-1024x573.png?resize=800%2C448&#038;ssl=1\" alt=\"\" width=\"800\" height=\"448\" srcset=\"https:\/\/i0.wp.com\/politicosaldesnudo.com.mx\/wp-content\/uploads\/2022\/07\/P-CUI-NAHLE.png?resize=1024%2C573&amp;ssl=1 1024w, https:\/\/i0.wp.com\/politicosaldesnudo.com.mx\/wp-content\/uploads\/2022\/07\/P-CUI-NAHLE.png?resize=300%2C168&amp;ssl=1 300w, https:\/\/i0.wp.com\/politicosaldesnudo.com.mx\/wp-content\/uploads\/2022\/07\/P-CUI-NAHLE.png?resize=768%2C430&amp;ssl=1 768w, https:\/\/i0.wp.com\/politicosaldesnudo.com.mx\/wp-content\/uploads\/2022\/07\/P-CUI-NAHLE.png?resize=1536%2C859&amp;ssl=1 1536w, https:\/\/i0.wp.com\/politicosaldesnudo.com.mx\/wp-content\/uploads\/2022\/07\/P-CUI-NAHLE.png?w=1816&amp;ssl=1 1816w, https:\/\/i0.wp.com\/politicosaldesnudo.com.mx\/wp-content\/uploads\/2022\/07\/P-CUI-NAHLE.png?w=1600&amp;ssl=1 1600w\" sizes=\"auto, (max-width: 800px) 100vw, 800px\" \/><\/p>\n<p>&nbsp;<\/p>\n<p class=\"p1\"><span style=\"font-size: 14pt;\">En su red social, el Ejecutivo afirm\u00f3: \u201cContinuando con las actividades de este s\u00e1bado, nos reunimos con todos los directores de los Institutos Tecnol\u00f3gicos y rectores de las Universidades Tecnol\u00f3gicas que dependen del Estado, con quienes estamos preparando a los j\u00f3venes que en diferentes carreras y profesiones van a dar servicios a la industria petroqu\u00edmica, industrial y energ\u00e9tica. La Sener ha sido un motor del desarrollo tecnol\u00f3gico e industrial en el estado, por ello agradecemos al Ing. Roc\u00edo Nahle que de primera mano nos platicara el panorama en materia de energ\u00eda que se tiene para Veracruz en los pr\u00f3ximos a\u00f1os\u201d.<\/span><\/p>\n<p class=\"p1\"><span style=\"font-size: 14pt;\">En otro p\u00e1rrafo el mandatario se\u00f1al\u00f3: \u201cEl perfil profesional de la educaci\u00f3n tecnol\u00f3gica superior debe estar en concordancia con la inminente conclusi\u00f3n de varios proyectos que se impulsan desde la Sener como la explotaci\u00f3n de nuevos yacimientos de gas y petr\u00f3leo, la entrada de operaci\u00f3n de la refiner\u00eda de Dos Bocas, el nuevo gasoducto interestatal de Tuxpan a Coatzacoalcos, etc. Mismos que impulsan el asentamiento de otras empresas; por ejemplo, el Corredor Trans\u00edstmico de Tehuantepec, la instalaci\u00f3n de Constellations Brands, Nestl\u00e9, la ampliaci\u00f3n de la petroqu\u00edmica en los complejos de Coatzacoalcos, etc.\u201d<\/span><\/p>\n<p class=\"p1\"><span style=\"font-size: 14pt;\">La realidad, es que la se\u00f1al de unidad y el llamado a dejar de lado las poses y los berrinches lo habr\u00eda lanzado desde la semana anterior, para ser precisos el 4 de julio, , cuando tambi\u00e9n aprovech\u00f3 la celebraci\u00f3n del triunfo del presidente L\u00f3pez Obrador, para pedirle a los diputados locales -27- presentes en el evento, cerrar filas en unidad.<\/span><\/p>\n<p class=\"p1\"><span style=\"font-size: 14pt;\">Al menos as\u00ed lo confirm\u00f3 el mismo Magdaleno Rosales en entrevista con la periodista Isabel Ortega.<\/span><\/p>\n<p class=\"p1\"><span style=\"font-size: 14pt;\">La primera muestra de recogimiento y acatamiento de dicha instrucci\u00f3n, vino el viernes 8 de julio, cuando ya entrada la noche, el presidente de la Junta de Coordinaci\u00f3n Pol\u00edtica del Congreso Local, Juan Javier G\u00f3mez Cazar\u00edn, colocaba una fotograf\u00eda acompa\u00f1ado del alcalde de Coatzacoalcos, Amado Cruz Malpica, la secretar\u00eda de Energ\u00eda Roc\u00edo Nahle, la alcaldesa de Minatitl\u00e1n, la doctora Mar\u00eda del Carmen Medel Palma.\u00a0<\/span><\/p>\n<p class=\"p1\"><span style=\"font-size: 14pt;\">Ah\u00ed se evidenci\u00f3 el C\u00f3nclave con lo que el propio G\u00f3mez Cazar\u00edn asumi\u00f3 como propia la instrucci\u00f3n de su mandatario estatal, y con ello, de paso, pon\u00eda a disposici\u00f3n de la secretar\u00eda al Congreso mismo para llegado el momento garantizar el triunfo.<\/span><\/p>\n<p class=\"p1\"><span style=\"font-size: 14pt;\">Lo que la fotograf\u00eda de Garc\u00eda Jim\u00e9nez exhibe es que la primera gran reuni\u00f3n con los integrantes del Gabinete la realiza con su secretario de Educaci\u00f3n, Zenyazen Escobar Garc\u00eda, uno de los considerados posibles relevos a sucederlo.<\/span><\/p>\n<p class=\"p1\"><span style=\"font-size: 14pt;\">Y es que fuentes bien informadas revelaron que recientemente que el mismo titular de la SEV junto con el titular de la Secretar\u00eda de Finanzas y Planeaci\u00f3n (Sefiplan), Jos\u00e9 Luis Lima Franco habr\u00edan mandado hacer un estudio demosc\u00f3pico con el que buscaban ubicar sus reales posibilidades a suceder al mismo Cuitl\u00e1huac Garc\u00eda.<\/span><\/p>\n<p class=\"p1\"><span style=\"font-size: 14pt;\">Para su tristeza, afirma la fuente, la medici\u00f3n encargada por ellos mismo, no reflej\u00f3 los n\u00fameros esperados, evidenciando que Roc\u00edo Nahle Garc\u00eda es por m\u00e1s de 20 puntos la que encabeza las preferencias ciudadanas.<\/span><\/p>\n<p class=\"p1\"><span style=\"font-size: 14pt;\">Lo cierto es que como pol\u00edticos profesionales, estos personajes como Zenyazen Escobar y Jos\u00e9 Luis Lima Franco deber\u00e1n dejar de lado, depresiones, tristezas y posibles descalabros, pues se abre la oportunidad para garantizar continuidad de proyectos que a la larga pudieran ser capitalizados en diputaciones, senadur\u00edas, o cargos de elecci\u00f3n popular que le otorguen el fuero respectivo y necesario, y porque no, hasta repetir en sus carteras, donde hasta ahora no lo han hecho bastante bien.<\/span><\/p>\n<p class=\"p1\"><span style=\"font-size: 14pt;\">La l\u00ednea ya se dict\u00f3, quien quiera seguirla seguramente llegar\u00e1 lejos y con prudencia, podr\u00edan garantizar hasta una posible carrera por la Gubernatura en seis a\u00f1os.<\/span><\/p>\n<p>&nbsp;<\/p>\n<p class=\"p1\"><span style=\"font-size: 18pt;\"><strong>Al tiempo.<\/strong><\/span><\/p>\n<p>&nbsp;<\/p>\n<p class=\"p1\"><span style=\"font-size: 18pt;\"><strong>Correo: <a href=\"mailto:astrolabiopoliticomx@gmail.com\">astrolabiopoliticomx@gmail.com<\/a><\/strong><\/span><\/p>\n<p class=\"p1\"><span style=\"font-size: 18pt;\"><strong>Twitter: <a href=\"http:\/\/www.twitter.com\/LuisBaqueiro_mx\">@LuisBaqueiro_mx<\/a><\/strong><\/span><\/p>\n<p>&nbsp;<\/p>\n<p><span style=\"font-size: 18pt; color: #319eca;\"><em><strong>**Las columnas firmadas en este medio son responsabilidad de quienes las firman**<\/strong><\/em><\/span><\/p>\n<p>&nbsp;<\/p>\n<p>&nbsp;<\/p>\n<p>&nbsp;<\/p>\n<p>&nbsp;<\/p>\n<p class=\"p1\">\n","protected":false},"excerpt":{"rendered":"<p>&nbsp; Por Luis Ram\u00edrez Baqueiro &nbsp; \u201cNo hay otro camino para la madurez que aprender a soportar los golpes de<\/p>\n","protected":false},"author":4,"featured_media":4390,"comment_status":"closed","ping_status":"closed","sticky":false,"template":"","format":"standard","meta":{"colormag_page_container_layout":"default_layout","colormag_page_sidebar_layout":"default_layout","_jetpack_memberships_contains_paid_content":false,"footnotes":"","jetpack_publicize_message":"","jetpack_publicize_feature_enabled":true,"jetpack_social_post_already_shared":false,"jetpack_social_options":{"image_generator_settings":{"template":"highway","default_image_id":0,"font":"","enabled":false},"version":2}},"categories":[26],"tags":[],"class_list":["post-7666","post","type-post","status-publish","format-standard","has-post-thumbnail","hentry","category-columnistas"],"jetpack_publicize_connections":[],"jetpack_featured_media_url":"https:\/\/i0.wp.com\/politicosaldesnudo.com.mx\/wp-content\/uploads\/2022\/04\/LUIS-RAMI%CC%81REZ-BAQUEIRO.png?fit=1816%2C1016&ssl=1","jetpack-related-posts":[],"jetpack_sharing_enabled":true,"_links":{"self":[{"href":"https:\/\/politicosaldesnudo.com.mx\/index.php\/wp-json\/wp\/v2\/posts\/7666","targetHints":{"allow":["GET"]}}],"collection":[{"href":"https:\/\/politicosaldesnudo.com.mx\/index.php\/wp-json\/wp\/v2\/posts"}],"about":[{"href":"https:\/\/politicosaldesnudo.com.mx\/index.php\/wp-json\/wp\/v2\/types\/post"}],"author":[{"embeddable":true,"href":"https:\/\/politicosaldesnudo.com.mx\/index.php\/wp-json\/wp\/v2\/users\/4"}],"replies":[{"embeddable":true,"href":"https:\/\/politicosaldesnudo.com.mx\/index.php\/wp-json\/wp\/v2\/comments?post=7666"}],"version-history":[{"count":0,"href":"https:\/\/politicosaldesnudo.com.mx\/index.php\/wp-json\/wp\/v2\/posts\/7666\/revisions"}],"wp:featuredmedia":[{"embeddable":true,"href":"https:\/\/politicosaldesnudo.com.mx\/index.php\/wp-json\/wp\/v2\/media\/4390"}],"wp:attachment":[{"href":"https:\/\/politicosaldesnudo.com.mx\/index.php\/wp-json\/wp\/v2\/media?parent=7666"}],"wp:term":[{"taxonomy":"category","embeddable":true,"href":"https:\/\/politicosaldesnudo.com.mx\/index.php\/wp-json\/wp\/v2\/categories?post=7666"},{"taxonomy":"post_tag","embeddable":true,"href":"https:\/\/politicosaldesnudo.com.mx\/index.php\/wp-json\/wp\/v2\/tags?post=7666"}],"curies":[{"name":"wp","href":"https:\/\/api.w.org\/{rel}","templated":true}]}}