{"id":7670,"date":"2022-07-12T07:47:37","date_gmt":"2022-07-12T12:47:37","guid":{"rendered":"https:\/\/politicosaldesnudo.com.mx\/?p=7670"},"modified":"2022-07-12T07:49:13","modified_gmt":"2022-07-12T12:49:13","slug":"instruccion-presidencial-dar-una-sacudida-al-sistema-del-aicm","status":"publish","type":"post","link":"https:\/\/politicosaldesnudo.com.mx\/index.php\/2022\/07\/12\/instruccion-presidencial-dar-una-sacudida-al-sistema-del-aicm\/","title":{"rendered":"Instrucci\u00f3n presidencial: \u201cDar una sacudida\u201d al sistema del AICM"},"content":{"rendered":"<p>&nbsp;<\/p>\n<p class=\"p1\"><span style=\"font-size: 18pt;\"><strong>Por Jorge Evia Ram\u00edrez<\/strong><\/span><\/p>\n<p class=\"p1\"><span style=\"font-size: 18pt;\"><strong>Con la llegada del Vicealmirante Carlos Ignacio Vel\u00e1zquez Tiscare\u00f1o a la Direcci\u00f3n General del Aeropuerto Internacional \u201cBenito Ju\u00e1rez\u201d de la Ciudad de Mexico, Andr\u00e9s Manuel L\u00f3pez Obrador pretende \u201cdar una sacudida\u201d al sistema de administraci\u00f3n aeroportuaria y terminar con viejas practicas que afectan a los usuarios del aer\u00f3dromo capitalino.<\/strong><\/span><\/p>\n<p class=\"p1\"><span style=\"font-size: 14pt;\">Si tomamos en cuenta que el significado de la palabra \u201csacudir\u201d, es mover, golpear o agitar algo con el fin de limpiarlo o sacarle el polvo; los retos para el Vicealmirante retirado dentro del Aeropuerto Internacional de la Ciudad de M\u00e9xico son muchos, pero algunos requieren de atenci\u00f3n urgente y resoluci\u00f3n inmediata.<\/span><\/p>\n<p class=\"p1\"><span style=\"font-size: 18pt;\"><strong>La condici\u00f3n de marino de Carlos Ignacio Vel\u00e1zquez Tiscare\u00f1o, le da la ventaja por formaci\u00f3n para vigilar al AICM y buscar los obst\u00e1culos en la trayectoria de su administraci\u00f3n. Como Piloto Aeronoval, cuenta con los conocimientos necesarios para operar la aeronave con matr\u00edcula AICM y realizar cualquier tipo de acci\u00f3n para mantener en el aire su incipiente gesti\u00f3n con destino a la Cuarta Transformaci\u00f3n y aterrizar con \u00e9xito en el 2024.<\/strong><\/span><\/p>\n<p>&nbsp;<\/p>\n<p><img data-recalc-dims=\"1\" loading=\"lazy\" decoding=\"async\" class=\"aligncenter wp-image-7671 size-large\" src=\"https:\/\/i0.wp.com\/politicosaldesnudo.com.mx\/wp-content\/uploads\/2022\/07\/P-VICEALMIRATNTE-AICM-1024x573.png?resize=800%2C448&#038;ssl=1\" alt=\"\" width=\"800\" height=\"448\" srcset=\"https:\/\/i0.wp.com\/politicosaldesnudo.com.mx\/wp-content\/uploads\/2022\/07\/P-VICEALMIRATNTE-AICM.png?resize=1024%2C573&amp;ssl=1 1024w, https:\/\/i0.wp.com\/politicosaldesnudo.com.mx\/wp-content\/uploads\/2022\/07\/P-VICEALMIRATNTE-AICM.png?resize=300%2C168&amp;ssl=1 300w, https:\/\/i0.wp.com\/politicosaldesnudo.com.mx\/wp-content\/uploads\/2022\/07\/P-VICEALMIRATNTE-AICM.png?resize=768%2C430&amp;ssl=1 768w, https:\/\/i0.wp.com\/politicosaldesnudo.com.mx\/wp-content\/uploads\/2022\/07\/P-VICEALMIRATNTE-AICM.png?resize=1536%2C859&amp;ssl=1 1536w, https:\/\/i0.wp.com\/politicosaldesnudo.com.mx\/wp-content\/uploads\/2022\/07\/P-VICEALMIRATNTE-AICM.png?w=1816&amp;ssl=1 1816w, https:\/\/i0.wp.com\/politicosaldesnudo.com.mx\/wp-content\/uploads\/2022\/07\/P-VICEALMIRATNTE-AICM.png?w=1600&amp;ssl=1 1600w\" sizes=\"auto, (max-width: 800px) 100vw, 800px\" \/><\/p>\n<p>&nbsp;<\/p>\n<p class=\"p1\"><span style=\"font-size: 14pt;\">Vel\u00e1zquez Tiscare\u00f1o al contar dentro de su formaci\u00f3n acad\u00e9mica con Maestr\u00edas en Administraci\u00f3n Naval y otra de Planificaci\u00f3n y Seguridad Nacional, no puede darse el lujo de pasar por alto que el operativo realizado en contra de los servicios de taxis de plataforma dentro del Aeropuerto Internacional de la Ciudad de M\u00e9xico fue ordenado por algunos mandos de la propia Marina adscritos al AICM a pesar de carecer de facultades para ello, en virtud de lo cual deber\u00e1 realizar cambios de inmediato en la Coordinadora de la Estrategia de Seguridad Aeroportuaria y la Unidad Naval de Protecci\u00f3n Aeroportuaria del AICM, as\u00ed como en la Subdirecci\u00f3n de Seguridad.<\/span><\/p>\n<p class=\"p1\"><span style=\"font-size: 18pt;\"><strong>De igual forma, el Vicealmirante Carlos Ignacio Vel\u00e1zquez Tiscare\u00f1o deber\u00e1<span class=\"Apple-converted-space\">\u00a0 <\/span>poner especial atenci\u00f3n en el bloqueo de acceso a las terminales 1 y 2 del Aeropuerto Internacional de la Ciudad de M\u00e9xico realizado el pasado 24 de mayo del a\u00f1o en curso, en el cual participaron permisionarios, operadores y\/o empleados de las agrupaciones Porto Taxi, Nueva Imagen, Yellow Cab y Taxis agremiados para el servicio de transportaci\u00f3n terrestre Sitio 300; as\u00ed como integrantes y agremiados del Movimiento Nacional Transportista y algunas personas ajenas al Aer\u00f3dromo.<\/strong><\/span><\/p>\n<p class=\"p1\"><span style=\"font-size: 14pt;\">Ojal\u00e1 y en las diversas reuniones de entrega \u2013 recepci\u00f3n de la Direcci\u00f3n General del AICM, el Ingeniero Carlos Alfonso Mor\u00e1n<span class=\"Apple-converted-space\">\u00a0 <\/span>Moguel informe a Carlos Ignacio Vel\u00e1zquez Tiscare\u00f1o que se encuentran en curso una denuncia ante la Fiscal\u00eda General de la Rep\u00fablica por el delito de<span class=\"Apple-converted-space\">\u00a0<\/span><\/span><span style=\"font-size: 14pt;\">ataque a las v\u00edas generaciones de comunicaci\u00f3n previsto en el Art\u00edculo 533 de la Ley General de V\u00edas Generales de Comunicaci\u00f3n, as\u00ed como en los numerales 165 y 167 Fracci\u00f3n III, T\u00edtulo Quinto \u201cDelitos en Materia de V\u00edas de Comunicaci\u00f3n y Correspondencia\u201d del C\u00f3digo Penal Federal en agravio del Aeropuerto Internacional de la Ciudad de M\u00e9xico.<\/span><\/p>\n<p class=\"p1\"><span style=\"font-size: 14pt;\">De igual forma, el Ingeniero Mor\u00e1n Moguel deber\u00e1 de hacer del conocimiento del nuevo Director General del AICM que durante su gesti\u00f3n se iniciaron los procedimientos ante la Direcci\u00f3n Ejecutiva de Asuntos Jur\u00eddicos de la Direcci\u00f3n General del Autotransporte Federal de la Secretar\u00eda de Infraestructura, Comunicaciones y Transportes la revocaci\u00f3n de permisos de las unidades que participaron en el cierre del Aeropuerto Internacional de la Ciudad de M\u00e9xico, tomando en consideraci\u00f3n las causales previstas en la Ley de Caminos, Puentes y Autotransporte Federal.<\/span><\/p>\n<p>&nbsp;<\/p>\n<p class=\"p1\"><span style=\"font-size: 18pt;\"><strong>El listado de retos del nuevo Director General del AICM, continuar\u00e1 en una pr\u00f3xima colaboraci\u00f3n.<\/strong><\/span><\/p>\n<p>&nbsp;<\/p>\n<p>&nbsp;<\/p>\n<p class=\"p1\"><span style=\"font-size: 18pt;\"><strong>Twitter<span class=\"s1\">: <a href=\"https:\/\/twitter.com\/eviaram\"><span class=\"s2\">@EVIARAM<\/span><\/a><\/span><\/strong><\/span><\/p>\n<p>&nbsp;<\/p>\n<p><span style=\"font-size: 18pt; color: #319eca;\"><em><strong>**Las columnas firmadas en este medio son responsabilidad de quienes las firman**<\/strong><\/em><\/span><\/p>\n<p>&nbsp;<\/p>\n<p>&nbsp;<\/p>\n<p>&nbsp;<\/p>\n<p>&nbsp;<\/p>\n","protected":false},"excerpt":{"rendered":"<p>&nbsp; Por Jorge Evia Ram\u00edrez Con la llegada del Vicealmirante Carlos Ignacio Vel\u00e1zquez Tiscare\u00f1o a la Direcci\u00f3n General del Aeropuerto<\/p>\n","protected":false},"author":4,"featured_media":1410,"comment_status":"closed","ping_status":"closed","sticky":false,"template":"","format":"standard","meta":{"colormag_page_container_layout":"default_layout","colormag_page_sidebar_layout":"default_layout","_jetpack_memberships_contains_paid_content":false,"footnotes":"","jetpack_publicize_message":"","jetpack_publicize_feature_enabled":true,"jetpack_social_post_already_shared":false,"jetpack_social_options":{"image_generator_settings":{"template":"highway","default_image_id":0,"font":"","enabled":false},"version":2}},"categories":[26],"tags":[914,95,1124,42],"class_list":["post-7670","post","type-post","status-publish","format-standard","has-post-thumbnail","hentry","category-columnistas","tag-aicm","tag-andres-manuel-lopez-obrador","tag-carlos-ignacio-velasquez-tiscareno","tag-mexico"],"jetpack_publicize_connections":[],"jetpack_featured_media_url":"https:\/\/i0.wp.com\/politicosaldesnudo.com.mx\/wp-content\/uploads\/2022\/01\/JORGE-EVIA1.png?fit=1816%2C1016&ssl=1","jetpack-related-posts":[],"jetpack_sharing_enabled":true,"_links":{"self":[{"href":"https:\/\/politicosaldesnudo.com.mx\/index.php\/wp-json\/wp\/v2\/posts\/7670","targetHints":{"allow":["GET"]}}],"collection":[{"href":"https:\/\/politicosaldesnudo.com.mx\/index.php\/wp-json\/wp\/v2\/posts"}],"about":[{"href":"https:\/\/politicosaldesnudo.com.mx\/index.php\/wp-json\/wp\/v2\/types\/post"}],"author":[{"embeddable":true,"href":"https:\/\/politicosaldesnudo.com.mx\/index.php\/wp-json\/wp\/v2\/users\/4"}],"replies":[{"embeddable":true,"href":"https:\/\/politicosaldesnudo.com.mx\/index.php\/wp-json\/wp\/v2\/comments?post=7670"}],"version-history":[{"count":0,"href":"https:\/\/politicosaldesnudo.com.mx\/index.php\/wp-json\/wp\/v2\/posts\/7670\/revisions"}],"wp:featuredmedia":[{"embeddable":true,"href":"https:\/\/politicosaldesnudo.com.mx\/index.php\/wp-json\/wp\/v2\/media\/1410"}],"wp:attachment":[{"href":"https:\/\/politicosaldesnudo.com.mx\/index.php\/wp-json\/wp\/v2\/media?parent=7670"}],"wp:term":[{"taxonomy":"category","embeddable":true,"href":"https:\/\/politicosaldesnudo.com.mx\/index.php\/wp-json\/wp\/v2\/categories?post=7670"},{"taxonomy":"post_tag","embeddable":true,"href":"https:\/\/politicosaldesnudo.com.mx\/index.php\/wp-json\/wp\/v2\/tags?post=7670"}],"curies":[{"name":"wp","href":"https:\/\/api.w.org\/{rel}","templated":true}]}}