{"id":7692,"date":"2022-07-12T16:24:03","date_gmt":"2022-07-12T21:24:03","guid":{"rendered":"https:\/\/politicosaldesnudo.com.mx\/?p=7692"},"modified":"2022-07-12T16:37:16","modified_gmt":"2022-07-12T21:37:16","slug":"amlo-en-la-casa-blanca-presenta-propuesta-de-cooperacion-bilateral-mexico-eu","status":"publish","type":"post","link":"https:\/\/politicosaldesnudo.com.mx\/index.php\/2022\/07\/12\/amlo-en-la-casa-blanca-presenta-propuesta-de-cooperacion-bilateral-mexico-eu\/","title":{"rendered":"AMLO en la Casa Blanca, presenta propuesta de cooperaci\u00f3n bilateral M\u00e9xico-EU"},"content":{"rendered":"<p>&nbsp;<\/p>\n<p class=\"p2\"><span style=\"font-size: 14pt;\"><em><strong>WASHINGTON, EU.<\/strong><\/em> El presidente <strong>Andr\u00e9s Manuel L\u00f3pez Obrador<\/strong> se reuni\u00f3 con su hom\u00f3logo de Estados Unidos, <strong>Joe Biden<\/strong>, a quien <strong>present\u00f3 cinco medidas de cooperaci\u00f3n para hacer frente a la inflaci\u00f3n y al fen\u00f3meno migratorio e impulsar el desarrollo de ambas naciones.<\/strong><\/span><\/p>\n<blockquote>\n<p class=\"p2\"><span style=\"font-size: 14pt;\">S\u00e9 que sus adversarios, los conservadores, van a pegar el grito en el cielo, pero sin un programa atrevido de desarrollo y bienestar no ser\u00e1 posible resolver los problemas ni conseguir el apoyo del pueblo. Frente a la crisis, la salida no est\u00e1 en el conservadurismo sino en la transformaci\u00f3n. Actuar con arrojo, transformar, no mantener el statu quo\u201d<\/span><\/p>\n<\/blockquote>\n<p class=\"p2\"><span style=\"font-size: 18pt;\"><strong>Durante su visita oficial en Washington, el mandatario afirm\u00f3 que las circunstancias actuales, resultado de la pandemia de Covid19 y la guerra en Ucrania, demandan cerrar filas de cara a los desaf\u00edos globales.<\/strong><\/span><\/p>\n<blockquote>\n<p class=\"p2\"><span style=\"font-size: 14pt;\">Vengo a verle, presidente Biden, para expresarle en nombre del pueblo de M\u00e9xico la disposici\u00f3n a trabajar juntos en bien de nuestras naciones. Esta no ser\u00e1 la primera ni la \u00faltima ocasi\u00f3n en que cerremos filas para ayudarnos mutuamente. (\u2026) En muchas ocasiones hemos podido coincidir y trabajar como buenos amigos y verdaderos aliados\u201d<\/span><\/p>\n<\/blockquote>\n<p>&nbsp;<\/p>\n<p><img data-recalc-dims=\"1\" loading=\"lazy\" decoding=\"async\" class=\"aligncenter wp-image-7693 size-full\" src=\"https:\/\/i0.wp.com\/politicosaldesnudo.com.mx\/wp-content\/uploads\/2022\/07\/12-07-2022-VISITA-OFICIAL-DEL-PRESIDENTE-ANDRES-MANUEL-LOPEZ-OBRADOR-A-WASHINGTON-DC-MINI.jpeg?resize=800%2C273&#038;ssl=1\" alt=\"\" width=\"800\" height=\"273\" srcset=\"https:\/\/i0.wp.com\/politicosaldesnudo.com.mx\/wp-content\/uploads\/2022\/07\/12-07-2022-VISITA-OFICIAL-DEL-PRESIDENTE-ANDRES-MANUEL-LOPEZ-OBRADOR-A-WASHINGTON-DC-MINI.jpeg?w=1500&amp;ssl=1 1500w, https:\/\/i0.wp.com\/politicosaldesnudo.com.mx\/wp-content\/uploads\/2022\/07\/12-07-2022-VISITA-OFICIAL-DEL-PRESIDENTE-ANDRES-MANUEL-LOPEZ-OBRADOR-A-WASHINGTON-DC-MINI.jpeg?resize=300%2C102&amp;ssl=1 300w, https:\/\/i0.wp.com\/politicosaldesnudo.com.mx\/wp-content\/uploads\/2022\/07\/12-07-2022-VISITA-OFICIAL-DEL-PRESIDENTE-ANDRES-MANUEL-LOPEZ-OBRADOR-A-WASHINGTON-DC-MINI.jpeg?resize=1024%2C349&amp;ssl=1 1024w, https:\/\/i0.wp.com\/politicosaldesnudo.com.mx\/wp-content\/uploads\/2022\/07\/12-07-2022-VISITA-OFICIAL-DEL-PRESIDENTE-ANDRES-MANUEL-LOPEZ-OBRADOR-A-WASHINGTON-DC-MINI.jpeg?resize=768%2C262&amp;ssl=1 768w\" sizes=\"auto, (max-width: 800px) 100vw, 800px\" \/><\/p>\n<p>&nbsp;<\/p>\n<p class=\"p2\"><span style=\"font-size: 18pt; color: #319eca;\"><strong>ABASTO DE GASOLINA<span class=\"Apple-converted-space\">\u00a0<\/span><\/strong><\/span><\/p>\n<p class=\"p2\"><span style=\"font-size: 14pt;\">En primer lugar, dijo, Pemex podr\u00eda incrementar de manera inmediata sus inventarios, es decir, garantizar al doble el abasto de gasolina regular en las gasolineras de ciudades fronterizas en las que se abastecen automovilistas de Estados Unidos debido a que al d\u00eda de hoy un gal\u00f3n de cuesta 4.78 d\u00f3lares en promedio en ese pa\u00eds y 3 d\u00f3lares con 12 centavos en M\u00e9xico.<\/span><\/p>\n<blockquote>\n<p class=\"p2\"><span style=\"font-size: 14pt;\">Ser\u00eda un considerable apoyo. (\u2026) Quiero aclarar algo y aprovechar para agradecerle. La mayor parte de esta gasolina la estamos produciendo en la refiner\u00eda de Pemex, que usted nos permiti\u00f3 comprar en Deer Park, Texas\u201d<\/span><\/p>\n<\/blockquote>\n<p class=\"p2\"><span style=\"font-size: 18pt;\"><strong>Record\u00f3 que, desde el inicio de la crisis energ\u00e9tica, M\u00e9xico ha destinado 72 por ciento de su producci\u00f3n de petr\u00f3leo crudo y combust\u00f3leo de exportaci\u00f3n a las refiner\u00edas del pa\u00eds vecino.<\/strong><\/span><\/p>\n<p class=\"p2\"><span style=\"font-size: 18pt;\"><strong>Dentro de la propuesta, el jefe del Ejecutivo puso a disposici\u00f3n m\u00e1s de mil kil\u00f3metros de gasoductos a lo largo de la frontera sur con M\u00e9xico para transportar gas de Texas a Nuevo M\u00e9xico, Arizona y California por un volumen capaz de generar hasta 750 megawatts de energ\u00eda el\u00e9ctrica y abastecer a tres millones de personas aproximadamente.<\/strong><\/span><\/p>\n<p>&nbsp;<\/p>\n<p class=\"p2\"><span style=\"font-size: 18pt; color: #319eca;\"><strong>SUSPENSI\u00d3N DE ARANCELES<span class=\"Apple-converted-space\">\u00a0<\/span><\/strong><\/span><\/p>\n<p class=\"p2\"><span style=\"font-size: 14pt;\">Tambi\u00e9n plante\u00f3 ampliar la suspensi\u00f3n de aranceles para reducir precios de alimentos y bienes, lo que fortalecer\u00eda los avances obtenidos a partir de la renovaci\u00f3n del Tratado de Libre Comercio con Estados Unidos y Canad\u00e1.<\/span><\/p>\n<blockquote>\n<p class=\"p2\"><span style=\"font-size: 14pt;\">Existen algunos otros que podr\u00edan suspenderse de inmediato y hacer lo mismo con medidas reglamentarias y tr\u00e1mites tediosos en comercio de alimentos y otros bienes que aminoren los precios a los consumidores en nuestros pa\u00edses\u201d<\/span><\/p>\n<\/blockquote>\n<p>&nbsp;<\/p>\n<p><img data-recalc-dims=\"1\" loading=\"lazy\" decoding=\"async\" class=\"aligncenter wp-image-7695 size-large\" src=\"https:\/\/i0.wp.com\/politicosaldesnudo.com.mx\/wp-content\/uploads\/2022\/07\/P-AMLO-BIDEN2-1024x573.png?resize=800%2C448&#038;ssl=1\" alt=\"\" width=\"800\" height=\"448\" srcset=\"https:\/\/i0.wp.com\/politicosaldesnudo.com.mx\/wp-content\/uploads\/2022\/07\/P-AMLO-BIDEN2.png?resize=1024%2C573&amp;ssl=1 1024w, https:\/\/i0.wp.com\/politicosaldesnudo.com.mx\/wp-content\/uploads\/2022\/07\/P-AMLO-BIDEN2.png?resize=300%2C168&amp;ssl=1 300w, https:\/\/i0.wp.com\/politicosaldesnudo.com.mx\/wp-content\/uploads\/2022\/07\/P-AMLO-BIDEN2.png?resize=768%2C430&amp;ssl=1 768w, https:\/\/i0.wp.com\/politicosaldesnudo.com.mx\/wp-content\/uploads\/2022\/07\/P-AMLO-BIDEN2.png?resize=1536%2C859&amp;ssl=1 1536w, https:\/\/i0.wp.com\/politicosaldesnudo.com.mx\/wp-content\/uploads\/2022\/07\/P-AMLO-BIDEN2.png?w=1816&amp;ssl=1 1816w, https:\/\/i0.wp.com\/politicosaldesnudo.com.mx\/wp-content\/uploads\/2022\/07\/P-AMLO-BIDEN2.png?w=1600&amp;ssl=1 1600w\" sizes=\"auto, (max-width: 800px) 100vw, 800px\" \/><\/p>\n<p>&nbsp;<\/p>\n<p class=\"p2\"><span style=\"color: #319eca; font-size: 18pt;\"><strong>INVERSI\u00d3N PRIVADA-P\u00daBLICA<span class=\"Apple-converted-space\">\u00a0<\/span><\/strong><\/span><\/p>\n<p class=\"p2\"><span style=\"font-size: 14pt;\">Como cuarto punto, el presidente L\u00f3pez Obrador indic\u00f3 que es posible implementar un plan de inversi\u00f3n privada y p\u00fablica entre los dos pa\u00edses para producir bienes que fortalezcan los mercados y eviten importaciones de otras regiones o continentes.<\/span><\/p>\n<blockquote>\n<p class=\"p2\"><span style=\"font-size: 14pt;\">En nuestro pa\u00eds seguiremos produciendo petr\u00f3leo, en tanto se consuma la transici\u00f3n energ\u00e9tica; se establecer\u00e1n plantas de licuefacci\u00f3n de gas y de fertilizantes y se continuar\u00e1 impulsando la creaci\u00f3n de parques solares en Sonora y otros estados fronterizos con el respaldo de termoel\u00e9ctricas y el tendido de l\u00edneas de transmisi\u00f3n para producir nuestra energ\u00eda y exportar a estados vecinos de la Uni\u00f3n Americana como Texas, Nuevo M\u00e9xico, Arizona y California\u201d<\/span><\/p>\n<\/blockquote>\n<p>&nbsp;<\/p>\n<p class=\"p2\"><span style=\"font-size: 18pt; color: #319eca;\"><strong>NACIONALIZACI\u00d3N DEL LITIO<\/strong><\/span><\/p>\n<p class=\"p2\"><span style=\"font-size: 14pt;\">Destac\u00f3 que hace dos meses, en un acto de defensa de la soberan\u00eda, se nacionaliz\u00f3 el litio, insumo fundamental en la modernizaci\u00f3n tecnol\u00f3gica de la industria automotriz de los pa\u00edses del Tratado de Am\u00e9rica del Norte.<\/span><\/p>\n<p class=\"p2\"><span style=\"font-size: 14pt;\">El jefe del Ejecutivo se refiri\u00f3 a la regularizaci\u00f3n del fen\u00f3meno migratorio como el quinto planteamiento del presidente L\u00f3pez Obrador. Propuso otorgar visas temporales de empleo y legalizar la estancia de quienes viven en aquel pa\u00eds.<\/span><\/p>\n<blockquote>\n<p class=\"p2\"><span style=\"font-size: 14pt;\">Ordenar el flujo migratorio y permitir la llegada a Estados Unidos de obreros, t\u00e9cnicos y profesionales de las distintas disciplinas, mexicanos y centroamericanos con visas temporales de trabajo para asegurar que no se paralice la econom\u00eda por falta de mano de obra y talento\u201d<\/span><\/p>\n<\/blockquote>\n<p class=\"p2\"><span style=\"font-size: 18pt;\"><strong>El objetivo, dijo, es contar con la fuerza de trabajo que necesitar\u00e1 el plan de destinar un bill\u00f3n de d\u00f3lares para la construcci\u00f3n de obras de infraestructura en Estados Unidos, propuesta de su hom\u00f3logo.<\/strong><\/span><\/p>\n<p class=\"p2\"><span style=\"font-size: 14pt;\">Remarc\u00f3 en la urgencia de dar certidumbre a los migrantes que, desde hace a\u00f1os, viven, trabajan y contribuyen a la capacidad productiva de la naci\u00f3n norteamericana.<\/span><\/p>\n<blockquote>\n<p class=\"p2\"><span style=\"font-size: 14pt;\">Por nuestra parte, actuamos de buena fe y con toda transparencia porque no debe haber ego\u00edsmos entre pueblos vecinos y amigos; adem\u00e1s, integraci\u00f3n no significa hegemon\u00eda ni sometimiento, y a usted, presidente Biden, le tenemos confianza porque respeta nuestra soberan\u00eda. Estamos dispuestos a seguir trabajando con usted en beneficio de nuestros pueblos. Cuente siempre con nuestro apoyo y solidaridad\u201d<\/span><\/p>\n<\/blockquote>\n<p>&nbsp;<\/p>\n<p><img data-recalc-dims=\"1\" loading=\"lazy\" decoding=\"async\" class=\"aligncenter wp-image-7696 size-large\" src=\"https:\/\/i0.wp.com\/politicosaldesnudo.com.mx\/wp-content\/uploads\/2022\/07\/P-AMLO-BIDEN3-1024x573.png?resize=800%2C448&#038;ssl=1\" alt=\"\" width=\"800\" height=\"448\" srcset=\"https:\/\/i0.wp.com\/politicosaldesnudo.com.mx\/wp-content\/uploads\/2022\/07\/P-AMLO-BIDEN3.png?resize=1024%2C573&amp;ssl=1 1024w, https:\/\/i0.wp.com\/politicosaldesnudo.com.mx\/wp-content\/uploads\/2022\/07\/P-AMLO-BIDEN3.png?resize=300%2C168&amp;ssl=1 300w, https:\/\/i0.wp.com\/politicosaldesnudo.com.mx\/wp-content\/uploads\/2022\/07\/P-AMLO-BIDEN3.png?resize=768%2C430&amp;ssl=1 768w, https:\/\/i0.wp.com\/politicosaldesnudo.com.mx\/wp-content\/uploads\/2022\/07\/P-AMLO-BIDEN3.png?resize=1536%2C859&amp;ssl=1 1536w, https:\/\/i0.wp.com\/politicosaldesnudo.com.mx\/wp-content\/uploads\/2022\/07\/P-AMLO-BIDEN3.png?w=1816&amp;ssl=1 1816w, https:\/\/i0.wp.com\/politicosaldesnudo.com.mx\/wp-content\/uploads\/2022\/07\/P-AMLO-BIDEN3.png?w=1600&amp;ssl=1 1600w\" sizes=\"auto, (max-width: 800px) 100vw, 800px\" \/><\/p>\n<p>&nbsp;<\/p>\n<p class=\"p2\"><span style=\"color: #319eca; font-size: 18pt;\"><strong>BIDEN Y SUS LAZOS DE AMISTAD<\/strong><\/span><\/p>\n<p class=\"p2\"><span style=\"font-size: 18pt;\"><strong>El presidente Joe Biden reconoci\u00f3 que Estados Unidos y M\u00e9xico comparten lazos de amistad y valores s\u00f3lidos para lograr objetivos en com\u00fan.<\/strong><\/span><\/p>\n<blockquote>\n<p class=\"p2\"><span style=\"font-size: 14pt;\">Nosotros llegamos a niveles hist\u00f3ricos en los \u00faltimos cinco a\u00f1os en la emisi\u00f3n de visas a centroamericanos y estamos en un ritmo que nos va a permitir duplicar la cantidad de visas en el pr\u00f3ximo ejercicio. Gracias, presidente, porque ustedes tambi\u00e9n est\u00e1n emitiendo m\u00e1s visas de trabajo en M\u00e9xico para centroamericanos\u201d<\/span><\/p>\n<\/blockquote>\n<p class=\"p2\"><span style=\"font-size: 18pt;\"><strong>Inform\u00f3 que su gobierno colaborar\u00e1 en la erradicaci\u00f3n de la trata de personas y el tr\u00e1fico de drogas y armas.<\/strong><\/span><\/p>\n<p class=\"p2\"><span style=\"font-size: 14pt;\">Este d\u00eda, previo al encuentro, el presidente de M\u00e9xico tuvo un desayuno de trabajo con la vicepresidenta Kamala Harris. Como parte de la agenda de su gira visitar\u00e1 el Memorial a Franklin Delano Roosevelt y el Monumento Conmemorativo Nacional de Martin Luther King Jr.<\/span><\/p>\n<p>&nbsp;<\/p>\n<p>&nbsp;<\/p>\n<p>&nbsp;<\/p>\n<p>&nbsp;<\/p>\n<p>&nbsp;<\/p>\n<p>&nbsp;<\/p>\n","protected":false},"excerpt":{"rendered":"<p>&nbsp; WASHINGTON, EU. El presidente Andr\u00e9s Manuel L\u00f3pez Obrador se reuni\u00f3 con su hom\u00f3logo de Estados Unidos, Joe Biden, a<\/p>\n","protected":false},"author":4,"featured_media":7694,"comment_status":"closed","ping_status":"closed","sticky":false,"template":"","format":"standard","meta":{"colormag_page_container_layout":"default_layout","colormag_page_sidebar_layout":"default_layout","_jetpack_memberships_contains_paid_content":false,"footnotes":"","jetpack_publicize_message":"","jetpack_publicize_feature_enabled":true,"jetpack_social_post_already_shared":false,"jetpack_social_options":{"image_generator_settings":{"template":"highway","default_image_id":0,"font":"","enabled":false},"version":2}},"categories":[33],"tags":[95,700,269,47,81,42,481],"class_list":["post-7692","post","type-post","status-publish","format-standard","has-post-thumbnail","hentry","category-nacional","tag-andres-manuel-lopez-obrador","tag-casa-blanca","tag-estados-unidos","tag-inflacion","tag-joe-biden","tag-mexico","tag-migracion"],"jetpack_publicize_connections":[],"jetpack_featured_media_url":"https:\/\/i0.wp.com\/politicosaldesnudo.com.mx\/wp-content\/uploads\/2022\/07\/P-AMLO-BIDEN1.png?fit=1816%2C1016&ssl=1","jetpack-related-posts":[],"jetpack_sharing_enabled":true,"_links":{"self":[{"href":"https:\/\/politicosaldesnudo.com.mx\/index.php\/wp-json\/wp\/v2\/posts\/7692","targetHints":{"allow":["GET"]}}],"collection":[{"href":"https:\/\/politicosaldesnudo.com.mx\/index.php\/wp-json\/wp\/v2\/posts"}],"about":[{"href":"https:\/\/politicosaldesnudo.com.mx\/index.php\/wp-json\/wp\/v2\/types\/post"}],"author":[{"embeddable":true,"href":"https:\/\/politicosaldesnudo.com.mx\/index.php\/wp-json\/wp\/v2\/users\/4"}],"replies":[{"embeddable":true,"href":"https:\/\/politicosaldesnudo.com.mx\/index.php\/wp-json\/wp\/v2\/comments?post=7692"}],"version-history":[{"count":0,"href":"https:\/\/politicosaldesnudo.com.mx\/index.php\/wp-json\/wp\/v2\/posts\/7692\/revisions"}],"wp:featuredmedia":[{"embeddable":true,"href":"https:\/\/politicosaldesnudo.com.mx\/index.php\/wp-json\/wp\/v2\/media\/7694"}],"wp:attachment":[{"href":"https:\/\/politicosaldesnudo.com.mx\/index.php\/wp-json\/wp\/v2\/media?parent=7692"}],"wp:term":[{"taxonomy":"category","embeddable":true,"href":"https:\/\/politicosaldesnudo.com.mx\/index.php\/wp-json\/wp\/v2\/categories?post=7692"},{"taxonomy":"post_tag","embeddable":true,"href":"https:\/\/politicosaldesnudo.com.mx\/index.php\/wp-json\/wp\/v2\/tags?post=7692"}],"curies":[{"name":"wp","href":"https:\/\/api.w.org\/{rel}","templated":true}]}}