{"id":7735,"date":"2022-07-13T16:26:23","date_gmt":"2022-07-13T21:26:23","guid":{"rendered":"https:\/\/politicosaldesnudo.com.mx\/?p=7735"},"modified":"2022-07-13T16:26:53","modified_gmt":"2022-07-13T21:26:53","slug":"las-caritas-sonrientes","status":"publish","type":"post","link":"https:\/\/politicosaldesnudo.com.mx\/index.php\/2022\/07\/13\/las-caritas-sonrientes\/","title":{"rendered":"Las Caritas Sonrientes"},"content":{"rendered":"<p>&nbsp;<\/p>\n<p class=\"p1\"><span style=\"font-size: 18pt;\"><strong>&lt;&lt; Son la figura m\u00e1s representativa de la cultura veracruzana &gt;&gt;<\/strong><\/span><\/p>\n<p class=\"p1\"><span style=\"font-size: 18pt;\"><strong>&lt;&lt; Br\u00edgido Lara afirm\u00f3 haber creado 40 mil piezas de arte prehisp\u00e1nico &gt;&gt;<\/strong><\/span><\/p>\n<p class=\"p1\"><span style=\"font-size: 18pt;\"><strong>&lt;&lt; Se continua con la tradici\u00f3n de elaborar las esculturas que son todo un arte &gt;&gt;<\/strong><\/span><\/p>\n<p>&nbsp;<\/p>\n<p class=\"p1\"><span style=\"font-size: 18pt;\"><strong>Por Miguel \u00c1ngel Cristiani Gonz\u00e1lez<\/strong><\/span><\/p>\n<p class=\"p1\"><span style=\"font-size: 14pt;\">Las llamadas Caritas Sonrientes son la figura m\u00e1s representativa de la cultura veracruzana, porque muestran toda una filosof\u00eda de vida, desde tiempos ancestrales hasta nuestros d\u00edas.<\/span><\/p>\n<p class=\"p1\"><span style=\"font-size: 14pt;\">Adem\u00e1s de que las Caritas Sonrientes son \u00fanicas, porque en ninguna otra cultura prehisp\u00e1nica se han encontrado figuras semejantes en todo el mundo.<\/span><\/p>\n<p class=\"p1\"><span style=\"font-size: 14pt;\">Son la mejor expresi\u00f3n de una forma de vida.<\/span><\/p>\n<p class=\"p1\"><span style=\"font-size: 14pt;\">Sabedores de que una sonrisa alegra el alma, los huastecos del norte de Veracruz las crearon como parte de su idiosincrasia.<\/span><\/p>\n<p>&nbsp;<\/p>\n<p><img data-recalc-dims=\"1\" loading=\"lazy\" decoding=\"async\" class=\"aligncenter wp-image-7736 size-large\" src=\"https:\/\/i0.wp.com\/politicosaldesnudo.com.mx\/wp-content\/uploads\/2022\/07\/P-CARAS-1024x573.png?resize=800%2C448&#038;ssl=1\" alt=\"\" width=\"800\" height=\"448\" srcset=\"https:\/\/i0.wp.com\/politicosaldesnudo.com.mx\/wp-content\/uploads\/2022\/07\/P-CARAS.png?resize=1024%2C573&amp;ssl=1 1024w, https:\/\/i0.wp.com\/politicosaldesnudo.com.mx\/wp-content\/uploads\/2022\/07\/P-CARAS.png?resize=300%2C168&amp;ssl=1 300w, https:\/\/i0.wp.com\/politicosaldesnudo.com.mx\/wp-content\/uploads\/2022\/07\/P-CARAS.png?resize=768%2C430&amp;ssl=1 768w, https:\/\/i0.wp.com\/politicosaldesnudo.com.mx\/wp-content\/uploads\/2022\/07\/P-CARAS.png?resize=1536%2C859&amp;ssl=1 1536w, https:\/\/i0.wp.com\/politicosaldesnudo.com.mx\/wp-content\/uploads\/2022\/07\/P-CARAS.png?w=1816&amp;ssl=1 1816w, https:\/\/i0.wp.com\/politicosaldesnudo.com.mx\/wp-content\/uploads\/2022\/07\/P-CARAS.png?w=1600&amp;ssl=1 1600w\" sizes=\"auto, (max-width: 800px) 100vw, 800px\" \/><\/p>\n<p>&nbsp;<\/p>\n<p class=\"p1\"><span style=\"font-size: 14pt;\">Son muchas y muy variadas las muestras de Caritas Sonrientes que han sido halladas en los rescates arqueol\u00f3gicos y en ocasiones hasta a flor del suelo.<\/span><\/p>\n<p class=\"p1\"><span style=\"font-size: 14pt;\">En el Museo de Antropolog\u00eda de Xalapa se pueden admirar una buena colecci\u00f3n de los rostros felices de los ni\u00f1os veracruzanos.<\/span><\/p>\n<p class=\"p1\"><span style=\"font-size: 14pt;\">Es famoso el caso del artista Br\u00edgido Lara, quien aseguro haber creado unas 40 mil piezas de cer\u00e1mica falsas, principalmente de la cultura totonaca.<\/span><\/p>\n<p class=\"p1\"><span style=\"font-size: 14pt;\">Recordamos que cuando el gobernador Agust\u00edn Acosta Lagunes construy\u00f3 el nuevo edificio del museo, compr\u00f3 muchas piezas en las comunidades donde se encontraban, pero tambi\u00e9n rescat\u00f3 del extranjero otras de colecciones particulares.<\/span><\/p>\n<p class=\"p1\"><span style=\"font-size: 14pt;\">Incluso cuando le mostraron a Br\u00edgido Lara una pieza que iba a ser adquirida en una prestigiada casa de remates en Nueva York, les advirti\u00f3 con orgullo: esa pieza no es original. \u00a1\u00bfc\u00f3mo que no es verdadera?! Y les respondi\u00f3: \u201cporque yo la hice\u201d.<\/span><\/p>\n<p class=\"p1\"><span style=\"font-size: 14pt;\">De esa calidad son las obras del artista veracruzano.<\/span><\/p>\n<p class=\"p1\"><span style=\"font-size: 14pt;\">Lara vend\u00eda sus obras como genuinas antig\u00fcedades mexicanas; los compradores no hac\u00edan muchas preguntas al respecto, ya que estaban comprando contrabando -sacar antig\u00fcedades de M\u00e9xico es ilegal-. Algunas de sus obras fueron vendidas a la Colecci\u00f3n Morton D. May y al Museo Metropolitano de Arte, siendo fechadas entre 400-700 D.C. y atribuidas a la Cultura Remojadas de Veracruz.<\/span><\/p>\n<p class=\"p1\"><span style=\"font-size: 14pt;\">En 1971, el Museo de Historia Natural del Condado de Los \u00c1ngeles present\u00f3 una gran exposici\u00f3n llamada \u00abArte del antiguo Veracruz\u00bb &#8211; M\u00e1s tarde, Lara reconoci\u00f3 varias de las piezas expuestas como obras suyas.<\/span><\/p>\n<p class=\"p1\"><span style=\"font-size: 14pt;\">En julio de 1974, la polic\u00eda arrest\u00f3 un grupo de posibles traficantes de antig\u00fcedades, Br\u00edgido Lara estaba entre ellos. Un experto en antig\u00fcedades declar\u00f3 las falsificaciones de Lara como aut\u00e9nticas. En la c\u00e1rcel, Lara pidi\u00f3 arcilla y para probar su inocencia, cre\u00f3 los mismos artefactos por los cuales era acusado de traficarlos. El mismo experto en antig\u00fcedades los declar\u00f3 aut\u00e9nticos. Lara fue liberado en enero de 1975. M\u00e1s tarde, el Museo de Antropolog\u00eda de Xalapa contrat\u00f3 a Lara como restaurador y para reconocer falsificaciones.<\/span><\/p>\n<p class=\"p1\"><span style=\"font-size: 14pt;\">Por fortuna, en la actualidad, el licenciado en artes pl\u00e1sticas Daneskiu Dom\u00ednguez Mel\u00e9ndez sigue con la creaci\u00f3n de las famosas Caritas Sonrientes, con la misma t\u00e9cnica original de modelado directo en barro de terracota.<\/span><\/p>\n<p class=\"p1\"><span style=\"font-size: 14pt;\">Agradecemos a la A.C. Por la Dignificaci\u00f3n del Ser Humano, que encabezan Tom\u00e1s Hern\u00e1ndez Landa, el profesor Oscar Ignacio Garc\u00eda Rodr\u00edguez, profesor Raymundo Flores Hern\u00e1ndez y el profesor Everardo Garc\u00eda Mata el que nos hayan distinguido con un ejemplar de una de esas Caritas Sonrientes, que como es natural es para nosotros un preciado trofeo que nos acompa\u00f1ar\u00e1 en nuestro estudio de trabajo.<\/span><\/p>\n<p>&nbsp;<\/p>\n<p>&nbsp;<\/p>\n<p class=\"p1\"><span style=\"font-size: 18pt;\"><strong>Cont\u00e1ctanos en nuestras redes sociales:<\/strong><\/span><\/p>\n<p class=\"p1\"><span style=\"font-size: 18pt;\"><strong><a href=\"https:\/\/www.canva.com\/design\/DAEN5B9DWgs\/ZCHd2Z8KueYjlg_d59Op3A\/view\">https:\/\/www.canva.com\/design\/DAEN5B9DWgs\/ZCHd2Z8KueYjlg_d59Op3A\/view<\/a><\/strong><\/span><\/p>\n<p>&nbsp;<\/p>\n<p><span style=\"font-size: 18pt; color: #319eca;\"><em><strong>**Las columnas firmadas en este medio son responsabilidad de quienes las firman**<\/strong><\/em><\/span><\/p>\n<p class=\"p1\">\n","protected":false},"excerpt":{"rendered":"<p>&nbsp; &lt;&lt; Son la figura m\u00e1s representativa de la cultura veracruzana &gt;&gt; &lt;&lt; Br\u00edgido Lara afirm\u00f3 haber creado 40 mil<\/p>\n","protected":false},"author":4,"featured_media":3789,"comment_status":"closed","ping_status":"closed","sticky":false,"template":"","format":"standard","meta":{"colormag_page_container_layout":"default_layout","colormag_page_sidebar_layout":"default_layout","_jetpack_memberships_contains_paid_content":false,"footnotes":"","jetpack_publicize_message":"","jetpack_publicize_feature_enabled":true,"jetpack_social_post_already_shared":false,"jetpack_social_options":{"image_generator_settings":{"template":"highway","default_image_id":0,"font":"","enabled":false},"version":2}},"categories":[26],"tags":[],"class_list":["post-7735","post","type-post","status-publish","format-standard","has-post-thumbnail","hentry","category-columnistas"],"jetpack_publicize_connections":[],"jetpack_featured_media_url":"https:\/\/i0.wp.com\/politicosaldesnudo.com.mx\/wp-content\/uploads\/2022\/04\/CRISTIANI.png?fit=1816%2C1016&ssl=1","jetpack-related-posts":[],"jetpack_sharing_enabled":true,"_links":{"self":[{"href":"https:\/\/politicosaldesnudo.com.mx\/index.php\/wp-json\/wp\/v2\/posts\/7735","targetHints":{"allow":["GET"]}}],"collection":[{"href":"https:\/\/politicosaldesnudo.com.mx\/index.php\/wp-json\/wp\/v2\/posts"}],"about":[{"href":"https:\/\/politicosaldesnudo.com.mx\/index.php\/wp-json\/wp\/v2\/types\/post"}],"author":[{"embeddable":true,"href":"https:\/\/politicosaldesnudo.com.mx\/index.php\/wp-json\/wp\/v2\/users\/4"}],"replies":[{"embeddable":true,"href":"https:\/\/politicosaldesnudo.com.mx\/index.php\/wp-json\/wp\/v2\/comments?post=7735"}],"version-history":[{"count":0,"href":"https:\/\/politicosaldesnudo.com.mx\/index.php\/wp-json\/wp\/v2\/posts\/7735\/revisions"}],"wp:featuredmedia":[{"embeddable":true,"href":"https:\/\/politicosaldesnudo.com.mx\/index.php\/wp-json\/wp\/v2\/media\/3789"}],"wp:attachment":[{"href":"https:\/\/politicosaldesnudo.com.mx\/index.php\/wp-json\/wp\/v2\/media?parent=7735"}],"wp:term":[{"taxonomy":"category","embeddable":true,"href":"https:\/\/politicosaldesnudo.com.mx\/index.php\/wp-json\/wp\/v2\/categories?post=7735"},{"taxonomy":"post_tag","embeddable":true,"href":"https:\/\/politicosaldesnudo.com.mx\/index.php\/wp-json\/wp\/v2\/tags?post=7735"}],"curies":[{"name":"wp","href":"https:\/\/api.w.org\/{rel}","templated":true}]}}