{"id":77452,"date":"2026-01-02T01:54:32","date_gmt":"2026-01-02T07:54:32","guid":{"rendered":"https:\/\/politicosaldesnudo.com.mx\/?p=77452"},"modified":"2026-01-02T01:54:32","modified_gmt":"2026-01-02T07:54:32","slug":"el-alcalde-daniel-cortina-entrega-nombramientos-a-directores-y-coordinadores-del-ayuntamiento-de-tuxpan","status":"publish","type":"post","link":"https:\/\/politicosaldesnudo.com.mx\/index.php\/2026\/01\/02\/el-alcalde-daniel-cortina-entrega-nombramientos-a-directores-y-coordinadores-del-ayuntamiento-de-tuxpan\/","title":{"rendered":"El alcalde Daniel Cortina, entrega nombramientos a directores y coordinadores del Ayuntamiento de Tuxpan"},"content":{"rendered":"<p>El presidente municipal de Tuxpan, Daniel Cortina Mart\u00ednez, realiz\u00f3 la entrega de nombramientos a directoras, directores, coordinadoras y coordinadores de \u00e1rea para la administraci\u00f3n 2026\u20132029.<\/p>\n<p>El alcalde, con la presencia de las y los integrantes del nuevo Cabildo, destac\u00f3 la importancia de contar con una estructura s\u00f3lida para atender el trabajo necesario en el municipio, reiterando de manera categ\u00f3rica su rechazo a cualquier acto de corrupci\u00f3n.<\/p>\n<p>En un evento especial realizado este jueves 01 de enero, en las instalaciones de un conocido hotel de la ciudad, los integrantes del Ayuntamiento cumplieron con el acto protocolario de las acreditaciones formales para quienes tendr\u00e1n la responsabilidad de encabezar las distintas \u00e1reas municipales.<\/p>\n<p>En su mensaje, Daniel Cortina afirm\u00f3: \u201cLos integrantes de esta estructura tienen presente el nivel de compromiso que est\u00e1n adquiriendo para ejecutar su trabajo con honradez y eficiencia\u201d.<\/p>\n<p>Agreg\u00f3: \u201cEs as\u00ed como enfrentaremos la problem\u00e1tica que todos conocemos en nuestro municipio. Todas y todos saben cu\u00e1les son las l\u00edneas de acci\u00f3n y, por ello, es mayor la responsabilidad que compartimos\u201d.<\/p>\n<p>Finalmente, el mandatario municipal subray\u00f3 que no ser\u00e1 tolerante con ning\u00fan acto de corrupci\u00f3n, reiterando su compromiso con la ciudadan\u00eda y asegurando que es tiempo de hacer las cosas bien.<\/p>\n","protected":false},"excerpt":{"rendered":"<p>El presidente municipal de Tuxpan, Daniel Cortina Mart\u00ednez, realiz\u00f3 la entrega de nombramientos a directoras, directores, coordinadoras y coordinadores de [&hellip;]<\/p>\n","protected":false},"author":4,"featured_media":77453,"comment_status":"closed","ping_status":"closed","sticky":false,"template":"","format":"standard","meta":{"site-sidebar-layout":"default","site-content-layout":"","ast-site-content-layout":"default","site-content-style":"default","site-sidebar-style":"default","ast-global-header-display":"","ast-banner-title-visibility":"","ast-main-header-display":"","ast-hfb-above-header-display":"","ast-hfb-below-header-display":"","ast-hfb-mobile-header-display":"","site-post-title":"","ast-breadcrumbs-content":"","ast-featured-img":"","footer-sml-layout":"","ast-disable-related-posts":"","theme-transparent-header-meta":"","adv-header-id-meta":"","stick-header-meta":"","header-above-stick-meta":"","header-main-stick-meta":"","header-below-stick-meta":"","astra-migrate-meta-layouts":"default","ast-page-background-enabled":"default","ast-page-background-meta":{"desktop":{"background-color":"var(--ast-global-color-5)","background-image":"","background-repeat":"repeat","background-position":"center center","background-size":"auto","background-attachment":"scroll","background-type":"","background-media":"","overlay-type":"","overlay-color":"","overlay-opacity":"","overlay-gradient":""},"tablet":{"background-color":"","background-image":"","background-repeat":"repeat","background-position":"center center","background-size":"auto","background-attachment":"scroll","background-type":"","background-media":"","overlay-type":"","overlay-color":"","overlay-opacity":"","overlay-gradient":""},"mobile":{"background-color":"","background-image":"","background-repeat":"repeat","background-position":"center center","background-size":"auto","background-attachment":"scroll","background-type":"","background-media":"","overlay-type":"","overlay-color":"","overlay-opacity":"","overlay-gradient":""}},"ast-content-background-meta":{"desktop":{"background-color":"var(--ast-global-color-4)","background-image":"","background-repeat":"repeat","background-position":"center center","background-size":"auto","background-attachment":"scroll","background-type":"","background-media":"","overlay-type":"","overlay-color":"","overlay-opacity":"","overlay-gradient":""},"tablet":{"background-color":"var(--ast-global-color-4)","background-image":"","background-repeat":"repeat","background-position":"center center","background-size":"auto","background-attachment":"scroll","background-type":"","background-media":"","overlay-type":"","overlay-color":"","overlay-opacity":"","overlay-gradient":""},"mobile":{"background-color":"var(--ast-global-color-4)","background-image":"","background-repeat":"repeat","background-position":"center center","background-size":"auto","background-attachment":"scroll","background-type":"","background-media":"","overlay-type":"","overlay-color":"","overlay-opacity":"","overlay-gradient":""}},"_jetpack_newsletter_access":"","_jetpack_dont_email_post_to_subs":false,"_jetpack_newsletter_tier_id":0,"_jetpack_memberships_contains_paywalled_content":false,"_jetpack_feature_clip_id":0,"_jetpack_memberships_contains_paid_content":false,"footnotes":"","jetpack_publicize_message":"","jetpack_publicize_feature_enabled":true,"jetpack_social_post_already_shared":true,"jetpack_social_options":{"image_generator_settings":{"template":"highway","default_image_id":0,"font":"","enabled":false},"version":2},"jetpack_post_was_ever_published":false},"categories":[1082],"tags":[],"class_list":["post-77452","post","type-post","status-publish","format-standard","has-post-thumbnail","hentry","category-tuxpan"],"yoast_head":"<!-- This site is optimized with the Yoast SEO plugin v28.3 - https:\/\/yoast.com\/product\/yoast-seo-wordpress\/ -->\n<title>El alcalde Daniel Cortina, entrega nombramientos a directores y coordinadores del Ayuntamiento de Tuxpan - Pol\u00edticos al Desnudo<\/title>\n<meta name=\"robots\" content=\"index, follow, max-snippet:-1, max-image-preview:large, max-video-preview:-1\" \/>\n<link rel=\"canonical\" href=\"https:\/\/politicosaldesnudo.com.mx\/index.php\/2026\/01\/02\/el-alcalde-daniel-cortina-entrega-nombramientos-a-directores-y-coordinadores-del-ayuntamiento-de-tuxpan\/\" \/>\n<meta property=\"og:locale\" content=\"es_ES\" \/>\n<meta property=\"og:type\" content=\"article\" \/>\n<meta property=\"og:title\" content=\"El alcalde Daniel Cortina, entrega nombramientos a directores y coordinadores del Ayuntamiento de Tuxpan - Pol\u00edticos al Desnudo\" \/>\n<meta property=\"og:description\" content=\"El presidente municipal de Tuxpan, Daniel Cortina Mart\u00ednez, realiz\u00f3 la entrega de nombramientos a directoras, directores, coordinadoras y coordinadores de [&hellip;]\" \/>\n<meta property=\"og:url\" content=\"https:\/\/politicosaldesnudo.com.mx\/index.php\/2026\/01\/02\/el-alcalde-daniel-cortina-entrega-nombramientos-a-directores-y-coordinadores-del-ayuntamiento-de-tuxpan\/\" \/>\n<meta property=\"og:site_name\" content=\"Pol\u00edticos al Desnudo\" \/>\n<meta property=\"article:publisher\" content=\"https:\/\/www.facebook.com\/PoliticosAD\" \/>\n<meta property=\"article:published_time\" content=\"2026-01-02T07:54:32+00:00\" \/>\n<meta property=\"og:image\" content=\"https:\/\/i0.wp.com\/politicosaldesnudo.com.mx\/wp-content\/uploads\/2026\/01\/WhatsApp-Image-2026-01-01-at-20.50.35.jpeg?fit=1600%2C1068&ssl=1\" \/>\n\t<meta property=\"og:image:width\" content=\"1600\" \/>\n\t<meta property=\"og:image:height\" content=\"1068\" \/>\n\t<meta property=\"og:image:type\" content=\"image\/jpeg\" \/>\n<meta name=\"author\" content=\"Redacci\u00f3n Pol\u00edticos\" \/>\n<meta name=\"twitter:card\" content=\"summary_large_image\" \/>\n<meta name=\"twitter:label1\" content=\"Escrito por\" \/>\n\t<meta name=\"twitter:data1\" content=\"Redacci\u00f3n Pol\u00edticos\" \/>\n\t<meta name=\"twitter:label2\" content=\"Tiempo de lectura\" \/>\n\t<meta name=\"twitter:data2\" content=\"1 minuto\" \/>\n<script type=\"application\/ld+json\" class=\"yoast-schema-graph\">{\"@context\":\"https:\\\/\\\/schema.org\",\"@graph\":[{\"@type\":\"Article\",\"@id\":\"https:\\\/\\\/politicosaldesnudo.com.mx\\\/index.php\\\/2026\\\/01\\\/02\\\/el-alcalde-daniel-cortina-entrega-nombramientos-a-directores-y-coordinadores-del-ayuntamiento-de-tuxpan\\\/#article\",\"isPartOf\":{\"@id\":\"https:\\\/\\\/politicosaldesnudo.com.mx\\\/index.php\\\/2026\\\/01\\\/02\\\/el-alcalde-daniel-cortina-entrega-nombramientos-a-directores-y-coordinadores-del-ayuntamiento-de-tuxpan\\\/\"},\"author\":{\"name\":\"Redacci\u00f3n Pol\u00edticos\",\"@id\":\"https:\\\/\\\/politicosaldesnudo.com.mx\\\/#\\\/schema\\\/person\\\/ef3a64e561cc3f3f5dc52fab81adde7e\"},\"headline\":\"El alcalde Daniel Cortina, entrega nombramientos a directores y coordinadores del Ayuntamiento de Tuxpan\",\"datePublished\":\"2026-01-02T07:54:32+00:00\",\"mainEntityOfPage\":{\"@id\":\"https:\\\/\\\/politicosaldesnudo.com.mx\\\/index.php\\\/2026\\\/01\\\/02\\\/el-alcalde-daniel-cortina-entrega-nombramientos-a-directores-y-coordinadores-del-ayuntamiento-de-tuxpan\\\/\"},\"wordCount\":226,\"publisher\":{\"@id\":\"https:\\\/\\\/politicosaldesnudo.com.mx\\\/#organization\"},\"image\":{\"@id\":\"https:\\\/\\\/politicosaldesnudo.com.mx\\\/index.php\\\/2026\\\/01\\\/02\\\/el-alcalde-daniel-cortina-entrega-nombramientos-a-directores-y-coordinadores-del-ayuntamiento-de-tuxpan\\\/#primaryimage\"},\"thumbnailUrl\":\"https:\\\/\\\/i0.wp.com\\\/politicosaldesnudo.com.mx\\\/wp-content\\\/uploads\\\/2026\\\/01\\\/WhatsApp-Image-2026-01-01-at-20.50.35.jpeg?fit=1600%2C1068&ssl=1\",\"articleSection\":[\"TUXPAN\"],\"inLanguage\":\"es\"},{\"@type\":\"WebPage\",\"@id\":\"https:\\\/\\\/politicosaldesnudo.com.mx\\\/index.php\\\/2026\\\/01\\\/02\\\/el-alcalde-daniel-cortina-entrega-nombramientos-a-directores-y-coordinadores-del-ayuntamiento-de-tuxpan\\\/\",\"url\":\"https:\\\/\\\/politicosaldesnudo.com.mx\\\/index.php\\\/2026\\\/01\\\/02\\\/el-alcalde-daniel-cortina-entrega-nombramientos-a-directores-y-coordinadores-del-ayuntamiento-de-tuxpan\\\/\",\"name\":\"El alcalde Daniel Cortina, entrega nombramientos a directores y coordinadores del Ayuntamiento de Tuxpan - Pol\u00edticos al Desnudo\",\"isPartOf\":{\"@id\":\"https:\\\/\\\/politicosaldesnudo.com.mx\\\/#website\"},\"primaryImageOfPage\":{\"@id\":\"https:\\\/\\\/politicosaldesnudo.com.mx\\\/index.php\\\/2026\\\/01\\\/02\\\/el-alcalde-daniel-cortina-entrega-nombramientos-a-directores-y-coordinadores-del-ayuntamiento-de-tuxpan\\\/#primaryimage\"},\"image\":{\"@id\":\"https:\\\/\\\/politicosaldesnudo.com.mx\\\/index.php\\\/2026\\\/01\\\/02\\\/el-alcalde-daniel-cortina-entrega-nombramientos-a-directores-y-coordinadores-del-ayuntamiento-de-tuxpan\\\/#primaryimage\"},\"thumbnailUrl\":\"https:\\\/\\\/i0.wp.com\\\/politicosaldesnudo.com.mx\\\/wp-content\\\/uploads\\\/2026\\\/01\\\/WhatsApp-Image-2026-01-01-at-20.50.35.jpeg?fit=1600%2C1068&ssl=1\",\"datePublished\":\"2026-01-02T07:54:32+00:00\",\"breadcrumb\":{\"@id\":\"https:\\\/\\\/politicosaldesnudo.com.mx\\\/index.php\\\/2026\\\/01\\\/02\\\/el-alcalde-daniel-cortina-entrega-nombramientos-a-directores-y-coordinadores-del-ayuntamiento-de-tuxpan\\\/#breadcrumb\"},\"inLanguage\":\"es\",\"potentialAction\":[{\"@type\":\"ReadAction\",\"target\":[\"https:\\\/\\\/politicosaldesnudo.com.mx\\\/index.php\\\/2026\\\/01\\\/02\\\/el-alcalde-daniel-cortina-entrega-nombramientos-a-directores-y-coordinadores-del-ayuntamiento-de-tuxpan\\\/\"]}]},{\"@type\":\"ImageObject\",\"inLanguage\":\"es\",\"@id\":\"https:\\\/\\\/politicosaldesnudo.com.mx\\\/index.php\\\/2026\\\/01\\\/02\\\/el-alcalde-daniel-cortina-entrega-nombramientos-a-directores-y-coordinadores-del-ayuntamiento-de-tuxpan\\\/#primaryimage\",\"url\":\"https:\\\/\\\/i0.wp.com\\\/politicosaldesnudo.com.mx\\\/wp-content\\\/uploads\\\/2026\\\/01\\\/WhatsApp-Image-2026-01-01-at-20.50.35.jpeg?fit=1600%2C1068&ssl=1\",\"contentUrl\":\"https:\\\/\\\/i0.wp.com\\\/politicosaldesnudo.com.mx\\\/wp-content\\\/uploads\\\/2026\\\/01\\\/WhatsApp-Image-2026-01-01-at-20.50.35.jpeg?fit=1600%2C1068&ssl=1\",\"width\":1600,\"height\":1068},{\"@type\":\"BreadcrumbList\",\"@id\":\"https:\\\/\\\/politicosaldesnudo.com.mx\\\/index.php\\\/2026\\\/01\\\/02\\\/el-alcalde-daniel-cortina-entrega-nombramientos-a-directores-y-coordinadores-del-ayuntamiento-de-tuxpan\\\/#breadcrumb\",\"itemListElement\":[{\"@type\":\"ListItem\",\"position\":1,\"name\":\"Portada\",\"item\":\"https:\\\/\\\/politicosaldesnudo.com.mx\\\/\"},{\"@type\":\"ListItem\",\"position\":2,\"name\":\"El alcalde Daniel Cortina, entrega nombramientos a directores y coordinadores del Ayuntamiento de Tuxpan\"}]},{\"@type\":\"WebSite\",\"@id\":\"https:\\\/\\\/politicosaldesnudo.com.mx\\\/#website\",\"url\":\"https:\\\/\\\/politicosaldesnudo.com.mx\\\/\",\"name\":\"Pol\u00edticos al Desnudo\",\"description\":\"\",\"publisher\":{\"@id\":\"https:\\\/\\\/politicosaldesnudo.com.mx\\\/#organization\"},\"potentialAction\":[{\"@type\":\"SearchAction\",\"target\":{\"@type\":\"EntryPoint\",\"urlTemplate\":\"https:\\\/\\\/politicosaldesnudo.com.mx\\\/?s={search_term_string}\"},\"query-input\":{\"@type\":\"PropertyValueSpecification\",\"valueRequired\":true,\"valueName\":\"search_term_string\"}}],\"inLanguage\":\"es\"},{\"@type\":\"Organization\",\"@id\":\"https:\\\/\\\/politicosaldesnudo.com.mx\\\/#organization\",\"name\":\"Pol\u00edticos al Desnudo\",\"url\":\"https:\\\/\\\/politicosaldesnudo.com.mx\\\/\",\"logo\":{\"@type\":\"ImageObject\",\"inLanguage\":\"es\",\"@id\":\"https:\\\/\\\/politicosaldesnudo.com.mx\\\/#\\\/schema\\\/logo\\\/image\\\/\",\"url\":\"https:\\\/\\\/i0.wp.com\\\/politicosaldesnudo.com.mx\\\/wp-content\\\/uploads\\\/2026\\\/08\\\/cropped-logo.webp?fit=400%2C126&ssl=1\",\"contentUrl\":\"https:\\\/\\\/i0.wp.com\\\/politicosaldesnudo.com.mx\\\/wp-content\\\/uploads\\\/2026\\\/08\\\/cropped-logo.webp?fit=400%2C126&ssl=1\",\"width\":400,\"height\":126,\"caption\":\"Pol\u00edticos al Desnudo\"},\"image\":{\"@id\":\"https:\\\/\\\/politicosaldesnudo.com.mx\\\/#\\\/schema\\\/logo\\\/image\\\/\"},\"sameAs\":[\"https:\\\/\\\/www.facebook.com\\\/PoliticosAD\"]},{\"@type\":\"Person\",\"@id\":\"https:\\\/\\\/politicosaldesnudo.com.mx\\\/#\\\/schema\\\/person\\\/ef3a64e561cc3f3f5dc52fab81adde7e\",\"name\":\"Redacci\u00f3n Pol\u00edticos\",\"url\":\"https:\\\/\\\/politicosaldesnudo.com.mx\\\/index.php\\\/author\\\/redaccion-politicos\\\/\"}]}<\/script>\n<!-- \/ Yoast SEO plugin. -->","yoast_head_json":{"title":"El alcalde Daniel Cortina, entrega nombramientos a directores y coordinadores del Ayuntamiento de Tuxpan - Pol\u00edticos al Desnudo","robots":{"index":"index","follow":"follow","max-snippet":"max-snippet:-1","max-image-preview":"max-image-preview:large","max-video-preview":"max-video-preview:-1"},"canonical":"https:\/\/politicosaldesnudo.com.mx\/index.php\/2026\/01\/02\/el-alcalde-daniel-cortina-entrega-nombramientos-a-directores-y-coordinadores-del-ayuntamiento-de-tuxpan\/","og_locale":"es_ES","og_type":"article","og_title":"El alcalde Daniel Cortina, entrega nombramientos a directores y coordinadores del Ayuntamiento de Tuxpan - Pol\u00edticos al Desnudo","og_description":"El presidente municipal de Tuxpan, Daniel Cortina Mart\u00ednez, realiz\u00f3 la entrega de nombramientos a directoras, directores, coordinadoras y coordinadores de [&hellip;]","og_url":"https:\/\/politicosaldesnudo.com.mx\/index.php\/2026\/01\/02\/el-alcalde-daniel-cortina-entrega-nombramientos-a-directores-y-coordinadores-del-ayuntamiento-de-tuxpan\/","og_site_name":"Pol\u00edticos al Desnudo","article_publisher":"https:\/\/www.facebook.com\/PoliticosAD","article_published_time":"2026-01-02T07:54:32+00:00","og_image":[{"width":1600,"height":1068,"url":"https:\/\/i0.wp.com\/politicosaldesnudo.com.mx\/wp-content\/uploads\/2026\/01\/WhatsApp-Image-2026-01-01-at-20.50.35.jpeg?fit=1600%2C1068&ssl=1","type":"image\/jpeg"}],"author":"Redacci\u00f3n Pol\u00edticos","twitter_card":"summary_large_image","twitter_misc":{"Escrito por":"Redacci\u00f3n Pol\u00edticos","Tiempo de lectura":"1 minuto"},"schema":{"@context":"https:\/\/schema.org","@graph":[{"@type":"Article","@id":"https:\/\/politicosaldesnudo.com.mx\/index.php\/2026\/01\/02\/el-alcalde-daniel-cortina-entrega-nombramientos-a-directores-y-coordinadores-del-ayuntamiento-de-tuxpan\/#article","isPartOf":{"@id":"https:\/\/politicosaldesnudo.com.mx\/index.php\/2026\/01\/02\/el-alcalde-daniel-cortina-entrega-nombramientos-a-directores-y-coordinadores-del-ayuntamiento-de-tuxpan\/"},"author":{"name":"Redacci\u00f3n Pol\u00edticos","@id":"https:\/\/politicosaldesnudo.com.mx\/#\/schema\/person\/ef3a64e561cc3f3f5dc52fab81adde7e"},"headline":"El alcalde Daniel Cortina, entrega nombramientos a directores y coordinadores del Ayuntamiento de Tuxpan","datePublished":"2026-01-02T07:54:32+00:00","mainEntityOfPage":{"@id":"https:\/\/politicosaldesnudo.com.mx\/index.php\/2026\/01\/02\/el-alcalde-daniel-cortina-entrega-nombramientos-a-directores-y-coordinadores-del-ayuntamiento-de-tuxpan\/"},"wordCount":226,"publisher":{"@id":"https:\/\/politicosaldesnudo.com.mx\/#organization"},"image":{"@id":"https:\/\/politicosaldesnudo.com.mx\/index.php\/2026\/01\/02\/el-alcalde-daniel-cortina-entrega-nombramientos-a-directores-y-coordinadores-del-ayuntamiento-de-tuxpan\/#primaryimage"},"thumbnailUrl":"https:\/\/i0.wp.com\/politicosaldesnudo.com.mx\/wp-content\/uploads\/2026\/01\/WhatsApp-Image-2026-01-01-at-20.50.35.jpeg?fit=1600%2C1068&ssl=1","articleSection":["TUXPAN"],"inLanguage":"es"},{"@type":"WebPage","@id":"https:\/\/politicosaldesnudo.com.mx\/index.php\/2026\/01\/02\/el-alcalde-daniel-cortina-entrega-nombramientos-a-directores-y-coordinadores-del-ayuntamiento-de-tuxpan\/","url":"https:\/\/politicosaldesnudo.com.mx\/index.php\/2026\/01\/02\/el-alcalde-daniel-cortina-entrega-nombramientos-a-directores-y-coordinadores-del-ayuntamiento-de-tuxpan\/","name":"El alcalde Daniel Cortina, entrega nombramientos a directores y coordinadores del Ayuntamiento de Tuxpan - Pol\u00edticos al Desnudo","isPartOf":{"@id":"https:\/\/politicosaldesnudo.com.mx\/#website"},"primaryImageOfPage":{"@id":"https:\/\/politicosaldesnudo.com.mx\/index.php\/2026\/01\/02\/el-alcalde-daniel-cortina-entrega-nombramientos-a-directores-y-coordinadores-del-ayuntamiento-de-tuxpan\/#primaryimage"},"image":{"@id":"https:\/\/politicosaldesnudo.com.mx\/index.php\/2026\/01\/02\/el-alcalde-daniel-cortina-entrega-nombramientos-a-directores-y-coordinadores-del-ayuntamiento-de-tuxpan\/#primaryimage"},"thumbnailUrl":"https:\/\/i0.wp.com\/politicosaldesnudo.com.mx\/wp-content\/uploads\/2026\/01\/WhatsApp-Image-2026-01-01-at-20.50.35.jpeg?fit=1600%2C1068&ssl=1","datePublished":"2026-01-02T07:54:32+00:00","breadcrumb":{"@id":"https:\/\/politicosaldesnudo.com.mx\/index.php\/2026\/01\/02\/el-alcalde-daniel-cortina-entrega-nombramientos-a-directores-y-coordinadores-del-ayuntamiento-de-tuxpan\/#breadcrumb"},"inLanguage":"es","potentialAction":[{"@type":"ReadAction","target":["https:\/\/politicosaldesnudo.com.mx\/index.php\/2026\/01\/02\/el-alcalde-daniel-cortina-entrega-nombramientos-a-directores-y-coordinadores-del-ayuntamiento-de-tuxpan\/"]}]},{"@type":"ImageObject","inLanguage":"es","@id":"https:\/\/politicosaldesnudo.com.mx\/index.php\/2026\/01\/02\/el-alcalde-daniel-cortina-entrega-nombramientos-a-directores-y-coordinadores-del-ayuntamiento-de-tuxpan\/#primaryimage","url":"https:\/\/i0.wp.com\/politicosaldesnudo.com.mx\/wp-content\/uploads\/2026\/01\/WhatsApp-Image-2026-01-01-at-20.50.35.jpeg?fit=1600%2C1068&ssl=1","contentUrl":"https:\/\/i0.wp.com\/politicosaldesnudo.com.mx\/wp-content\/uploads\/2026\/01\/WhatsApp-Image-2026-01-01-at-20.50.35.jpeg?fit=1600%2C1068&ssl=1","width":1600,"height":1068},{"@type":"BreadcrumbList","@id":"https:\/\/politicosaldesnudo.com.mx\/index.php\/2026\/01\/02\/el-alcalde-daniel-cortina-entrega-nombramientos-a-directores-y-coordinadores-del-ayuntamiento-de-tuxpan\/#breadcrumb","itemListElement":[{"@type":"ListItem","position":1,"name":"Portada","item":"https:\/\/politicosaldesnudo.com.mx\/"},{"@type":"ListItem","position":2,"name":"El alcalde Daniel Cortina, entrega nombramientos a directores y coordinadores del Ayuntamiento de Tuxpan"}]},{"@type":"WebSite","@id":"https:\/\/politicosaldesnudo.com.mx\/#website","url":"https:\/\/politicosaldesnudo.com.mx\/","name":"Pol\u00edticos al Desnudo","description":"","publisher":{"@id":"https:\/\/politicosaldesnudo.com.mx\/#organization"},"potentialAction":[{"@type":"SearchAction","target":{"@type":"EntryPoint","urlTemplate":"https:\/\/politicosaldesnudo.com.mx\/?s={search_term_string}"},"query-input":{"@type":"PropertyValueSpecification","valueRequired":true,"valueName":"search_term_string"}}],"inLanguage":"es"},{"@type":"Organization","@id":"https:\/\/politicosaldesnudo.com.mx\/#organization","name":"Pol\u00edticos al Desnudo","url":"https:\/\/politicosaldesnudo.com.mx\/","logo":{"@type":"ImageObject","inLanguage":"es","@id":"https:\/\/politicosaldesnudo.com.mx\/#\/schema\/logo\/image\/","url":"https:\/\/i0.wp.com\/politicosaldesnudo.com.mx\/wp-content\/uploads\/2026\/08\/cropped-logo.webp?fit=400%2C126&ssl=1","contentUrl":"https:\/\/i0.wp.com\/politicosaldesnudo.com.mx\/wp-content\/uploads\/2026\/08\/cropped-logo.webp?fit=400%2C126&ssl=1","width":400,"height":126,"caption":"Pol\u00edticos al Desnudo"},"image":{"@id":"https:\/\/politicosaldesnudo.com.mx\/#\/schema\/logo\/image\/"},"sameAs":["https:\/\/www.facebook.com\/PoliticosAD"]},{"@type":"Person","@id":"https:\/\/politicosaldesnudo.com.mx\/#\/schema\/person\/ef3a64e561cc3f3f5dc52fab81adde7e","name":"Redacci\u00f3n Pol\u00edticos","url":"https:\/\/politicosaldesnudo.com.mx\/index.php\/author\/redaccion-politicos\/"}]}},"jetpack_publicize_connections":[],"jetpack-related-posts":[{"id":88282,"url":"https:\/\/politicosaldesnudo.com.mx\/index.php\/2026\/09\/02\/tuxpan-la-memoria-tambien-merece-respeto\/","url_meta":{"origin":77452,"position":0},"title":"Tuxpan: La memoria tambi\u00e9n merece respeto","author":"Redacci\u00f3n Pol\u00edticos","date":"2 de septiembre de 2026","format":false,"excerpt":"BIT\u00c1CORA POL\u00cdTICA Por Miguel \u00c1ngel Cristiani G. Hay historias que un pueblo no deber\u00eda olvidar. Y hay otras que, antes de convertirlas en motivo de celebraci\u00f3n, deber\u00edan revisarse cuidadosamente. En Tuxpan acaba de surgir una de esas historias inc\u00f3modas. El gobierno municipal que encabeza Daniel Cortina habr\u00eda respaldado la presentaci\u00f3n\u2026","rel":"","context":"En \u00abOPINI\u00d3N\u00bb","block_context":{"text":"OPINI\u00d3N","link":"https:\/\/politicosaldesnudo.com.mx\/index.php\/category\/columnistas\/"},"img":{"alt_text":"","src":"https:\/\/i0.wp.com\/politicosaldesnudo.com.mx\/wp-content\/uploads\/2026\/09\/COLUMNISTAS-PAD-1.png?fit=1200%2C659&ssl=1&resize=350%2C200","width":350,"height":200,"srcset":"https:\/\/i0.wp.com\/politicosaldesnudo.com.mx\/wp-content\/uploads\/2026\/09\/COLUMNISTAS-PAD-1.png?fit=1200%2C659&ssl=1&resize=350%2C200 1x, https:\/\/i0.wp.com\/politicosaldesnudo.com.mx\/wp-content\/uploads\/2026\/09\/COLUMNISTAS-PAD-1.png?fit=1200%2C659&ssl=1&resize=525%2C300 1.5x, https:\/\/i0.wp.com\/politicosaldesnudo.com.mx\/wp-content\/uploads\/2026\/09\/COLUMNISTAS-PAD-1.png?fit=1200%2C659&ssl=1&resize=700%2C400 2x, https:\/\/i0.wp.com\/politicosaldesnudo.com.mx\/wp-content\/uploads\/2026\/09\/COLUMNISTAS-PAD-1.png?fit=1200%2C659&ssl=1&resize=1050%2C600 3x"},"classes":[]},{"id":87361,"url":"https:\/\/politicosaldesnudo.com.mx\/index.php\/2026\/07\/31\/se-inaugura-nueva-cancha-de-futbol-5-gracias-a-gestion-realizada-ante-el-gobierno-federal\/","url_meta":{"origin":77452,"position":1},"title":"Se inaugura nueva cancha de f\u00fatbol 5 gracias a gesti\u00f3n realizada ante el Gobierno Federal","author":"Redacci\u00f3n Pol\u00edticos","date":"31 de julio de 2026","format":false,"excerpt":"Como resultado de las gestiones realizadas por el Gobierno Municipal ante el Gobierno de M\u00e9xico, fue inaugurada la nueva cancha de f\u00fatbol 5 ubicada en el campo del Rastro Municipal, una obra impulsada a trav\u00e9s del programa federal \u201cMundial Social\u201d de la Secretar\u00eda de Desarrollo Agrario, Territorial y Urbano (SEDATU).\u2026","rel":"","context":"En \u00abTUXPAN\u00bb","block_context":{"text":"TUXPAN","link":"https:\/\/politicosaldesnudo.com.mx\/index.php\/category\/tuxpan\/"},"img":{"alt_text":"","src":"https:\/\/i0.wp.com\/politicosaldesnudo.com.mx\/wp-content\/uploads\/2026\/07\/WhatsApp-Image-2026-07-29-at-22.31.05-1.jpeg?fit=1200%2C800&ssl=1&resize=350%2C200","width":350,"height":200,"srcset":"https:\/\/i0.wp.com\/politicosaldesnudo.com.mx\/wp-content\/uploads\/2026\/07\/WhatsApp-Image-2026-07-29-at-22.31.05-1.jpeg?fit=1200%2C800&ssl=1&resize=350%2C200 1x, https:\/\/i0.wp.com\/politicosaldesnudo.com.mx\/wp-content\/uploads\/2026\/07\/WhatsApp-Image-2026-07-29-at-22.31.05-1.jpeg?fit=1200%2C800&ssl=1&resize=525%2C300 1.5x, https:\/\/i0.wp.com\/politicosaldesnudo.com.mx\/wp-content\/uploads\/2026\/07\/WhatsApp-Image-2026-07-29-at-22.31.05-1.jpeg?fit=1200%2C800&ssl=1&resize=700%2C400 2x, https:\/\/i0.wp.com\/politicosaldesnudo.com.mx\/wp-content\/uploads\/2026\/07\/WhatsApp-Image-2026-07-29-at-22.31.05-1.jpeg?fit=1200%2C800&ssl=1&resize=1050%2C600 3x"},"classes":[]},{"id":88118,"url":"https:\/\/politicosaldesnudo.com.mx\/index.php\/2026\/08\/27\/cateo-en-tuxpan-aseguran-negocio-investigado-por-presunta-extorsion-a-avicultores\/","url_meta":{"origin":77452,"position":2},"title":"Cateo en Tuxpan: aseguran negocio investigado por presunta extorsi\u00f3n a avicultores","author":"Redacci\u00f3n Pol\u00edticos","date":"27 de agosto de 2026","format":false,"excerpt":"Un establecimiento comercial de la colonia An\u00e1huac, en Tuxpan, qued\u00f3 bajo resguardo de las autoridades tras un operativo relacionado con una investigaci\u00f3n por posibles extorsiones contra integrantes del sector av\u00edcola. La diligencia fue realizada por agentes de la Unidad Especializada en Combate al Secuestro y la Extorsi\u00f3n (UECS), quienes contaron\u2026","rel":"","context":"En \u00abESTADOS\u00bb","block_context":{"text":"ESTADOS","link":"https:\/\/politicosaldesnudo.com.mx\/index.php\/category\/estados\/"},"img":{"alt_text":"","src":"https:\/\/i0.wp.com\/politicosaldesnudo.com.mx\/wp-content\/uploads\/2026\/08\/avc-tuxpan-horizontal.png?fit=1200%2C675&ssl=1&resize=350%2C200","width":350,"height":200,"srcset":"https:\/\/i0.wp.com\/politicosaldesnudo.com.mx\/wp-content\/uploads\/2026\/08\/avc-tuxpan-horizontal.png?fit=1200%2C675&ssl=1&resize=350%2C200 1x, https:\/\/i0.wp.com\/politicosaldesnudo.com.mx\/wp-content\/uploads\/2026\/08\/avc-tuxpan-horizontal.png?fit=1200%2C675&ssl=1&resize=525%2C300 1.5x, https:\/\/i0.wp.com\/politicosaldesnudo.com.mx\/wp-content\/uploads\/2026\/08\/avc-tuxpan-horizontal.png?fit=1200%2C675&ssl=1&resize=700%2C400 2x, https:\/\/i0.wp.com\/politicosaldesnudo.com.mx\/wp-content\/uploads\/2026\/08\/avc-tuxpan-horizontal.png?fit=1200%2C675&ssl=1&resize=1050%2C600 3x"},"classes":[]},{"id":33280,"url":"https:\/\/politicosaldesnudo.com.mx\/index.php\/2024\/03\/12\/buscaremos-el-desarrollo-de-tuxpan-y-la-region-jv\/","url_meta":{"origin":77452,"position":3},"title":"Buscaremos el desarrollo de Tuxpan y la regi\u00f3n: JV","author":"Redacci\u00f3n Pol\u00edticos","date":"12 de marzo de 2024","format":false,"excerpt":"TUXPAN.- De acuerdo con lo mencionado en entrevista por el candidato del Movimiento de Regeneraci\u00f3n Nacional Javier Vel\u00e1zquez Vallejo, la zona norte del estado ha estado olvidada por muchos a\u00f1os, y aunque sus municipios tienen un gran potencial en diversos rubros, \u00e9stos han sido debidamente apoyados y respaldados, por lo\u2026","rel":"","context":"En \u00abTUXPAN\u00bb","block_context":{"text":"TUXPAN","link":"https:\/\/politicosaldesnudo.com.mx\/index.php\/category\/tuxpan\/"},"img":{"alt_text":"","src":"https:\/\/i0.wp.com\/politicosaldesnudo.com.mx\/wp-content\/uploads\/2024\/03\/4a-4.jpg?fit=1080%2C720&ssl=1&resize=350%2C200","width":350,"height":200,"srcset":"https:\/\/i0.wp.com\/politicosaldesnudo.com.mx\/wp-content\/uploads\/2024\/03\/4a-4.jpg?fit=1080%2C720&ssl=1&resize=350%2C200 1x, https:\/\/i0.wp.com\/politicosaldesnudo.com.mx\/wp-content\/uploads\/2024\/03\/4a-4.jpg?fit=1080%2C720&ssl=1&resize=525%2C300 1.5x, https:\/\/i0.wp.com\/politicosaldesnudo.com.mx\/wp-content\/uploads\/2024\/03\/4a-4.jpg?fit=1080%2C720&ssl=1&resize=700%2C400 2x, https:\/\/i0.wp.com\/politicosaldesnudo.com.mx\/wp-content\/uploads\/2024\/03\/4a-4.jpg?fit=1080%2C720&ssl=1&resize=1050%2C600 3x"},"classes":[]},{"id":45986,"url":"https:\/\/politicosaldesnudo.com.mx\/index.php\/2024\/09\/10\/habitantes-de-los-kilometros-solicitan-atender-sus-peticiones\/","url_meta":{"origin":77452,"position":4},"title":"Habitantes de Los Kil\u00f3metros solicitan atender sus peticiones","author":"Redacci\u00f3n Pol\u00edticos","date":"10 de septiembre de 2024","format":false,"excerpt":"Este lunes habitantes de la ruta de los kil\u00f3metros acudieron al Ayuntamiento de Tuxpan para solicitar a las autoridades se atienden obras en rezago de sus comunidades como la infraestructura carretera y la ampliaci\u00f3n de red el\u00e9ctrica, obras que solicitan se contemplen en el presupuesto municipal de 2025. Arturo Simbr\u00f3n\u2026","rel":"","context":"En \u00abTUXPAN\u00bb","block_context":{"text":"TUXPAN","link":"https:\/\/politicosaldesnudo.com.mx\/index.php\/category\/tuxpan\/"},"img":{"alt_text":"","src":"https:\/\/i0.wp.com\/politicosaldesnudo.com.mx\/wp-content\/uploads\/2024\/09\/habitantes-de-los-kilometros-solicitan-atender-sus-peticiones-549460.jpeg?fit=800%2C600&ssl=1&resize=350%2C200","width":350,"height":200,"srcset":"https:\/\/i0.wp.com\/politicosaldesnudo.com.mx\/wp-content\/uploads\/2024\/09\/habitantes-de-los-kilometros-solicitan-atender-sus-peticiones-549460.jpeg?fit=800%2C600&ssl=1&resize=350%2C200 1x, https:\/\/i0.wp.com\/politicosaldesnudo.com.mx\/wp-content\/uploads\/2024\/09\/habitantes-de-los-kilometros-solicitan-atender-sus-peticiones-549460.jpeg?fit=800%2C600&ssl=1&resize=525%2C300 1.5x, https:\/\/i0.wp.com\/politicosaldesnudo.com.mx\/wp-content\/uploads\/2024\/09\/habitantes-de-los-kilometros-solicitan-atender-sus-peticiones-549460.jpeg?fit=800%2C600&ssl=1&resize=700%2C400 2x"},"classes":[]},{"id":28388,"url":"https:\/\/politicosaldesnudo.com.mx\/index.php\/2024\/01\/02\/favorece-a-turismo-el-buen-clima\/","url_meta":{"origin":77452,"position":5},"title":"Favorece a turismo  el buen clima","author":"Redacci\u00f3n Pol\u00edticos","date":"2 de enero de 2024","format":false,"excerpt":"Tuxpan.- Este primero de enero, cientos de tuxpe\u00f1os y turistas antes de volver a sus lugares de procedencia, aprovecharon el buen clima que se registr\u00f3 en la ciudad para disfrutar de la playa y posteriormente de la zona restaurantera de La Mata, por lo que existi\u00f3 gran afluencia en este\u2026","rel":"","context":"En \u00abTUXPAN\u00bb","block_context":{"text":"TUXPAN","link":"https:\/\/politicosaldesnudo.com.mx\/index.php\/category\/tuxpan\/"},"img":{"alt_text":"","src":"https:\/\/i0.wp.com\/politicosaldesnudo.com.mx\/wp-content\/uploads\/2024\/01\/4b.jpg?fit=1080%2C687&ssl=1&resize=350%2C200","width":350,"height":200,"srcset":"https:\/\/i0.wp.com\/politicosaldesnudo.com.mx\/wp-content\/uploads\/2024\/01\/4b.jpg?fit=1080%2C687&ssl=1&resize=350%2C200 1x, https:\/\/i0.wp.com\/politicosaldesnudo.com.mx\/wp-content\/uploads\/2024\/01\/4b.jpg?fit=1080%2C687&ssl=1&resize=525%2C300 1.5x, https:\/\/i0.wp.com\/politicosaldesnudo.com.mx\/wp-content\/uploads\/2024\/01\/4b.jpg?fit=1080%2C687&ssl=1&resize=700%2C400 2x, https:\/\/i0.wp.com\/politicosaldesnudo.com.mx\/wp-content\/uploads\/2024\/01\/4b.jpg?fit=1080%2C687&ssl=1&resize=1050%2C600 3x"},"classes":[]}],"jetpack_sharing_enabled":true,"jetpack_featured_media_url":"https:\/\/i0.wp.com\/politicosaldesnudo.com.mx\/wp-content\/uploads\/2026\/01\/WhatsApp-Image-2026-01-01-at-20.50.35.jpeg?fit=1600%2C1068&ssl=1","_links":{"self":[{"href":"https:\/\/politicosaldesnudo.com.mx\/index.php\/wp-json\/wp\/v2\/posts\/77452","targetHints":{"allow":["GET"]}}],"collection":[{"href":"https:\/\/politicosaldesnudo.com.mx\/index.php\/wp-json\/wp\/v2\/posts"}],"about":[{"href":"https:\/\/politicosaldesnudo.com.mx\/index.php\/wp-json\/wp\/v2\/types\/post"}],"author":[{"embeddable":true,"href":"https:\/\/politicosaldesnudo.com.mx\/index.php\/wp-json\/wp\/v2\/users\/4"}],"replies":[{"embeddable":true,"href":"https:\/\/politicosaldesnudo.com.mx\/index.php\/wp-json\/wp\/v2\/comments?post=77452"}],"version-history":[{"count":0,"href":"https:\/\/politicosaldesnudo.com.mx\/index.php\/wp-json\/wp\/v2\/posts\/77452\/revisions"}],"wp:featuredmedia":[{"embeddable":true,"href":"https:\/\/politicosaldesnudo.com.mx\/index.php\/wp-json\/wp\/v2\/media\/77453"}],"wp:attachment":[{"href":"https:\/\/politicosaldesnudo.com.mx\/index.php\/wp-json\/wp\/v2\/media?parent=77452"}],"wp:term":[{"taxonomy":"category","embeddable":true,"href":"https:\/\/politicosaldesnudo.com.mx\/index.php\/wp-json\/wp\/v2\/categories?post=77452"},{"taxonomy":"post_tag","embeddable":true,"href":"https:\/\/politicosaldesnudo.com.mx\/index.php\/wp-json\/wp\/v2\/tags?post=77452"}],"curies":[{"name":"wp","href":"https:\/\/api.w.org\/{rel}","templated":true}]}}