{"id":77471,"date":"2026-01-02T02:22:52","date_gmt":"2026-01-02T08:22:52","guid":{"rendered":"https:\/\/politicosaldesnudo.com.mx\/?p=77471"},"modified":"2026-01-02T02:22:52","modified_gmt":"2026-01-02T08:22:52","slug":"trump-retrasa-un-ano-los-aranceles-a-muebles-tapizados-gabinetes-de-cocina-y-tocadores","status":"publish","type":"post","link":"https:\/\/politicosaldesnudo.com.mx\/index.php\/2026\/01\/02\/trump-retrasa-un-ano-los-aranceles-a-muebles-tapizados-gabinetes-de-cocina-y-tocadores\/","title":{"rendered":"Trump retrasa un a\u00f1o los aranceles a muebles tapizados, gabinetes de cocina y tocadores"},"content":{"rendered":"<p class=\"nota-justify\">El presidente estadunidense Donald Trump firm\u00f3 una proclamaci\u00f3n de Nochevieja que retrasa durante un a\u00f1o el aumento de aranceles sobre muebles tapizados, gabinetes de cocina y tocadores, citando las conversaciones comerciales en curso.<\/p>\n<p class=\"nota-justify\">La orden de Trump firmada el mi\u00e9rcoles mantiene en vigor un arancel del 25 por ciento que impuso en septiembre sobre esos bienes, pero retrasa por otro a\u00f1o un arancel del 30% sobre muebles tapizados y un arancel del 50 por ciento sobre gabinetes de cocina y tocadores.<\/p>\n<p class=\"nota-justify\">Los aumentos, que estaban programados para entrar en vigor el 1 de enero, se producen al tiempo que el presidente republicano instituye una amplia gama de impuestos sobre bienes importados para abordar desequilibrios comerciales y otros problemas.<\/p>\n<p class=\"nota-justify\">El presidente ha manifestado que los aranceles sobre los muebles son necesarios para \u00abfortalecer la industria estadunidense y proteger la seguridad nacional\u00bb.<\/p>\n<p class=\"nota-justify\">El retraso es el \u00faltimo episodio en la monta\u00f1a rusa de las guerras arancelarias de Trump desde que regres\u00f3 al cargo el a\u00f1o pasado, con el presidente anunciando grav\u00e1menes a veces sin previo aviso y luego retras\u00e1ndolos o retir\u00e1ndose de ellos de manera igualmente abrupta.<\/p>\n","protected":false},"excerpt":{"rendered":"<p>El presidente estadunidense Donald Trump firm\u00f3 una proclamaci\u00f3n de Nochevieja que retrasa durante un a\u00f1o el aumento de aranceles sobre [&hellip;]<\/p>\n","protected":false},"author":4,"featured_media":77472,"comment_status":"closed","ping_status":"closed","sticky":false,"template":"","format":"standard","meta":{"site-sidebar-layout":"default","site-content-layout":"","ast-site-content-layout":"default","site-content-style":"default","site-sidebar-style":"default","ast-global-header-display":"","ast-banner-title-visibility":"","ast-main-header-display":"","ast-hfb-above-header-display":"","ast-hfb-below-header-display":"","ast-hfb-mobile-header-display":"","site-post-title":"","ast-breadcrumbs-content":"","ast-featured-img":"","footer-sml-layout":"","ast-disable-related-posts":"","theme-transparent-header-meta":"","adv-header-id-meta":"","stick-header-meta":"","header-above-stick-meta":"","header-main-stick-meta":"","header-below-stick-meta":"","astra-migrate-meta-layouts":"default","ast-page-background-enabled":"default","ast-page-background-meta":{"desktop":{"background-color":"var(--ast-global-color-5)","background-image":"","background-repeat":"repeat","background-position":"center center","background-size":"auto","background-attachment":"scroll","background-type":"","background-media":"","overlay-type":"","overlay-color":"","overlay-opacity":"","overlay-gradient":""},"tablet":{"background-color":"","background-image":"","background-repeat":"repeat","background-position":"center center","background-size":"auto","background-attachment":"scroll","background-type":"","background-media":"","overlay-type":"","overlay-color":"","overlay-opacity":"","overlay-gradient":""},"mobile":{"background-color":"","background-image":"","background-repeat":"repeat","background-position":"center center","background-size":"auto","background-attachment":"scroll","background-type":"","background-media":"","overlay-type":"","overlay-color":"","overlay-opacity":"","overlay-gradient":""}},"ast-content-background-meta":{"desktop":{"background-color":"var(--ast-global-color-4)","background-image":"","background-repeat":"repeat","background-position":"center center","background-size":"auto","background-attachment":"scroll","background-type":"","background-media":"","overlay-type":"","overlay-color":"","overlay-opacity":"","overlay-gradient":""},"tablet":{"background-color":"var(--ast-global-color-4)","background-image":"","background-repeat":"repeat","background-position":"center center","background-size":"auto","background-attachment":"scroll","background-type":"","background-media":"","overlay-type":"","overlay-color":"","overlay-opacity":"","overlay-gradient":""},"mobile":{"background-color":"var(--ast-global-color-4)","background-image":"","background-repeat":"repeat","background-position":"center center","background-size":"auto","background-attachment":"scroll","background-type":"","background-media":"","overlay-type":"","overlay-color":"","overlay-opacity":"","overlay-gradient":""}},"_jetpack_newsletter_access":"","_jetpack_dont_email_post_to_subs":false,"_jetpack_newsletter_tier_id":0,"_jetpack_memberships_contains_paywalled_content":false,"_jetpack_feature_clip_id":0,"_jetpack_memberships_contains_paid_content":false,"footnotes":"","jetpack_publicize_message":"","jetpack_publicize_feature_enabled":true,"jetpack_social_post_already_shared":true,"jetpack_social_options":{"image_generator_settings":{"template":"highway","default_image_id":0,"font":"","enabled":false},"version":2},"jetpack_post_was_ever_published":false},"categories":[2050],"tags":[],"class_list":["post-77471","post","type-post","status-publish","format-standard","has-post-thumbnail","hentry","category-economia"],"yoast_head":"<!-- This site is optimized with the Yoast SEO plugin v28.3 - https:\/\/yoast.com\/product\/yoast-seo-wordpress\/ -->\n<title>Trump retrasa un a\u00f1o los aranceles a muebles tapizados, gabinetes de cocina y tocadores - Pol\u00edticos al Desnudo<\/title>\n<meta name=\"robots\" content=\"index, follow, max-snippet:-1, max-image-preview:large, max-video-preview:-1\" \/>\n<link rel=\"canonical\" href=\"https:\/\/politicosaldesnudo.com.mx\/index.php\/2026\/01\/02\/trump-retrasa-un-ano-los-aranceles-a-muebles-tapizados-gabinetes-de-cocina-y-tocadores\/\" \/>\n<meta property=\"og:locale\" content=\"es_ES\" \/>\n<meta property=\"og:type\" content=\"article\" \/>\n<meta property=\"og:title\" content=\"Trump retrasa un a\u00f1o los aranceles a muebles tapizados, gabinetes de cocina y tocadores - Pol\u00edticos al Desnudo\" \/>\n<meta property=\"og:description\" content=\"El presidente estadunidense Donald Trump firm\u00f3 una proclamaci\u00f3n de Nochevieja que retrasa durante un a\u00f1o el aumento de aranceles sobre [&hellip;]\" \/>\n<meta property=\"og:url\" content=\"https:\/\/politicosaldesnudo.com.mx\/index.php\/2026\/01\/02\/trump-retrasa-un-ano-los-aranceles-a-muebles-tapizados-gabinetes-de-cocina-y-tocadores\/\" \/>\n<meta property=\"og:site_name\" content=\"Pol\u00edticos al Desnudo\" \/>\n<meta property=\"article:publisher\" content=\"https:\/\/www.facebook.com\/PoliticosAD\" \/>\n<meta property=\"article:published_time\" content=\"2026-01-02T08:22:52+00:00\" \/>\n<meta property=\"og:image\" content=\"https:\/\/i0.wp.com\/politicosaldesnudo.com.mx\/wp-content\/uploads\/2026\/01\/GUEBA.jpg?fit=1200%2C801&ssl=1\" \/>\n\t<meta property=\"og:image:width\" content=\"1200\" \/>\n\t<meta property=\"og:image:height\" content=\"801\" \/>\n\t<meta property=\"og:image:type\" content=\"image\/jpeg\" \/>\n<meta name=\"author\" content=\"Redacci\u00f3n Pol\u00edticos\" \/>\n<meta name=\"twitter:card\" content=\"summary_large_image\" \/>\n<meta name=\"twitter:label1\" content=\"Escrito por\" \/>\n\t<meta name=\"twitter:data1\" content=\"Redacci\u00f3n Pol\u00edticos\" \/>\n\t<meta name=\"twitter:label2\" content=\"Tiempo de lectura\" \/>\n\t<meta name=\"twitter:data2\" content=\"1 minuto\" \/>\n<script type=\"application\/ld+json\" class=\"yoast-schema-graph\">{\"@context\":\"https:\\\/\\\/schema.org\",\"@graph\":[{\"@type\":\"Article\",\"@id\":\"https:\\\/\\\/politicosaldesnudo.com.mx\\\/index.php\\\/2026\\\/01\\\/02\\\/trump-retrasa-un-ano-los-aranceles-a-muebles-tapizados-gabinetes-de-cocina-y-tocadores\\\/#article\",\"isPartOf\":{\"@id\":\"https:\\\/\\\/politicosaldesnudo.com.mx\\\/index.php\\\/2026\\\/01\\\/02\\\/trump-retrasa-un-ano-los-aranceles-a-muebles-tapizados-gabinetes-de-cocina-y-tocadores\\\/\"},\"author\":{\"name\":\"Redacci\u00f3n Pol\u00edticos\",\"@id\":\"https:\\\/\\\/politicosaldesnudo.com.mx\\\/#\\\/schema\\\/person\\\/ef3a64e561cc3f3f5dc52fab81adde7e\"},\"headline\":\"Trump retrasa un a\u00f1o los aranceles a muebles tapizados, gabinetes de cocina y tocadores\",\"datePublished\":\"2026-01-02T08:22:52+00:00\",\"mainEntityOfPage\":{\"@id\":\"https:\\\/\\\/politicosaldesnudo.com.mx\\\/index.php\\\/2026\\\/01\\\/02\\\/trump-retrasa-un-ano-los-aranceles-a-muebles-tapizados-gabinetes-de-cocina-y-tocadores\\\/\"},\"wordCount\":205,\"publisher\":{\"@id\":\"https:\\\/\\\/politicosaldesnudo.com.mx\\\/#organization\"},\"image\":{\"@id\":\"https:\\\/\\\/politicosaldesnudo.com.mx\\\/index.php\\\/2026\\\/01\\\/02\\\/trump-retrasa-un-ano-los-aranceles-a-muebles-tapizados-gabinetes-de-cocina-y-tocadores\\\/#primaryimage\"},\"thumbnailUrl\":\"https:\\\/\\\/i0.wp.com\\\/politicosaldesnudo.com.mx\\\/wp-content\\\/uploads\\\/2026\\\/01\\\/GUEBA.jpg?fit=1200%2C801&ssl=1\",\"articleSection\":[\"ECONOM\u00cdA\"],\"inLanguage\":\"es\"},{\"@type\":\"WebPage\",\"@id\":\"https:\\\/\\\/politicosaldesnudo.com.mx\\\/index.php\\\/2026\\\/01\\\/02\\\/trump-retrasa-un-ano-los-aranceles-a-muebles-tapizados-gabinetes-de-cocina-y-tocadores\\\/\",\"url\":\"https:\\\/\\\/politicosaldesnudo.com.mx\\\/index.php\\\/2026\\\/01\\\/02\\\/trump-retrasa-un-ano-los-aranceles-a-muebles-tapizados-gabinetes-de-cocina-y-tocadores\\\/\",\"name\":\"Trump retrasa un a\u00f1o los aranceles a muebles tapizados, gabinetes de cocina y tocadores - Pol\u00edticos al Desnudo\",\"isPartOf\":{\"@id\":\"https:\\\/\\\/politicosaldesnudo.com.mx\\\/#website\"},\"primaryImageOfPage\":{\"@id\":\"https:\\\/\\\/politicosaldesnudo.com.mx\\\/index.php\\\/2026\\\/01\\\/02\\\/trump-retrasa-un-ano-los-aranceles-a-muebles-tapizados-gabinetes-de-cocina-y-tocadores\\\/#primaryimage\"},\"image\":{\"@id\":\"https:\\\/\\\/politicosaldesnudo.com.mx\\\/index.php\\\/2026\\\/01\\\/02\\\/trump-retrasa-un-ano-los-aranceles-a-muebles-tapizados-gabinetes-de-cocina-y-tocadores\\\/#primaryimage\"},\"thumbnailUrl\":\"https:\\\/\\\/i0.wp.com\\\/politicosaldesnudo.com.mx\\\/wp-content\\\/uploads\\\/2026\\\/01\\\/GUEBA.jpg?fit=1200%2C801&ssl=1\",\"datePublished\":\"2026-01-02T08:22:52+00:00\",\"breadcrumb\":{\"@id\":\"https:\\\/\\\/politicosaldesnudo.com.mx\\\/index.php\\\/2026\\\/01\\\/02\\\/trump-retrasa-un-ano-los-aranceles-a-muebles-tapizados-gabinetes-de-cocina-y-tocadores\\\/#breadcrumb\"},\"inLanguage\":\"es\",\"potentialAction\":[{\"@type\":\"ReadAction\",\"target\":[\"https:\\\/\\\/politicosaldesnudo.com.mx\\\/index.php\\\/2026\\\/01\\\/02\\\/trump-retrasa-un-ano-los-aranceles-a-muebles-tapizados-gabinetes-de-cocina-y-tocadores\\\/\"]}]},{\"@type\":\"ImageObject\",\"inLanguage\":\"es\",\"@id\":\"https:\\\/\\\/politicosaldesnudo.com.mx\\\/index.php\\\/2026\\\/01\\\/02\\\/trump-retrasa-un-ano-los-aranceles-a-muebles-tapizados-gabinetes-de-cocina-y-tocadores\\\/#primaryimage\",\"url\":\"https:\\\/\\\/i0.wp.com\\\/politicosaldesnudo.com.mx\\\/wp-content\\\/uploads\\\/2026\\\/01\\\/GUEBA.jpg?fit=1200%2C801&ssl=1\",\"contentUrl\":\"https:\\\/\\\/i0.wp.com\\\/politicosaldesnudo.com.mx\\\/wp-content\\\/uploads\\\/2026\\\/01\\\/GUEBA.jpg?fit=1200%2C801&ssl=1\",\"width\":1200,\"height\":801},{\"@type\":\"BreadcrumbList\",\"@id\":\"https:\\\/\\\/politicosaldesnudo.com.mx\\\/index.php\\\/2026\\\/01\\\/02\\\/trump-retrasa-un-ano-los-aranceles-a-muebles-tapizados-gabinetes-de-cocina-y-tocadores\\\/#breadcrumb\",\"itemListElement\":[{\"@type\":\"ListItem\",\"position\":1,\"name\":\"Portada\",\"item\":\"https:\\\/\\\/politicosaldesnudo.com.mx\\\/\"},{\"@type\":\"ListItem\",\"position\":2,\"name\":\"Trump retrasa un a\u00f1o los aranceles a muebles tapizados, gabinetes de cocina y tocadores\"}]},{\"@type\":\"WebSite\",\"@id\":\"https:\\\/\\\/politicosaldesnudo.com.mx\\\/#website\",\"url\":\"https:\\\/\\\/politicosaldesnudo.com.mx\\\/\",\"name\":\"Pol\u00edticos al Desnudo\",\"description\":\"\",\"publisher\":{\"@id\":\"https:\\\/\\\/politicosaldesnudo.com.mx\\\/#organization\"},\"potentialAction\":[{\"@type\":\"SearchAction\",\"target\":{\"@type\":\"EntryPoint\",\"urlTemplate\":\"https:\\\/\\\/politicosaldesnudo.com.mx\\\/?s={search_term_string}\"},\"query-input\":{\"@type\":\"PropertyValueSpecification\",\"valueRequired\":true,\"valueName\":\"search_term_string\"}}],\"inLanguage\":\"es\"},{\"@type\":\"Organization\",\"@id\":\"https:\\\/\\\/politicosaldesnudo.com.mx\\\/#organization\",\"name\":\"Pol\u00edticos al Desnudo\",\"url\":\"https:\\\/\\\/politicosaldesnudo.com.mx\\\/\",\"logo\":{\"@type\":\"ImageObject\",\"inLanguage\":\"es\",\"@id\":\"https:\\\/\\\/politicosaldesnudo.com.mx\\\/#\\\/schema\\\/logo\\\/image\\\/\",\"url\":\"https:\\\/\\\/i0.wp.com\\\/politicosaldesnudo.com.mx\\\/wp-content\\\/uploads\\\/2026\\\/08\\\/cropped-logo.webp?fit=400%2C126&ssl=1\",\"contentUrl\":\"https:\\\/\\\/i0.wp.com\\\/politicosaldesnudo.com.mx\\\/wp-content\\\/uploads\\\/2026\\\/08\\\/cropped-logo.webp?fit=400%2C126&ssl=1\",\"width\":400,\"height\":126,\"caption\":\"Pol\u00edticos al Desnudo\"},\"image\":{\"@id\":\"https:\\\/\\\/politicosaldesnudo.com.mx\\\/#\\\/schema\\\/logo\\\/image\\\/\"},\"sameAs\":[\"https:\\\/\\\/www.facebook.com\\\/PoliticosAD\"]},{\"@type\":\"Person\",\"@id\":\"https:\\\/\\\/politicosaldesnudo.com.mx\\\/#\\\/schema\\\/person\\\/ef3a64e561cc3f3f5dc52fab81adde7e\",\"name\":\"Redacci\u00f3n Pol\u00edticos\",\"url\":\"https:\\\/\\\/politicosaldesnudo.com.mx\\\/index.php\\\/author\\\/redaccion-politicos\\\/\"}]}<\/script>\n<!-- \/ Yoast SEO plugin. -->","yoast_head_json":{"title":"Trump retrasa un a\u00f1o los aranceles a muebles tapizados, gabinetes de cocina y tocadores - Pol\u00edticos al Desnudo","robots":{"index":"index","follow":"follow","max-snippet":"max-snippet:-1","max-image-preview":"max-image-preview:large","max-video-preview":"max-video-preview:-1"},"canonical":"https:\/\/politicosaldesnudo.com.mx\/index.php\/2026\/01\/02\/trump-retrasa-un-ano-los-aranceles-a-muebles-tapizados-gabinetes-de-cocina-y-tocadores\/","og_locale":"es_ES","og_type":"article","og_title":"Trump retrasa un a\u00f1o los aranceles a muebles tapizados, gabinetes de cocina y tocadores - Pol\u00edticos al Desnudo","og_description":"El presidente estadunidense Donald Trump firm\u00f3 una proclamaci\u00f3n de Nochevieja que retrasa durante un a\u00f1o el aumento de aranceles sobre [&hellip;]","og_url":"https:\/\/politicosaldesnudo.com.mx\/index.php\/2026\/01\/02\/trump-retrasa-un-ano-los-aranceles-a-muebles-tapizados-gabinetes-de-cocina-y-tocadores\/","og_site_name":"Pol\u00edticos al Desnudo","article_publisher":"https:\/\/www.facebook.com\/PoliticosAD","article_published_time":"2026-01-02T08:22:52+00:00","og_image":[{"width":1200,"height":801,"url":"https:\/\/i0.wp.com\/politicosaldesnudo.com.mx\/wp-content\/uploads\/2026\/01\/GUEBA.jpg?fit=1200%2C801&ssl=1","type":"image\/jpeg"}],"author":"Redacci\u00f3n Pol\u00edticos","twitter_card":"summary_large_image","twitter_misc":{"Escrito por":"Redacci\u00f3n Pol\u00edticos","Tiempo de lectura":"1 minuto"},"schema":{"@context":"https:\/\/schema.org","@graph":[{"@type":"Article","@id":"https:\/\/politicosaldesnudo.com.mx\/index.php\/2026\/01\/02\/trump-retrasa-un-ano-los-aranceles-a-muebles-tapizados-gabinetes-de-cocina-y-tocadores\/#article","isPartOf":{"@id":"https:\/\/politicosaldesnudo.com.mx\/index.php\/2026\/01\/02\/trump-retrasa-un-ano-los-aranceles-a-muebles-tapizados-gabinetes-de-cocina-y-tocadores\/"},"author":{"name":"Redacci\u00f3n Pol\u00edticos","@id":"https:\/\/politicosaldesnudo.com.mx\/#\/schema\/person\/ef3a64e561cc3f3f5dc52fab81adde7e"},"headline":"Trump retrasa un a\u00f1o los aranceles a muebles tapizados, gabinetes de cocina y tocadores","datePublished":"2026-01-02T08:22:52+00:00","mainEntityOfPage":{"@id":"https:\/\/politicosaldesnudo.com.mx\/index.php\/2026\/01\/02\/trump-retrasa-un-ano-los-aranceles-a-muebles-tapizados-gabinetes-de-cocina-y-tocadores\/"},"wordCount":205,"publisher":{"@id":"https:\/\/politicosaldesnudo.com.mx\/#organization"},"image":{"@id":"https:\/\/politicosaldesnudo.com.mx\/index.php\/2026\/01\/02\/trump-retrasa-un-ano-los-aranceles-a-muebles-tapizados-gabinetes-de-cocina-y-tocadores\/#primaryimage"},"thumbnailUrl":"https:\/\/i0.wp.com\/politicosaldesnudo.com.mx\/wp-content\/uploads\/2026\/01\/GUEBA.jpg?fit=1200%2C801&ssl=1","articleSection":["ECONOM\u00cdA"],"inLanguage":"es"},{"@type":"WebPage","@id":"https:\/\/politicosaldesnudo.com.mx\/index.php\/2026\/01\/02\/trump-retrasa-un-ano-los-aranceles-a-muebles-tapizados-gabinetes-de-cocina-y-tocadores\/","url":"https:\/\/politicosaldesnudo.com.mx\/index.php\/2026\/01\/02\/trump-retrasa-un-ano-los-aranceles-a-muebles-tapizados-gabinetes-de-cocina-y-tocadores\/","name":"Trump retrasa un a\u00f1o los aranceles a muebles tapizados, gabinetes de cocina y tocadores - Pol\u00edticos al Desnudo","isPartOf":{"@id":"https:\/\/politicosaldesnudo.com.mx\/#website"},"primaryImageOfPage":{"@id":"https:\/\/politicosaldesnudo.com.mx\/index.php\/2026\/01\/02\/trump-retrasa-un-ano-los-aranceles-a-muebles-tapizados-gabinetes-de-cocina-y-tocadores\/#primaryimage"},"image":{"@id":"https:\/\/politicosaldesnudo.com.mx\/index.php\/2026\/01\/02\/trump-retrasa-un-ano-los-aranceles-a-muebles-tapizados-gabinetes-de-cocina-y-tocadores\/#primaryimage"},"thumbnailUrl":"https:\/\/i0.wp.com\/politicosaldesnudo.com.mx\/wp-content\/uploads\/2026\/01\/GUEBA.jpg?fit=1200%2C801&ssl=1","datePublished":"2026-01-02T08:22:52+00:00","breadcrumb":{"@id":"https:\/\/politicosaldesnudo.com.mx\/index.php\/2026\/01\/02\/trump-retrasa-un-ano-los-aranceles-a-muebles-tapizados-gabinetes-de-cocina-y-tocadores\/#breadcrumb"},"inLanguage":"es","potentialAction":[{"@type":"ReadAction","target":["https:\/\/politicosaldesnudo.com.mx\/index.php\/2026\/01\/02\/trump-retrasa-un-ano-los-aranceles-a-muebles-tapizados-gabinetes-de-cocina-y-tocadores\/"]}]},{"@type":"ImageObject","inLanguage":"es","@id":"https:\/\/politicosaldesnudo.com.mx\/index.php\/2026\/01\/02\/trump-retrasa-un-ano-los-aranceles-a-muebles-tapizados-gabinetes-de-cocina-y-tocadores\/#primaryimage","url":"https:\/\/i0.wp.com\/politicosaldesnudo.com.mx\/wp-content\/uploads\/2026\/01\/GUEBA.jpg?fit=1200%2C801&ssl=1","contentUrl":"https:\/\/i0.wp.com\/politicosaldesnudo.com.mx\/wp-content\/uploads\/2026\/01\/GUEBA.jpg?fit=1200%2C801&ssl=1","width":1200,"height":801},{"@type":"BreadcrumbList","@id":"https:\/\/politicosaldesnudo.com.mx\/index.php\/2026\/01\/02\/trump-retrasa-un-ano-los-aranceles-a-muebles-tapizados-gabinetes-de-cocina-y-tocadores\/#breadcrumb","itemListElement":[{"@type":"ListItem","position":1,"name":"Portada","item":"https:\/\/politicosaldesnudo.com.mx\/"},{"@type":"ListItem","position":2,"name":"Trump retrasa un a\u00f1o los aranceles a muebles tapizados, gabinetes de cocina y tocadores"}]},{"@type":"WebSite","@id":"https:\/\/politicosaldesnudo.com.mx\/#website","url":"https:\/\/politicosaldesnudo.com.mx\/","name":"Pol\u00edticos al Desnudo","description":"","publisher":{"@id":"https:\/\/politicosaldesnudo.com.mx\/#organization"},"potentialAction":[{"@type":"SearchAction","target":{"@type":"EntryPoint","urlTemplate":"https:\/\/politicosaldesnudo.com.mx\/?s={search_term_string}"},"query-input":{"@type":"PropertyValueSpecification","valueRequired":true,"valueName":"search_term_string"}}],"inLanguage":"es"},{"@type":"Organization","@id":"https:\/\/politicosaldesnudo.com.mx\/#organization","name":"Pol\u00edticos al Desnudo","url":"https:\/\/politicosaldesnudo.com.mx\/","logo":{"@type":"ImageObject","inLanguage":"es","@id":"https:\/\/politicosaldesnudo.com.mx\/#\/schema\/logo\/image\/","url":"https:\/\/i0.wp.com\/politicosaldesnudo.com.mx\/wp-content\/uploads\/2026\/08\/cropped-logo.webp?fit=400%2C126&ssl=1","contentUrl":"https:\/\/i0.wp.com\/politicosaldesnudo.com.mx\/wp-content\/uploads\/2026\/08\/cropped-logo.webp?fit=400%2C126&ssl=1","width":400,"height":126,"caption":"Pol\u00edticos al Desnudo"},"image":{"@id":"https:\/\/politicosaldesnudo.com.mx\/#\/schema\/logo\/image\/"},"sameAs":["https:\/\/www.facebook.com\/PoliticosAD"]},{"@type":"Person","@id":"https:\/\/politicosaldesnudo.com.mx\/#\/schema\/person\/ef3a64e561cc3f3f5dc52fab81adde7e","name":"Redacci\u00f3n Pol\u00edticos","url":"https:\/\/politicosaldesnudo.com.mx\/index.php\/author\/redaccion-politicos\/"}]}},"jetpack_publicize_connections":[],"jetpack-related-posts":[{"id":88048,"url":"https:\/\/politicosaldesnudo.com.mx\/index.php\/2026\/08\/24\/trump-eleva-la-presion-sobre-canada-con-aranceles-de-50-al-sector-automotriz\/","url_meta":{"origin":77471,"position":0},"title":"Trump eleva la presi\u00f3n sobre Canad\u00e1 con aranceles de 50% al sector automotriz","author":"Redacci\u00f3n Pol\u00edticos","date":"24 de agosto de 2026","format":false,"excerpt":"Washington.- La disputa comercial entre Estados Unidos y Canad\u00e1 entr\u00f3 en una nueva fase despu\u00e9s de que Donald Trump anunciara un arancel de 50 por ciento para los veh\u00edculos, camiones, autopartes y productos de acero procedentes del pa\u00eds vecino. Las nuevas tarifas entrar\u00edan en vigor el 1 de enero de\u2026","rel":"","context":"En \u00abINTERNACIONAL\u00bb","block_context":{"text":"INTERNACIONAL","link":"https:\/\/politicosaldesnudo.com.mx\/index.php\/category\/internacional\/"},"img":{"alt_text":"","src":"https:\/\/i0.wp.com\/politicosaldesnudo.com.mx\/wp-content\/uploads\/2026\/08\/trump-vs-carney-aranceles.jpg?fit=1200%2C675&ssl=1&resize=350%2C200","width":350,"height":200,"srcset":"https:\/\/i0.wp.com\/politicosaldesnudo.com.mx\/wp-content\/uploads\/2026\/08\/trump-vs-carney-aranceles.jpg?fit=1200%2C675&ssl=1&resize=350%2C200 1x, https:\/\/i0.wp.com\/politicosaldesnudo.com.mx\/wp-content\/uploads\/2026\/08\/trump-vs-carney-aranceles.jpg?fit=1200%2C675&ssl=1&resize=525%2C300 1.5x, https:\/\/i0.wp.com\/politicosaldesnudo.com.mx\/wp-content\/uploads\/2026\/08\/trump-vs-carney-aranceles.jpg?fit=1200%2C675&ssl=1&resize=700%2C400 2x, https:\/\/i0.wp.com\/politicosaldesnudo.com.mx\/wp-content\/uploads\/2026\/08\/trump-vs-carney-aranceles.jpg?fit=1200%2C675&ssl=1&resize=1050%2C600 3x"},"classes":[]},{"id":87999,"url":"https:\/\/politicosaldesnudo.com.mx\/index.php\/2026\/08\/23\/estados-unidos-advierte-graves-consecuencias-para-canada-tras-ruptura-comercial\/","url_meta":{"origin":77471,"position":1},"title":"Estados Unidos advierte graves consecuencias para Canad\u00e1 tras ruptura comercial","author":"Redacci\u00f3n Pol\u00edticos","date":"23 de agosto de 2026","format":false,"excerpt":"La tensi\u00f3n entre Estados Unidos y Canad\u00e1 escal\u00f3 despu\u00e9s del fracaso de las negociaciones comerciales y la entrada en vigor de nuevos aranceles estadounidenses de 50% sobre productos canadienses. El secretario de Transporte de Estados Unidos, Sean Duffy, advirti\u00f3 que Ottawa tendr\u00eda m\u00e1s que perder si mantiene su confrontaci\u00f3n econ\u00f3mica\u2026","rel":"","context":"En \u00abINTERNACIONAL\u00bb","block_context":{"text":"INTERNACIONAL","link":"https:\/\/politicosaldesnudo.com.mx\/index.php\/category\/internacional\/"},"img":{"alt_text":"","src":"https:\/\/i0.wp.com\/politicosaldesnudo.com.mx\/wp-content\/uploads\/2026\/08\/eucan-1.png?fit=1200%2C675&ssl=1&resize=350%2C200","width":350,"height":200,"srcset":"https:\/\/i0.wp.com\/politicosaldesnudo.com.mx\/wp-content\/uploads\/2026\/08\/eucan-1.png?fit=1200%2C675&ssl=1&resize=350%2C200 1x, https:\/\/i0.wp.com\/politicosaldesnudo.com.mx\/wp-content\/uploads\/2026\/08\/eucan-1.png?fit=1200%2C675&ssl=1&resize=525%2C300 1.5x, https:\/\/i0.wp.com\/politicosaldesnudo.com.mx\/wp-content\/uploads\/2026\/08\/eucan-1.png?fit=1200%2C675&ssl=1&resize=700%2C400 2x, https:\/\/i0.wp.com\/politicosaldesnudo.com.mx\/wp-content\/uploads\/2026\/08\/eucan-1.png?fit=1200%2C675&ssl=1&resize=1050%2C600 3x"},"classes":[]},{"id":88260,"url":"https:\/\/politicosaldesnudo.com.mx\/index.php\/2026\/09\/01\/canada-pone-un-alto-a-trump-no-retomara-dialogo-comercial-mientras-continuen-burlas-y-ataques\/","url_meta":{"origin":77471,"position":2},"title":"Canad\u00e1 pone un alto a Trump: no retomar\u00e1 di\u00e1logo comercial mientras contin\u00faen burlas y ataques","author":"Redacci\u00f3n Pol\u00edticos","date":"1 de septiembre de 2026","format":false,"excerpt":"El primer ministro canadiense, Mark Carney, condicion\u00f3 la reanudaci\u00f3n de las negociaciones comerciales con Estados Unidos a que el Gobierno de Donald Trump abandone las provocaciones y muestre una disposici\u00f3n seria para alcanzar un acuerdo. Carney se\u00f1al\u00f3 que Canad\u00e1 est\u00e1 preparado para volver a la mesa de di\u00e1logo, pero \u00fanicamente\u2026","rel":"","context":"En \u00abINTERNACIONAL\u00bb","block_context":{"text":"INTERNACIONAL","link":"https:\/\/politicosaldesnudo.com.mx\/index.php\/category\/internacional\/"},"img":{"alt_text":"","src":"https:\/\/i0.wp.com\/politicosaldesnudo.com.mx\/wp-content\/uploads\/2026\/09\/gettyimages-2227090184-1024x1024-1.jpg?fit=1024%2C683&ssl=1&resize=350%2C200","width":350,"height":200,"srcset":"https:\/\/i0.wp.com\/politicosaldesnudo.com.mx\/wp-content\/uploads\/2026\/09\/gettyimages-2227090184-1024x1024-1.jpg?fit=1024%2C683&ssl=1&resize=350%2C200 1x, https:\/\/i0.wp.com\/politicosaldesnudo.com.mx\/wp-content\/uploads\/2026\/09\/gettyimages-2227090184-1024x1024-1.jpg?fit=1024%2C683&ssl=1&resize=525%2C300 1.5x, https:\/\/i0.wp.com\/politicosaldesnudo.com.mx\/wp-content\/uploads\/2026\/09\/gettyimages-2227090184-1024x1024-1.jpg?fit=1024%2C683&ssl=1&resize=700%2C400 2x"},"classes":[]},{"id":88106,"url":"https:\/\/politicosaldesnudo.com.mx\/index.php\/2026\/08\/27\/trump-rebautiza-el-lago-ontario-y-abre-otro-frente-de-tension-con-canada\/","url_meta":{"origin":77471,"position":3},"title":"Trump rebautiza el lago Ontario y abre otro frente de tensi\u00f3n con Canad\u00e1","author":"Redacci\u00f3n Pol\u00edticos","date":"27 de agosto de 2026","format":false,"excerpt":"El presidente estadounidense orden\u00f3 que las dependencias federales utilicen el nombre \u201clago Am\u00e9rica\u201d; Ottawa rechaz\u00f3 la medida y advirti\u00f3 que conservar\u00e1 su denominaci\u00f3n hist\u00f3rica. Washington.\u2014 La disputa pol\u00edtica y comercial entre Estados Unidos y Canad\u00e1 lleg\u00f3 este jueves hasta la geograf\u00eda. El presidente Donald Trump firm\u00f3 una orden ejecutiva para\u2026","rel":"","context":"En \u00abINTERNACIONAL\u00bb","block_context":{"text":"INTERNACIONAL","link":"https:\/\/politicosaldesnudo.com.mx\/index.php\/category\/internacional\/"},"img":{"alt_text":"","src":"https:\/\/i0.wp.com\/politicosaldesnudo.com.mx\/wp-content\/uploads\/2026\/08\/TRUMP-2-scaled.jpg?fit=1200%2C800&ssl=1&resize=350%2C200","width":350,"height":200,"srcset":"https:\/\/i0.wp.com\/politicosaldesnudo.com.mx\/wp-content\/uploads\/2026\/08\/TRUMP-2-scaled.jpg?fit=1200%2C800&ssl=1&resize=350%2C200 1x, https:\/\/i0.wp.com\/politicosaldesnudo.com.mx\/wp-content\/uploads\/2026\/08\/TRUMP-2-scaled.jpg?fit=1200%2C800&ssl=1&resize=525%2C300 1.5x, https:\/\/i0.wp.com\/politicosaldesnudo.com.mx\/wp-content\/uploads\/2026\/08\/TRUMP-2-scaled.jpg?fit=1200%2C800&ssl=1&resize=700%2C400 2x, https:\/\/i0.wp.com\/politicosaldesnudo.com.mx\/wp-content\/uploads\/2026\/08\/TRUMP-2-scaled.jpg?fit=1200%2C800&ssl=1&resize=1050%2C600 3x"},"classes":[]},{"id":88115,"url":"https:\/\/politicosaldesnudo.com.mx\/index.php\/2026\/08\/27\/ayer-hoy-y-siempre-canada-desafia-a-trump-y-mantiene-el-nombre-del-lago-ontario\/","url_meta":{"origin":77471,"position":4},"title":"\u201cAyer, hoy y siempre\u201d: Canad\u00e1 desaf\u00eda a Trump y mantiene el nombre del Lago Ontario","author":"Redacci\u00f3n Pol\u00edticos","date":"27 de agosto de 2026","format":false,"excerpt":"El intento de Donald Trump por rebautizar el Lago Ontario encontr\u00f3 una respuesta inmediata desde Canad\u00e1. El primer ministro Mark Carney rechaz\u00f3 la decisi\u00f3n del mandatario estadounidense y asegur\u00f3 que, para los canadienses, ese cuerpo de agua conservar\u00e1 su nombre hist\u00f3rico. La controversia estall\u00f3 luego de que Trump firmara una\u2026","rel":"","context":"En \u00abINTERNACIONAL\u00bb","block_context":{"text":"INTERNACIONAL","link":"https:\/\/politicosaldesnudo.com.mx\/index.php\/category\/internacional\/"},"img":{"alt_text":"","src":"https:\/\/i0.wp.com\/politicosaldesnudo.com.mx\/wp-content\/uploads\/2026\/08\/ChatGPT-Image-27-ago-2026-22_54_38.png?fit=1200%2C675&ssl=1&resize=350%2C200","width":350,"height":200,"srcset":"https:\/\/i0.wp.com\/politicosaldesnudo.com.mx\/wp-content\/uploads\/2026\/08\/ChatGPT-Image-27-ago-2026-22_54_38.png?fit=1200%2C675&ssl=1&resize=350%2C200 1x, https:\/\/i0.wp.com\/politicosaldesnudo.com.mx\/wp-content\/uploads\/2026\/08\/ChatGPT-Image-27-ago-2026-22_54_38.png?fit=1200%2C675&ssl=1&resize=525%2C300 1.5x, https:\/\/i0.wp.com\/politicosaldesnudo.com.mx\/wp-content\/uploads\/2026\/08\/ChatGPT-Image-27-ago-2026-22_54_38.png?fit=1200%2C675&ssl=1&resize=700%2C400 2x, https:\/\/i0.wp.com\/politicosaldesnudo.com.mx\/wp-content\/uploads\/2026\/08\/ChatGPT-Image-27-ago-2026-22_54_38.png?fit=1200%2C675&ssl=1&resize=1050%2C600 3x"},"classes":[]},{"id":87973,"url":"https:\/\/politicosaldesnudo.com.mx\/index.php\/2026\/08\/22\/canada-desafia-a-trump-y-prepara-represalias-comerciales-contra-estados-unidos\/","url_meta":{"origin":77471,"position":5},"title":"Canad\u00e1 desaf\u00eda a Trump y prepara represalias comerciales contra Estados Unidos","author":"Redacci\u00f3n Pol\u00edticos","date":"22 de agosto de 2026","format":false,"excerpt":"La tensi\u00f3n comercial entre Canad\u00e1 y Estados Unidos escal\u00f3 despu\u00e9s de que ambos gobiernos fracasaran en su intento por alcanzar un acuerdo. Ottawa anunci\u00f3 que responder\u00e1 con nuevos aranceles a mercanc\u00edas estadounidenses a partir del pr\u00f3ximo 8 de septiembre. El primer ministro canadiense, Mark Carney, inform\u00f3 que las medidas alcanzar\u00e1n\u2026","rel":"","context":"En \u00abINTERNACIONAL\u00bb","block_context":{"text":"INTERNACIONAL","link":"https:\/\/politicosaldesnudo.com.mx\/index.php\/category\/internacional\/"},"img":{"alt_text":"","src":"https:\/\/i0.wp.com\/politicosaldesnudo.com.mx\/wp-content\/uploads\/2026\/08\/7e33f41a-155c-4331-9834-f6b40b230a80.png?fit=1200%2C675&ssl=1&resize=350%2C200","width":350,"height":200,"srcset":"https:\/\/i0.wp.com\/politicosaldesnudo.com.mx\/wp-content\/uploads\/2026\/08\/7e33f41a-155c-4331-9834-f6b40b230a80.png?fit=1200%2C675&ssl=1&resize=350%2C200 1x, https:\/\/i0.wp.com\/politicosaldesnudo.com.mx\/wp-content\/uploads\/2026\/08\/7e33f41a-155c-4331-9834-f6b40b230a80.png?fit=1200%2C675&ssl=1&resize=525%2C300 1.5x, https:\/\/i0.wp.com\/politicosaldesnudo.com.mx\/wp-content\/uploads\/2026\/08\/7e33f41a-155c-4331-9834-f6b40b230a80.png?fit=1200%2C675&ssl=1&resize=700%2C400 2x, https:\/\/i0.wp.com\/politicosaldesnudo.com.mx\/wp-content\/uploads\/2026\/08\/7e33f41a-155c-4331-9834-f6b40b230a80.png?fit=1200%2C675&ssl=1&resize=1050%2C600 3x"},"classes":[]}],"jetpack_sharing_enabled":true,"jetpack_featured_media_url":"https:\/\/i0.wp.com\/politicosaldesnudo.com.mx\/wp-content\/uploads\/2026\/01\/GUEBA.jpg?fit=1200%2C801&ssl=1","_links":{"self":[{"href":"https:\/\/politicosaldesnudo.com.mx\/index.php\/wp-json\/wp\/v2\/posts\/77471","targetHints":{"allow":["GET"]}}],"collection":[{"href":"https:\/\/politicosaldesnudo.com.mx\/index.php\/wp-json\/wp\/v2\/posts"}],"about":[{"href":"https:\/\/politicosaldesnudo.com.mx\/index.php\/wp-json\/wp\/v2\/types\/post"}],"author":[{"embeddable":true,"href":"https:\/\/politicosaldesnudo.com.mx\/index.php\/wp-json\/wp\/v2\/users\/4"}],"replies":[{"embeddable":true,"href":"https:\/\/politicosaldesnudo.com.mx\/index.php\/wp-json\/wp\/v2\/comments?post=77471"}],"version-history":[{"count":0,"href":"https:\/\/politicosaldesnudo.com.mx\/index.php\/wp-json\/wp\/v2\/posts\/77471\/revisions"}],"wp:featuredmedia":[{"embeddable":true,"href":"https:\/\/politicosaldesnudo.com.mx\/index.php\/wp-json\/wp\/v2\/media\/77472"}],"wp:attachment":[{"href":"https:\/\/politicosaldesnudo.com.mx\/index.php\/wp-json\/wp\/v2\/media?parent=77471"}],"wp:term":[{"taxonomy":"category","embeddable":true,"href":"https:\/\/politicosaldesnudo.com.mx\/index.php\/wp-json\/wp\/v2\/categories?post=77471"},{"taxonomy":"post_tag","embeddable":true,"href":"https:\/\/politicosaldesnudo.com.mx\/index.php\/wp-json\/wp\/v2\/tags?post=77471"}],"curies":[{"name":"wp","href":"https:\/\/api.w.org\/{rel}","templated":true}]}}