{"id":7763,"date":"2022-07-14T07:53:10","date_gmt":"2022-07-14T12:53:10","guid":{"rendered":"https:\/\/politicosaldesnudo.com.mx\/?p=7763"},"modified":"2022-07-14T07:57:40","modified_gmt":"2022-07-14T12:57:40","slug":"en-ano-electoral-aumenta-violencia-en-brasil-probolsonaro-lula-pide-paz","status":"publish","type":"post","link":"https:\/\/politicosaldesnudo.com.mx\/index.php\/2022\/07\/14\/en-ano-electoral-aumenta-violencia-en-brasil-probolsonaro-lula-pide-paz\/","title":{"rendered":"En a\u00f1o electoral, aumenta violencia en Brasil Pro Bolsonaro, Lula da Silva pide paz"},"content":{"rendered":"<p>&nbsp;<\/p>\n<p class=\"p1\"><span style=\"font-size: 14pt;\"><em><strong>SAO PAULO, Brasil.<\/strong> <\/em><strong>Bajo estrictas medidas de seguridad y con un chaleco antibalas<\/strong>, el expresidente brasile\u00f1o <strong>Luiz In\u00e1cio Lula da Silva<\/strong> asisti\u00f3 a un mitin pol\u00edtico en Brasilia.\u00a0Despu\u00e9s de pasar por un detector de metales, cientos de simpatizantes del Partido de los Trabajadores se reunieron cerca del escenario, donde da <strong>Silva les pidi\u00f3 que permanecieran en paz y evitaran enfrentamientos con los adversarios.<\/strong><\/span><\/p>\n<p class=\"p1\"><span style=\"font-size: 14pt;\">El alegato Lula da Silva de esta semana refleja la creciente preocupaci\u00f3n de pol\u00edticos, autoridades y votantes sobre la campa\u00f1a presidencial de Brasil y las elecciones de octubre.\u00a0<\/span><\/p>\n<p class=\"p1\"><span style=\"font-size: 18pt;\"><strong>Lula da Silva encabeza todas las encuestas para volver al cargo que ocup\u00f3 entre 2003 y 2010, pero el titular de extrema derecha, Jair Bolsonaro, sugiri\u00f3 que es posible que no acepte los resultados, al tiempo que inst\u00f3 a sus aliados a armarse.<\/strong><\/span><\/p>\n<p>&nbsp;<\/p>\n<p><img data-recalc-dims=\"1\" loading=\"lazy\" decoding=\"async\" class=\"aligncenter wp-image-7769 size-large\" src=\"https:\/\/i0.wp.com\/politicosaldesnudo.com.mx\/wp-content\/uploads\/2022\/07\/P-LULA-VIOLENCIA7-1024x573.png?resize=800%2C448&#038;ssl=1\" alt=\"\" width=\"800\" height=\"448\" srcset=\"https:\/\/i0.wp.com\/politicosaldesnudo.com.mx\/wp-content\/uploads\/2022\/07\/P-LULA-VIOLENCIA7.png?resize=1024%2C573&amp;ssl=1 1024w, https:\/\/i0.wp.com\/politicosaldesnudo.com.mx\/wp-content\/uploads\/2022\/07\/P-LULA-VIOLENCIA7.png?resize=300%2C168&amp;ssl=1 300w, https:\/\/i0.wp.com\/politicosaldesnudo.com.mx\/wp-content\/uploads\/2022\/07\/P-LULA-VIOLENCIA7.png?resize=768%2C430&amp;ssl=1 768w, https:\/\/i0.wp.com\/politicosaldesnudo.com.mx\/wp-content\/uploads\/2022\/07\/P-LULA-VIOLENCIA7.png?resize=1536%2C859&amp;ssl=1 1536w, https:\/\/i0.wp.com\/politicosaldesnudo.com.mx\/wp-content\/uploads\/2022\/07\/P-LULA-VIOLENCIA7.png?w=1816&amp;ssl=1 1816w, https:\/\/i0.wp.com\/politicosaldesnudo.com.mx\/wp-content\/uploads\/2022\/07\/P-LULA-VIOLENCIA7.png?w=1600&amp;ssl=1 1600w\" sizes=\"auto, (max-width: 800px) 100vw, 800px\" \/><\/p>\n<p>&nbsp;<\/p>\n<p class=\"p1\"><span style=\"font-size: 18pt;\"><strong>La semana pasada, el juez de la Corte Suprema Edson Fachin, presidente de la corte electoral del pa\u00eds, advirti\u00f3 en una presentaci\u00f3n en Washington, que incidentes peores que la insurrecci\u00f3n del 6 de enero de 2021 en el Capitolio de EU podr\u00edan ocurrir en Brasil este a\u00f1o.\u00a0En julio pasado, el director de la CIA, William Burns, dijo a dos ministros de Bolsonaro\u00a0que el presidente deber\u00eda dejar de atacar el sistema electoral.<\/strong><\/span><\/p>\n<p>&nbsp;<\/p>\n<p class=\"p1\"><span style=\"font-size: 18pt; color: #319eca;\"><strong>ASESINATO PRO BOLSONARO<\/strong><\/span><\/p>\n<p class=\"p1\"><span style=\"font-size: 18pt;\"><strong>Las tensiones electorales aumentaron nuevamente el s\u00e1bado por la noche, cuando Marcelo Arruda, partidario de Lula da Silva y funcionario del Partido de los Trabajadores,\u00a0fue asesinado a tiros\u00a0por un hombre que, seg\u00fan dijeron testigos a la polic\u00eda, hab\u00eda gritado apoyo a Bolsonaro antes de apretar el gatillo.\u00a0<\/strong><\/span><\/p>\n<p><img data-recalc-dims=\"1\" loading=\"lazy\" decoding=\"async\" class=\"aligncenter wp-image-7765 size-large\" src=\"https:\/\/i0.wp.com\/politicosaldesnudo.com.mx\/wp-content\/uploads\/2022\/07\/P-LULA-VIOLENCIA2-1024x573.png?resize=800%2C448&#038;ssl=1\" alt=\"\" width=\"800\" height=\"448\" srcset=\"https:\/\/i0.wp.com\/politicosaldesnudo.com.mx\/wp-content\/uploads\/2022\/07\/P-LULA-VIOLENCIA2.png?resize=1024%2C573&amp;ssl=1 1024w, https:\/\/i0.wp.com\/politicosaldesnudo.com.mx\/wp-content\/uploads\/2022\/07\/P-LULA-VIOLENCIA2.png?resize=300%2C168&amp;ssl=1 300w, https:\/\/i0.wp.com\/politicosaldesnudo.com.mx\/wp-content\/uploads\/2022\/07\/P-LULA-VIOLENCIA2.png?resize=768%2C430&amp;ssl=1 768w, https:\/\/i0.wp.com\/politicosaldesnudo.com.mx\/wp-content\/uploads\/2022\/07\/P-LULA-VIOLENCIA2.png?resize=1536%2C859&amp;ssl=1 1536w, https:\/\/i0.wp.com\/politicosaldesnudo.com.mx\/wp-content\/uploads\/2022\/07\/P-LULA-VIOLENCIA2.png?w=1816&amp;ssl=1 1816w, https:\/\/i0.wp.com\/politicosaldesnudo.com.mx\/wp-content\/uploads\/2022\/07\/P-LULA-VIOLENCIA2.png?w=1600&amp;ssl=1 1600w\" sizes=\"auto, (max-width: 800px) 100vw, 800px\" \/><\/p>\n<p>&nbsp;<\/p>\n<p class=\"p1\"><span style=\"font-size: 18pt;\"><strong>El asesinato de Arruda ocurri\u00f3 en el estado sure\u00f1o de Paran\u00e1, un basti\u00f3n de Bolsonaro.\u00a0Desde entonces, muchas autoridades han expresado su preocupaci\u00f3n por los riesgos de violencia que involucran a los simpatizantes de ambos candidatos.<\/strong><\/span><\/p>\n<p class=\"p1\"><span style=\"font-size: 14pt;\">La investigaci\u00f3n est\u00e1 en curso, pero el asesinato reaviv\u00f3 los temores de violencia pol\u00edtica en la campa\u00f1a electoral, que comienza oficialmente en agosto.<\/span><\/p>\n<blockquote>\n<p class=\"p1\"><span style=\"font-size: 14pt;\">No necesitamos pelear. Nuestra arma es nuestra calma, el amor que tenemos dentro de nosotros, nuestra sed de mejorar la vida de las personas\u201d, dijo Lula da Silva<\/span><\/p>\n<\/blockquote>\n<p>&nbsp;<\/p>\n<blockquote>\n<p class=\"p1\"><span style=\"font-size: 14pt;\">No tenemos que reaccionar a las provocaciones (de los seguidores de Bolsonaro). Si alguien se burla de ti, dile que se muerda. Id a casa y cuidad de vuestras familias. Esa es la lecci\u00f3n que debemos ense\u00f1ar\u201d<\/span><\/p>\n<\/blockquote>\n<p>&nbsp;<\/p>\n<p class=\"p1\"><span style=\"font-size: 18pt; color: #319eca;\"><strong>LULA SIN SEGURIDAD<\/strong><\/span><\/p>\n<p class=\"p1\"><span style=\"font-size: 18pt;\"><strong>Da Silva solo puede contar con seguridad privada hasta que su candidatura sea validada por una convenci\u00f3n del partido, que puede tener lugar hasta el 5 de agosto. Despu\u00e9s de eso, la polic\u00eda federal de Brasil lo proteger\u00e1.<\/strong><\/span><\/p>\n<p><img data-recalc-dims=\"1\" loading=\"lazy\" decoding=\"async\" class=\"aligncenter wp-image-7767 size-large\" src=\"https:\/\/i0.wp.com\/politicosaldesnudo.com.mx\/wp-content\/uploads\/2022\/07\/P-LULA-VIOLENCIA4-1024x573.png?resize=800%2C448&#038;ssl=1\" alt=\"\" width=\"800\" height=\"448\" srcset=\"https:\/\/i0.wp.com\/politicosaldesnudo.com.mx\/wp-content\/uploads\/2022\/07\/P-LULA-VIOLENCIA4.png?resize=1024%2C573&amp;ssl=1 1024w, https:\/\/i0.wp.com\/politicosaldesnudo.com.mx\/wp-content\/uploads\/2022\/07\/P-LULA-VIOLENCIA4.png?resize=300%2C168&amp;ssl=1 300w, https:\/\/i0.wp.com\/politicosaldesnudo.com.mx\/wp-content\/uploads\/2022\/07\/P-LULA-VIOLENCIA4.png?resize=768%2C430&amp;ssl=1 768w, https:\/\/i0.wp.com\/politicosaldesnudo.com.mx\/wp-content\/uploads\/2022\/07\/P-LULA-VIOLENCIA4.png?resize=1536%2C859&amp;ssl=1 1536w, https:\/\/i0.wp.com\/politicosaldesnudo.com.mx\/wp-content\/uploads\/2022\/07\/P-LULA-VIOLENCIA4.png?w=1816&amp;ssl=1 1816w, https:\/\/i0.wp.com\/politicosaldesnudo.com.mx\/wp-content\/uploads\/2022\/07\/P-LULA-VIOLENCIA4.png?w=1600&amp;ssl=1 1600w\" sizes=\"auto, (max-width: 800px) 100vw, 800px\" \/><\/p>\n<p>&nbsp;<\/p>\n<p class=\"p1\"><span style=\"font-size: 18pt;\"><strong>La polic\u00eda federal dijo en un comunicado que 300 oficiales estar\u00e1n entre los que proteger\u00e1n a los candidatos.<\/strong><\/span><\/p>\n<p class=\"p1\"><span style=\"font-size: 14pt;\">El Partido de los Trabajadores ha tomado varias medidas para evitar conflictos entre simpatizantes y garantizar la seguridad del expresidente.\u00a0Antes del mitin en Brasilia, los l\u00edderes del partido publicaron pautas en las que ped\u00edan a los simpatizantes moverse en grupos, traer una camiseta extra de color neutral y evitar conflictos con los adversarios.<\/span><\/p>\n<p>&nbsp;<\/p>\n<p><img data-recalc-dims=\"1\" loading=\"lazy\" decoding=\"async\" class=\"aligncenter wp-image-7766 size-large\" src=\"https:\/\/i0.wp.com\/politicosaldesnudo.com.mx\/wp-content\/uploads\/2022\/07\/P-LULA-VIOLENCIA3-1024x573.png?resize=800%2C448&#038;ssl=1\" alt=\"\" width=\"800\" height=\"448\" srcset=\"https:\/\/i0.wp.com\/politicosaldesnudo.com.mx\/wp-content\/uploads\/2022\/07\/P-LULA-VIOLENCIA3.png?resize=1024%2C573&amp;ssl=1 1024w, https:\/\/i0.wp.com\/politicosaldesnudo.com.mx\/wp-content\/uploads\/2022\/07\/P-LULA-VIOLENCIA3.png?resize=300%2C168&amp;ssl=1 300w, https:\/\/i0.wp.com\/politicosaldesnudo.com.mx\/wp-content\/uploads\/2022\/07\/P-LULA-VIOLENCIA3.png?resize=768%2C430&amp;ssl=1 768w, https:\/\/i0.wp.com\/politicosaldesnudo.com.mx\/wp-content\/uploads\/2022\/07\/P-LULA-VIOLENCIA3.png?resize=1536%2C859&amp;ssl=1 1536w, https:\/\/i0.wp.com\/politicosaldesnudo.com.mx\/wp-content\/uploads\/2022\/07\/P-LULA-VIOLENCIA3.png?w=1816&amp;ssl=1 1816w, https:\/\/i0.wp.com\/politicosaldesnudo.com.mx\/wp-content\/uploads\/2022\/07\/P-LULA-VIOLENCIA3.png?w=1600&amp;ssl=1 1600w\" sizes=\"auto, (max-width: 800px) 100vw, 800px\" \/><\/p>\n<p>&nbsp;<\/p>\n<blockquote>\n<p class=\"p1\"><span style=\"font-size: 14pt;\">No discuta ni ataque a ning\u00fan provocador. Las acciones heroicas pueden causar riesgos innecesarios para usted y sus compa\u00f1eros de apoyo\u201d, dijo el partido.<\/span><\/p>\n<\/blockquote>\n<p class=\"p1\"><span style=\"font-size: 18pt;\"><strong>En las \u00faltimas semanas se han informado incidentes menores contra los partidarios de da Silva.\u00a0El 15 de junio, drones arrojaron l\u00edquido con olor acre sobre izquierdistas que asist\u00edan a un evento en Uberlandia, en el estado de Minas Gerais.\u00a0La semana pasada, un hombre arroj\u00f3 un explosivo rudimentario hecho con fuegos artificiales de peque\u00f1a escala en un mitin de da Silva en R\u00edo de Janeiro.<\/strong><\/span><\/p>\n<p class=\"p1\"><span style=\"font-size: 14pt;\">Ninguno de los incidentes result\u00f3 herido y la polic\u00eda ha realizado arrestos en ambos casos.<\/span><\/p>\n<p><img data-recalc-dims=\"1\" loading=\"lazy\" decoding=\"async\" class=\"aligncenter wp-image-7768 size-large\" src=\"https:\/\/i0.wp.com\/politicosaldesnudo.com.mx\/wp-content\/uploads\/2022\/07\/P-LULA-VIOLENCIA6-1024x573.png?resize=800%2C448&#038;ssl=1\" alt=\"\" width=\"800\" height=\"448\" srcset=\"https:\/\/i0.wp.com\/politicosaldesnudo.com.mx\/wp-content\/uploads\/2022\/07\/P-LULA-VIOLENCIA6.png?resize=1024%2C573&amp;ssl=1 1024w, https:\/\/i0.wp.com\/politicosaldesnudo.com.mx\/wp-content\/uploads\/2022\/07\/P-LULA-VIOLENCIA6.png?resize=300%2C168&amp;ssl=1 300w, https:\/\/i0.wp.com\/politicosaldesnudo.com.mx\/wp-content\/uploads\/2022\/07\/P-LULA-VIOLENCIA6.png?resize=768%2C430&amp;ssl=1 768w, https:\/\/i0.wp.com\/politicosaldesnudo.com.mx\/wp-content\/uploads\/2022\/07\/P-LULA-VIOLENCIA6.png?resize=1536%2C859&amp;ssl=1 1536w, https:\/\/i0.wp.com\/politicosaldesnudo.com.mx\/wp-content\/uploads\/2022\/07\/P-LULA-VIOLENCIA6.png?w=1816&amp;ssl=1 1816w, https:\/\/i0.wp.com\/politicosaldesnudo.com.mx\/wp-content\/uploads\/2022\/07\/P-LULA-VIOLENCIA6.png?w=1600&amp;ssl=1 1600w\" sizes=\"auto, (max-width: 800px) 100vw, 800px\" \/><\/p>\n<p>&nbsp;<\/p>\n<p>&nbsp;<\/p>\n<p>&nbsp;<\/p>\n<p>&nbsp;<\/p>\n","protected":false},"excerpt":{"rendered":"<p>&nbsp; SAO PAULO, Brasil. Bajo estrictas medidas de seguridad y con un chaleco antibalas, el expresidente brasile\u00f1o Luiz In\u00e1cio Lula<\/p>\n","protected":false},"author":4,"featured_media":7764,"comment_status":"closed","ping_status":"closed","sticky":false,"template":"","format":"standard","meta":{"colormag_page_container_layout":"default_layout","colormag_page_sidebar_layout":"default_layout","_jetpack_memberships_contains_paid_content":false,"footnotes":"","jetpack_publicize_message":"","jetpack_publicize_feature_enabled":true,"jetpack_social_post_already_shared":false,"jetpack_social_options":{"image_generator_settings":{"template":"highway","default_image_id":0,"font":"","enabled":false},"version":2}},"categories":[28],"tags":[549,284,282,404,1138,168],"class_list":["post-7763","post","type-post","status-publish","format-standard","has-post-thumbnail","hentry","category-internacional","tag-asesinato","tag-brasil","tag-jair-bolsonaro","tag-lula-da-silva","tag-marcelo-arruda","tag-violencia"],"jetpack_publicize_connections":[],"jetpack_featured_media_url":"https:\/\/i0.wp.com\/politicosaldesnudo.com.mx\/wp-content\/uploads\/2022\/07\/P-LULA-VIOLENCIA1.png?fit=1816%2C1016&ssl=1","jetpack-related-posts":[],"jetpack_sharing_enabled":true,"_links":{"self":[{"href":"https:\/\/politicosaldesnudo.com.mx\/index.php\/wp-json\/wp\/v2\/posts\/7763","targetHints":{"allow":["GET"]}}],"collection":[{"href":"https:\/\/politicosaldesnudo.com.mx\/index.php\/wp-json\/wp\/v2\/posts"}],"about":[{"href":"https:\/\/politicosaldesnudo.com.mx\/index.php\/wp-json\/wp\/v2\/types\/post"}],"author":[{"embeddable":true,"href":"https:\/\/politicosaldesnudo.com.mx\/index.php\/wp-json\/wp\/v2\/users\/4"}],"replies":[{"embeddable":true,"href":"https:\/\/politicosaldesnudo.com.mx\/index.php\/wp-json\/wp\/v2\/comments?post=7763"}],"version-history":[{"count":0,"href":"https:\/\/politicosaldesnudo.com.mx\/index.php\/wp-json\/wp\/v2\/posts\/7763\/revisions"}],"wp:featuredmedia":[{"embeddable":true,"href":"https:\/\/politicosaldesnudo.com.mx\/index.php\/wp-json\/wp\/v2\/media\/7764"}],"wp:attachment":[{"href":"https:\/\/politicosaldesnudo.com.mx\/index.php\/wp-json\/wp\/v2\/media?parent=7763"}],"wp:term":[{"taxonomy":"category","embeddable":true,"href":"https:\/\/politicosaldesnudo.com.mx\/index.php\/wp-json\/wp\/v2\/categories?post=7763"},{"taxonomy":"post_tag","embeddable":true,"href":"https:\/\/politicosaldesnudo.com.mx\/index.php\/wp-json\/wp\/v2\/tags?post=7763"}],"curies":[{"name":"wp","href":"https:\/\/api.w.org\/{rel}","templated":true}]}}