{"id":7776,"date":"2022-07-15T05:41:29","date_gmt":"2022-07-15T10:41:29","guid":{"rendered":"https:\/\/politicosaldesnudo.com.mx\/?p=7776"},"modified":"2022-07-15T05:41:39","modified_gmt":"2022-07-15T10:41:39","slug":"el-negocio-y-el-atraco-de-las-gruas","status":"publish","type":"post","link":"https:\/\/politicosaldesnudo.com.mx\/index.php\/2022\/07\/15\/el-negocio-y-el-atraco-de-las-gruas\/","title":{"rendered":"El negocio y el atraco de las gr\u00faas"},"content":{"rendered":"<p>&nbsp;<\/p>\n<p class=\"p2\"><span style=\"font-size: 18pt;\"><strong>Por Aurelio Contreras Moreno<\/strong><\/span><\/p>\n<p class=\"p2\"><span style=\"font-size: 14pt;\">Siempre que se acerca o llega la quincena en Xalapa, los operativos de compa\u00f1\u00edas privadas de gr\u00faas -en complicidad con la Direcci\u00f3n de Tr\u00e1nsito del Estado- arrasan con los automovilistas en una ciudad con grandes problemas de movilidad, como lo es la capital veracruzana.<\/span><\/p>\n<p class=\"p2\"><span style=\"font-size: 14pt;\">Basta darse una vuelta por las zonas estudiantiles de la ciudad, en especial la Rector\u00eda de la Universidad Veracruzana, o en las que se prestan servicios de salud, como los hospitales y cl\u00ednicas del IMSS y el ISSSTE, el Centro de Especialidades M\u00e9dicas y la Secretar\u00eda de Salud estatal, para ver c\u00f3mo los operadores de las gr\u00faas \u2013siempre acompa\u00f1ados arriba de sus unidades por agentes de Tr\u00e1nsito del Estado- se dan vuelo levantando autom\u00f3viles en lugares en los que no existen se\u00f1alamientos claros sobre d\u00f3nde s\u00ed y d\u00f3nde no es posible estacionarse.<\/span><\/p>\n<p class=\"p2\"><span style=\"font-size: 14pt;\">Particularmente en las zonas hospitalarias, los afectados son pacientes y sus familiares que acuden, evidentemente, a atender cuestiones de salud y que no encuentran en d\u00f3nde dejar cerca los veh\u00edculos en los que les resulta indispensable transportarse, lo que adem\u00e1s de todo termina siendo inhumano, pues no solo cargan con un problema m\u00e9dico y muchas veces est\u00e1n en condiciones precarias, sino que acaban como v\u00edctimas de esa rapi\u00f1a oficialmente consentida.<\/span><\/p>\n<p class=\"p2\"><span style=\"font-size: 14pt;\">Sobran testimonios de afectados por estas pr\u00e1cticas abusivas, que deben pasar por un martirio para recuperar sus veh\u00edculos. Si bien les va, se lo llevaron a un \u201ccorral\u00f3n\u201d dentro de Xalapa \u2013en la colonia Revoluci\u00f3n y en la avenida Am\u00e9ricas, los m\u00e1s socorridos- y la cuota del arrastre no ser\u00e1 tan alta. Si traen una \u201cnube negra\u201d acompa\u00f1\u00e1ndolos ese d\u00eda, su coche fue a dar a un \u201ccorral\u201d en El Lencero y ah\u00ed s\u00ed, habr\u00e1 que perderle \u201ccari\u00f1o\u201d a m\u00e1s de dos mil pesos por todo el \u201cchistecito\u201d.<\/span><\/p>\n<p class=\"p2\"><span style=\"font-size: 14pt;\">El abuso es total. Y adem\u00e1s, solapado por la Direcci\u00f3n de Tr\u00e1nsito del Estado y la Secretar\u00eda de Seguridad P\u00fablica del estado. Sabido es que los agentes \u2013que sin ninguna justificaci\u00f3n andan trepados en gr\u00faas de particulares \u201ccazando\u201d coches- tienen cuotas quincenales de autos asegurados que entregar y, por si fuera poco, reportar que fueron arrastrados por las compa\u00f1\u00edas privadas. Para que a todos les \u201csalpique\u201d el atraco.<\/span><\/p>\n<p class=\"p2\"><span style=\"font-size: 14pt;\">Adicionalmente y para que el cobro sea m\u00e1s alto, en las boletas de infracci\u00f3n se reporta que la falta cometida es \u201cgrave\u201d. Casi equiparando un mal estacionado con un asalto. Por lo que vale la pena cuestionarse, \u00bfqui\u00e9n est\u00e1 detr\u00e1s de estas compa\u00f1\u00edas \u2013Gatsa, Gr\u00faas M\u00e9ndez y Grupo Garrido, por mencionar tres- y con qui\u00e9n se est\u00e1n \u201cmochando\u201d?<\/span><\/p>\n<p class=\"p2\"><span style=\"font-size: 14pt;\">Estos abusos han sido denunciados desde hace tiempo. Pero ninguna autoridad hace caso. Ni el Ayuntamiento de Xalapa \u2013cuya Direcci\u00f3n de Tr\u00e1nsito deber\u00eda regular ese servicio en la ciudad- y mucho menos el gobierno estatal, que a pesar de su discurso ret\u00f3rico e ideologizado, contrario a la privatizaci\u00f3n de servicios que s\u00ed debieran ser p\u00fablicos, este negocio no lo toca ni de chiste.<\/span><\/p>\n<p class=\"p2\"><span style=\"font-size: 14pt;\">\u00bfSer\u00e1 porque hay funcionarios que se est\u00e1n llenando las alforjas con lo que se queda la administraci\u00f3n estatal por concepto de multas, de 400 pesos en promedio por veh\u00edculo? \u00bfTendr\u00e1 algo que ver que una conocida familia xalape\u00f1a propietaria de medios de comunicaci\u00f3n, que siempre fue megapriista hasta que conoci\u00f3 las \u201cbondades\u201d de la \u201ccuarta transformaci\u00f3n \u2013diputaci\u00f3n incluida-, est\u00e1 metida en \u00e9ste y otros \u201cbisnes\u201d, de esos que \u201cya se acabaron\u201d?<\/span><\/p>\n<p class=\"p2\"><span style=\"font-size: 14pt;\">En defensa del \u201cmoche\u201d<\/span><\/p>\n<p class=\"p2\"><span style=\"font-size: 14pt;\">No pod\u00eda ser de otra forma. El gobernador Cuitl\u00e1huac Garc\u00eda le dio un \u201cespaldarazo\u201d a su impresentable procurador ambiental, Sergio Rodr\u00edguez Cort\u00e9s, llev\u00e1ndolo a su conferencia de este jueves en palacio de gobierno para que negara que extorsiona empresarios a cambio de no clausurarles. Ni modo que dijera que s\u00ed.<span class=\"Apple-converted-space\">\u00a0<\/span><\/span><\/p>\n<p class=\"p2\"><span style=\"font-size: 14pt;\">Aunque a un \u201cmoche\u201d de 147 millones de pesos no se le dice que no, \u00bfverdad?<\/span><\/p>\n<p>&nbsp;<\/p>\n<p>&nbsp;<\/p>\n<p class=\"p1\"><span style=\"font-size: 18pt;\"><strong>Correo: <a href=\"mailto:aureliocontreras@gmail.com\">aureliocontreras@gmail.com<\/a><\/strong><\/span><\/p>\n<p class=\"p1\"><span style=\"font-size: 18pt;\"><strong>Twitter: <a href=\"http:\/\/www.twitter.com\/yeyocontreras\">@yeyocontreras<\/a><\/strong><\/span><\/p>\n<p>&nbsp;<\/p>\n<p><span style=\"font-size: 18pt; color: #319eca;\"><em><strong>**Las columnas firmadas en este medio son responsabilidad de quienes las firman**<\/strong><\/em><\/span><\/p>\n<p>&nbsp;<\/p>\n<p>&nbsp;<\/p>\n<p>&nbsp;<\/p>\n<p>&nbsp;<\/p>\n<p>&nbsp;<\/p>\n","protected":false},"excerpt":{"rendered":"<p>&nbsp; Por Aurelio Contreras Moreno Siempre que se acerca o llega la quincena en Xalapa, los operativos de compa\u00f1\u00edas privadas<\/p>\n","protected":false},"author":4,"featured_media":3786,"comment_status":"closed","ping_status":"closed","sticky":false,"template":"","format":"standard","meta":{"colormag_page_container_layout":"default_layout","colormag_page_sidebar_layout":"default_layout","_jetpack_memberships_contains_paid_content":false,"footnotes":"","jetpack_publicize_message":"","jetpack_publicize_feature_enabled":true,"jetpack_social_post_already_shared":false,"jetpack_social_options":{"image_generator_settings":{"template":"highway","default_image_id":0,"font":"","enabled":false},"version":2}},"categories":[26],"tags":[],"class_list":["post-7776","post","type-post","status-publish","format-standard","has-post-thumbnail","hentry","category-columnistas"],"jetpack_publicize_connections":[],"jetpack_featured_media_url":"https:\/\/i0.wp.com\/politicosaldesnudo.com.mx\/wp-content\/uploads\/2022\/04\/AURELIO-CONTRERAS-MORENO.png?fit=1816%2C1016&ssl=1","jetpack-related-posts":[],"jetpack_sharing_enabled":true,"_links":{"self":[{"href":"https:\/\/politicosaldesnudo.com.mx\/index.php\/wp-json\/wp\/v2\/posts\/7776","targetHints":{"allow":["GET"]}}],"collection":[{"href":"https:\/\/politicosaldesnudo.com.mx\/index.php\/wp-json\/wp\/v2\/posts"}],"about":[{"href":"https:\/\/politicosaldesnudo.com.mx\/index.php\/wp-json\/wp\/v2\/types\/post"}],"author":[{"embeddable":true,"href":"https:\/\/politicosaldesnudo.com.mx\/index.php\/wp-json\/wp\/v2\/users\/4"}],"replies":[{"embeddable":true,"href":"https:\/\/politicosaldesnudo.com.mx\/index.php\/wp-json\/wp\/v2\/comments?post=7776"}],"version-history":[{"count":0,"href":"https:\/\/politicosaldesnudo.com.mx\/index.php\/wp-json\/wp\/v2\/posts\/7776\/revisions"}],"wp:featuredmedia":[{"embeddable":true,"href":"https:\/\/politicosaldesnudo.com.mx\/index.php\/wp-json\/wp\/v2\/media\/3786"}],"wp:attachment":[{"href":"https:\/\/politicosaldesnudo.com.mx\/index.php\/wp-json\/wp\/v2\/media?parent=7776"}],"wp:term":[{"taxonomy":"category","embeddable":true,"href":"https:\/\/politicosaldesnudo.com.mx\/index.php\/wp-json\/wp\/v2\/categories?post=7776"},{"taxonomy":"post_tag","embeddable":true,"href":"https:\/\/politicosaldesnudo.com.mx\/index.php\/wp-json\/wp\/v2\/tags?post=7776"}],"curies":[{"name":"wp","href":"https:\/\/api.w.org\/{rel}","templated":true}]}}