{"id":78123,"date":"2026-01-13T00:18:44","date_gmt":"2026-01-13T06:18:44","guid":{"rendered":"https:\/\/politicosaldesnudo.com.mx\/?p=78123"},"modified":"2026-01-12T22:08:03","modified_gmt":"2026-01-13T04:08:03","slug":"delcy-rodriguez-a-trump-aqui-hay-una-presidenta-encargada-pero-un-presidente-rehen-en-eu","status":"publish","type":"post","link":"https:\/\/politicosaldesnudo.com.mx\/index.php\/2026\/01\/13\/delcy-rodriguez-a-trump-aqui-hay-una-presidenta-encargada-pero-un-presidente-rehen-en-eu\/","title":{"rendered":"Delcy Rodr\u00edguez a Trump: \u201caqu\u00ed hay una presidenta encargada pero un presidente reh\u00e9n en EU\u201d"},"content":{"rendered":"<p class=\"nota-justify\" lang=\"es-ES\">La presidenta encargada de Venezuela, Delcy Rodr\u00edguez, respondi\u00f3 este lunes a la publicaci\u00f3n del presidente de Estados Unidos, Donald Trump, una imagen donde se denomina \u201cpresidente interino de Venezuela\u201d. Rodr\u00edguez se refiri\u00f3 a la imagen como \u201ccaricatura de Wikipedia\u201d, y dijo que en Venezuela hay un gobierno con ella como presidenta encargada y tambi\u00e9n record\u00f3 que hay un \u201cpresidente reh\u00e9n\u201d en Estados Unidos, en referencia a Nicol\u00e1s Maduro.<\/p>\n<p class=\"nota-justify\" lang=\"es-VE\">Durante la inauguraci\u00f3n de una escuela en el estado de La Guaira, a prop\u00f3sito de la reanudaci\u00f3n del a\u00f1o escolar, Delcy Rodr\u00edguez hizo tema aparte para ratificar que el pa\u00eds mantiene su soberan\u00eda.<\/p>\n<p class=\"nota-justify\" lang=\"es-ES\">\u201cHe visto por all\u00ed caricaturas de Wikipedia de qui\u00e9n manda en Venezuela; bueno, aqu\u00ed hay un gobierno que manda en Venezuela, aqu\u00ed hay una presidenta encargada y hay un presidente reh\u00e9n en los Estados Unidos\u201d, sentenci\u00f3.<\/p>\n<p class=\"nota-justify\" lang=\"es-ES\">Agreg\u00f3 que el gobierno bolivariano sigue gobernado \u201cjunto al pueblo organizado, junto al poder popular\u201d. Tambi\u00e9n dijo que el pa\u00eds avanza \u201cen relaciones internacionales de respeto, en el marco de la legalidad internacional para reivindicar y proteger los derechos de nuestra amada Venezuela\u201d.<\/p>\n<p class=\"nota-justify\" lang=\"es-VE\"><strong>Relaci\u00f3n con Europa hacia una nueva etapa<\/strong><\/p>\n<p class=\"nota-justify\" lang=\"es-VE\">M\u00e1s tarde, la presidenta encargada, Delcy Rodr\u00edguez, sostuvo un encuentro en el Palacio de Miraflores con los jefes de misi\u00f3n de los pa\u00edses miembros de la Uni\u00f3n Europea, el Reino Unido y la Confederaci\u00f3n Suiza. El canciller, Yv\u00e1n Gil, relat\u00f3 a la salida que la reuni\u00f3n fue \u201cfranca, cordial y amena\u201d y que todos coincidieron \u201cen la necesidad de avanzar en una etapa de relacionamiento productivo, de abrir v\u00edas de di\u00e1logos cada vez m\u00e1s profundas e intensas\u201d.<\/p>\n<p class=\"nota-justify\" lang=\"es-VE\">Agreg\u00f3 que en la reuni\u00f3n se repasaron las relaciones comerciales en materia productiva, econ\u00f3mica, ciencia y tecnolog\u00eda y otros \u00e1mbitos en los que empresas europeas han estado radicadas por mucho tiempo en el pa\u00eds.<\/p>\n<p class=\"nota-justify\" lang=\"es-ES\">\u201cEn el marco del respeto, en el marco de la igualdad de los estados, nosotros estamos dispuestos a avanzar en una agenda nueva, una agenda intensa de trabajo para el bienestar de ambos pueblos\u201d, afirm\u00f3 Gil.<\/p>\n<p class=\"nota-justify\" lang=\"es-ES\">El canciller, Yv\u00e1n Gil, inform\u00f3 m\u00e1s temprano este lunes que durante una llamada telef\u00f3nica con el ministro de Asuntos Exteriores y Cooperaci\u00f3n Internacional de Italia, Antonio Tajani, acordaron elevar el nivel de las misiones diplom\u00e1ticas al rango de embajadores y trabajar en una agenda de trabajo bilateral. Tambi\u00e9n denunci\u00f3 la agresi\u00f3n estadunidense contra Venezuela que tuvo como consecuencia centenares de fallecidos entre civiles y militares, en abierta violaci\u00f3n del derecho internacional y de la Carta de las Naciones Unidas.<\/p>\n","protected":false},"excerpt":{"rendered":"<p>La presidenta encargada de Venezuela, Delcy Rodr\u00edguez, respondi\u00f3 este lunes a la publicaci\u00f3n del presidente de Estados Unidos, Donald Trump,<\/p>\n","protected":false},"author":4,"featured_media":78124,"comment_status":"closed","ping_status":"closed","sticky":false,"template":"","format":"standard","meta":{"colormag_page_container_layout":"default_layout","colormag_page_sidebar_layout":"default_layout","_jetpack_memberships_contains_paid_content":false,"footnotes":"","jetpack_publicize_message":"","jetpack_publicize_feature_enabled":true,"jetpack_social_post_already_shared":true,"jetpack_social_options":{"image_generator_settings":{"template":"highway","default_image_id":0,"font":"","enabled":false},"version":2}},"categories":[28],"tags":[],"class_list":["post-78123","post","type-post","status-publish","format-standard","has-post-thumbnail","hentry","category-internacional"],"jetpack_publicize_connections":[],"jetpack_featured_media_url":"https:\/\/i0.wp.com\/politicosaldesnudo.com.mx\/wp-content\/uploads\/2026\/01\/SISI.jpg?fit=1200%2C741&ssl=1","jetpack-related-posts":[],"jetpack_sharing_enabled":true,"_links":{"self":[{"href":"https:\/\/politicosaldesnudo.com.mx\/index.php\/wp-json\/wp\/v2\/posts\/78123","targetHints":{"allow":["GET"]}}],"collection":[{"href":"https:\/\/politicosaldesnudo.com.mx\/index.php\/wp-json\/wp\/v2\/posts"}],"about":[{"href":"https:\/\/politicosaldesnudo.com.mx\/index.php\/wp-json\/wp\/v2\/types\/post"}],"author":[{"embeddable":true,"href":"https:\/\/politicosaldesnudo.com.mx\/index.php\/wp-json\/wp\/v2\/users\/4"}],"replies":[{"embeddable":true,"href":"https:\/\/politicosaldesnudo.com.mx\/index.php\/wp-json\/wp\/v2\/comments?post=78123"}],"version-history":[{"count":0,"href":"https:\/\/politicosaldesnudo.com.mx\/index.php\/wp-json\/wp\/v2\/posts\/78123\/revisions"}],"wp:featuredmedia":[{"embeddable":true,"href":"https:\/\/politicosaldesnudo.com.mx\/index.php\/wp-json\/wp\/v2\/media\/78124"}],"wp:attachment":[{"href":"https:\/\/politicosaldesnudo.com.mx\/index.php\/wp-json\/wp\/v2\/media?parent=78123"}],"wp:term":[{"taxonomy":"category","embeddable":true,"href":"https:\/\/politicosaldesnudo.com.mx\/index.php\/wp-json\/wp\/v2\/categories?post=78123"},{"taxonomy":"post_tag","embeddable":true,"href":"https:\/\/politicosaldesnudo.com.mx\/index.php\/wp-json\/wp\/v2\/tags?post=78123"}],"curies":[{"name":"wp","href":"https:\/\/api.w.org\/{rel}","templated":true}]}}