{"id":78129,"date":"2026-01-13T00:20:41","date_gmt":"2026-01-13T06:20:41","guid":{"rendered":"https:\/\/politicosaldesnudo.com.mx\/?p=78129"},"modified":"2026-01-12T22:12:00","modified_gmt":"2026-01-13T04:12:00","slug":"trump-considera-realizar-ataques-aereos-contra-iran-tras-asesinato-de-manifestantes","status":"publish","type":"post","link":"https:\/\/politicosaldesnudo.com.mx\/index.php\/2026\/01\/13\/trump-considera-realizar-ataques-aereos-contra-iran-tras-asesinato-de-manifestantes\/","title":{"rendered":"Trump considera realizar ataques a\u00e9reos contra Ir\u00e1n tras asesinato de manifestantes"},"content":{"rendered":"<p class=\"nota-justify\">El presidente de Estados Unidos, Donald Trump, aun considera llevar a cabo ataques a\u00e9reos contra Ir\u00e1n para detener la represi\u00f3n contra los manifestantes, inform\u00f3 este lunes la Casa Blanca.<\/p>\n<p class=\"nota-justify\">La secretaria de prensa, Karoline Leavitt, asegur\u00f3 que sigue a pesar de estar abierto un canal para la diplomacia, y que en conversaciones privadas con el enviado especial de Trump, Steve Witkoff, Ir\u00e1n adopt\u00f3 un \u00abtono muy diferente\u00bb.<\/p>\n<p class=\"nota-justify\">\u00abUna cosa en la que el presidente Trump es muy bueno es en mantener siempre todas sus opciones sobre la mesa. Y los ataques a\u00e9reos ser\u00edan una de las muchas, muchas opciones que est\u00e1n sobre la mesa para el comandante en jefe\u00bb, indic\u00f3 Leavitt a los periodistas.<\/p>\n<p class=\"nota-justify\">Leavitt agreg\u00f3 que la \u00abdiplomacia siempre ser\u00e1 la primera opci\u00f3n del presidente\u00bb. \u00abLo que est\u00e1n oyendo p\u00fablicamente del r\u00e9gimen iran\u00ed es bastante diferente de los mensajes que la administraci\u00f3n est\u00e1 recibiendo en privado, y creo que el presidente tiene inter\u00e9s en explorar esos mensajes\u00bb, explic\u00f3.<\/p>\n<p class=\"nota-justify\">Trump declar\u00f3 el pasado domingo que el ej\u00e9rcito de Estados Unidos estudia \u00abopciones muy fuertes\u00bb contra Ir\u00e1n, al afirmar que \u00abparece\u00bb que Ir\u00e1n cruz\u00f3 una l\u00ednea roja cuando manifestantes fueron asesinados.<\/p>\n<p class=\"nota-justify\">El republicano, adem\u00e1s, afirm\u00f3 que los l\u00edderes iran\u00edes solicitaron una reuni\u00f3n, pero que podr\u00edan \u00abtener que actuar antes\u00bb de un encuentro.<\/p>\n","protected":false},"excerpt":{"rendered":"<p>El presidente de Estados Unidos, Donald Trump, aun considera llevar a cabo ataques a\u00e9reos contra Ir\u00e1n para detener la represi\u00f3n<\/p>\n","protected":false},"author":4,"featured_media":78130,"comment_status":"closed","ping_status":"closed","sticky":false,"template":"","format":"standard","meta":{"colormag_page_container_layout":"default_layout","colormag_page_sidebar_layout":"default_layout","_jetpack_memberships_contains_paid_content":false,"footnotes":"","jetpack_publicize_message":"","jetpack_publicize_feature_enabled":true,"jetpack_social_post_already_shared":true,"jetpack_social_options":{"image_generator_settings":{"template":"highway","default_image_id":0,"font":"","enabled":false},"version":2}},"categories":[28],"tags":[],"class_list":["post-78129","post","type-post","status-publish","format-standard","has-post-thumbnail","hentry","category-internacional"],"jetpack_publicize_connections":[],"jetpack_featured_media_url":"https:\/\/i0.wp.com\/politicosaldesnudo.com.mx\/wp-content\/uploads\/2026\/01\/TERRO.jpg?fit=1200%2C800&ssl=1","jetpack-related-posts":[],"jetpack_sharing_enabled":true,"_links":{"self":[{"href":"https:\/\/politicosaldesnudo.com.mx\/index.php\/wp-json\/wp\/v2\/posts\/78129","targetHints":{"allow":["GET"]}}],"collection":[{"href":"https:\/\/politicosaldesnudo.com.mx\/index.php\/wp-json\/wp\/v2\/posts"}],"about":[{"href":"https:\/\/politicosaldesnudo.com.mx\/index.php\/wp-json\/wp\/v2\/types\/post"}],"author":[{"embeddable":true,"href":"https:\/\/politicosaldesnudo.com.mx\/index.php\/wp-json\/wp\/v2\/users\/4"}],"replies":[{"embeddable":true,"href":"https:\/\/politicosaldesnudo.com.mx\/index.php\/wp-json\/wp\/v2\/comments?post=78129"}],"version-history":[{"count":0,"href":"https:\/\/politicosaldesnudo.com.mx\/index.php\/wp-json\/wp\/v2\/posts\/78129\/revisions"}],"wp:featuredmedia":[{"embeddable":true,"href":"https:\/\/politicosaldesnudo.com.mx\/index.php\/wp-json\/wp\/v2\/media\/78130"}],"wp:attachment":[{"href":"https:\/\/politicosaldesnudo.com.mx\/index.php\/wp-json\/wp\/v2\/media?parent=78129"}],"wp:term":[{"taxonomy":"category","embeddable":true,"href":"https:\/\/politicosaldesnudo.com.mx\/index.php\/wp-json\/wp\/v2\/categories?post=78129"},{"taxonomy":"post_tag","embeddable":true,"href":"https:\/\/politicosaldesnudo.com.mx\/index.php\/wp-json\/wp\/v2\/tags?post=78129"}],"curies":[{"name":"wp","href":"https:\/\/api.w.org\/{rel}","templated":true}]}}