{"id":78293,"date":"2026-01-16T00:12:22","date_gmt":"2026-01-16T06:12:22","guid":{"rendered":"https:\/\/politicosaldesnudo.com.mx\/?p=78293"},"modified":"2026-01-15T23:48:33","modified_gmt":"2026-01-16T05:48:33","slug":"presidente-ejecutivo-de-ford-dice-que-acuerdo-comercial-con-mexico-y-canada-es-crucial-para-la-industria","status":"publish","type":"post","link":"https:\/\/politicosaldesnudo.com.mx\/index.php\/2026\/01\/16\/presidente-ejecutivo-de-ford-dice-que-acuerdo-comercial-con-mexico-y-canada-es-crucial-para-la-industria\/","title":{"rendered":"Presidente ejecutivo de Ford dice que acuerdo comercial con M\u00e9xico y Canad\u00e1 es \u00abcrucial\u00bb para la industria"},"content":{"rendered":"<p class=\"nota-justify\">El director ejecutivo de la automotriz estadunidense Ford, Jim Farley, dijo que un acuerdo de libre comercio en Am\u00e9rica del Norte es necesario para el fabricante de autom\u00f3viles y la industria. Sus declaraciones se hicieron horas despu\u00e9s que el presidente estadunidense Donald Trump calific\u00f3 el acuerdo comercial como \u201cirrelevante\u201d, durante un recorrido por una planta de Ford en Estados Unidos.<\/p>\n<p class=\"nota-justify\">\u201cRealmente vemos a Canad\u00e1, M\u00e9xico y Estados Unidos como un sistema de fabricaci\u00f3n integrado. Y as\u00ed es como abordaremos esta negociaci\u00f3n. Es muy crucial para nosotros, pero necesitamos revisiones\u201d, declar\u00f3 Farley en el marco de un encuentro en el Sal\u00f3n del Autom\u00f3vil de Detroit el martes por la noche, inform\u00f3 la agencia Reuters en su portal de servicio en ingl\u00e9s.<\/p>\n<p class=\"nota-justify\">El acuerdo comercial entre M\u00e9xico, Estados Unidos y Canad\u00e1 (T-MEC) ser\u00e1 revisado este a\u00f1o para decidir si se dejar\u00e1 caducar o se elaborar\u00e1 otro acuerdo.<\/p>\n<p class=\"nota-justify\">El a\u00f1o pasado, Trump impuso aranceles de 25 por ciento a los autom\u00f3viles importados de esos pa\u00edses, aunque tambi\u00e9n permiti\u00f3 soluciones alternativas que redujeron los grav\u00e1menes.<\/p>\n<p class=\"nota-justify\">\u201cPodr\u00edamos tenerlo o no, no me importar\u00eda\u201d, dijo Trump el martes durante un recorrido por una planta de Ford en Detroit, Estados Unidos.<\/p>\n<p class=\"nota-justify\">Bill Ford, presidente ejecutivo de Ford, habl\u00f3 sobre el latigazo regulatorio que enfrent\u00f3 el fabricante de autom\u00f3viles, incluidos los aranceles fluctuantes, la flexibilizaci\u00f3n de las reglas sobre emisiones y la incertidumbre en torno al T-MEC.<\/p>\n<p class=\"nota-justify\">\u201cEs un deporte en el que he participado toda mi carrera. Si tuviera un mundo perfecto, que nunca lo tendr\u00e9, tendr\u00edamos cierta certidumbre en las regulaciones\u201d, coment\u00f3 en declaraciones citadas por Reuters.<\/p>\n<p class=\"nota-justify\">Los l\u00edderes de Ford tambi\u00e9n hablaron sobre asequibilidad, un tema que Trump busc\u00f3 abordar durante su visita a Detroit.<\/p>\n<p class=\"nota-justify\">Bill Ford dijo que la compa\u00f1\u00eda necesita ofrecer m\u00e1s opciones de nivel b\u00e1sico para los consumidores, ya que el precio de transacci\u00f3n promedio de un veh\u00edculo nuevo ha subido a cerca de 50 mil d\u00f3lares, de acuerdo con c\u00e1lculos de analistas.<\/p>\n<p class=\"nota-justify\">\u201cLa asequibilidad es un tema importante, del que hablamos mucho internamente y, de hecho, tenemos muchos planes para abordarlo\u201d, dijo Ford, al citar el lanzamiento por parte del fabricante de autom\u00f3viles de una camioneta el\u00e9ctrica de 30 mil d\u00f3lares en 2027 y se\u00f1alando que se anunciar\u00e1n m\u00e1s soluciones.<\/p>\n<p class=\"nota-justify\">Farley se refiri\u00f3 al tema de la asequibilidad como una de sus principales preocupaciones para 2026. \u201cTodos deber\u00edamos ser muy cuidadosos con la demanda de los consumidores\u201d, dijo.<\/p>\n","protected":false},"excerpt":{"rendered":"<p>El director ejecutivo de la automotriz estadunidense Ford, Jim Farley, dijo que un acuerdo de libre comercio en Am\u00e9rica del<\/p>\n","protected":false},"author":4,"featured_media":78294,"comment_status":"closed","ping_status":"closed","sticky":false,"template":"","format":"standard","meta":{"colormag_page_container_layout":"default_layout","colormag_page_sidebar_layout":"default_layout","_jetpack_memberships_contains_paid_content":false,"footnotes":"","jetpack_publicize_message":"","jetpack_publicize_feature_enabled":true,"jetpack_social_post_already_shared":true,"jetpack_social_options":{"image_generator_settings":{"template":"highway","default_image_id":0,"font":"","enabled":false},"version":2}},"categories":[2050],"tags":[],"class_list":["post-78293","post","type-post","status-publish","format-standard","has-post-thumbnail","hentry","category-economia"],"jetpack_publicize_connections":[],"jetpack_featured_media_url":"https:\/\/i0.wp.com\/politicosaldesnudo.com.mx\/wp-content\/uploads\/2026\/01\/FRD.jpg?fit=1200%2C822&ssl=1","jetpack-related-posts":[],"jetpack_sharing_enabled":true,"_links":{"self":[{"href":"https:\/\/politicosaldesnudo.com.mx\/index.php\/wp-json\/wp\/v2\/posts\/78293","targetHints":{"allow":["GET"]}}],"collection":[{"href":"https:\/\/politicosaldesnudo.com.mx\/index.php\/wp-json\/wp\/v2\/posts"}],"about":[{"href":"https:\/\/politicosaldesnudo.com.mx\/index.php\/wp-json\/wp\/v2\/types\/post"}],"author":[{"embeddable":true,"href":"https:\/\/politicosaldesnudo.com.mx\/index.php\/wp-json\/wp\/v2\/users\/4"}],"replies":[{"embeddable":true,"href":"https:\/\/politicosaldesnudo.com.mx\/index.php\/wp-json\/wp\/v2\/comments?post=78293"}],"version-history":[{"count":0,"href":"https:\/\/politicosaldesnudo.com.mx\/index.php\/wp-json\/wp\/v2\/posts\/78293\/revisions"}],"wp:featuredmedia":[{"embeddable":true,"href":"https:\/\/politicosaldesnudo.com.mx\/index.php\/wp-json\/wp\/v2\/media\/78294"}],"wp:attachment":[{"href":"https:\/\/politicosaldesnudo.com.mx\/index.php\/wp-json\/wp\/v2\/media?parent=78293"}],"wp:term":[{"taxonomy":"category","embeddable":true,"href":"https:\/\/politicosaldesnudo.com.mx\/index.php\/wp-json\/wp\/v2\/categories?post=78293"},{"taxonomy":"post_tag","embeddable":true,"href":"https:\/\/politicosaldesnudo.com.mx\/index.php\/wp-json\/wp\/v2\/tags?post=78293"}],"curies":[{"name":"wp","href":"https:\/\/api.w.org\/{rel}","templated":true}]}}